{"id":446849,"date":"2025-10-08T06:54:11","date_gmt":"2025-10-08T06:54:11","guid":{"rendered":"https:\/\/www.europesays.com\/fr\/446849\/"},"modified":"2025-10-08T06:54:11","modified_gmt":"2025-10-08T06:54:11","slug":"direct-plusieurs-bateaux-de-la-nouvelle-flottille-pour-gaza-interceptes-par-larmee-israelienne","status":"publish","type":"post","link":"https:\/\/www.europesays.com\/fr\/446849\/","title":{"rendered":"DIRECT. Plusieurs bateaux de la nouvelle flottille pour Gaza intercept\u00e9s par l&rsquo;arm\u00e9e isra\u00e9lienne"},"content":{"rendered":"<p>Des bateaux d&rsquo;une nouvelle <a href=\"https:\/\/www.franceinfo.fr\/monde\/proche-orient\/israel-palestine\/flottille-pour-gaza-des-militants-expulses-d-israel-dont-rima-hassan-et-greta-thunberg-denoncent-de-mauvais-traitements_7537222.html\" rel=\"nofollow noopener\" target=\"_blank\">flottille internationale pour Gaza<\/a> ont \u00e9t\u00e9 intercept\u00e9s par l&rsquo;arm\u00e9e isra\u00e9lienne, mercredi 8 octobre, ont annonc\u00e9 le gouvernement isra\u00e9lien et la coalition Global Sumud Flotilla, qui coordonne cette initiative. Le minist\u00e8re des Affaires \u00e9trang\u00e8res isra\u00e9lien a condamn\u00e9 sur X une \u00ab\u00a0tentative futile\u00a0\u00bb de \u00ab\u00a0p\u00e9n\u00e9trer dans une zone de combat\u00a0\u00bb, pr\u00e9cisant que \u00ab\u00a0les navires et les passagers ont \u00e9t\u00e9 transf\u00e9r\u00e9s vers un port isra\u00e9lien\u00a0\u00bb et \u00ab\u00a0devraient \u00eatre expuls\u00e9s rapidement\u00a0\u00bb. La coalition Global Sumud Flotilla a fait \u00e9tat d&rsquo;au moins quatre bateaux intercept\u00e9s. Suivez notre direct.<\/p>\n<p class=\"c-body__bullet\"><strong> La flottille transportait des m\u00e9dicaments et des produits de nutrition.\u00a0<\/strong>Global Sumud Flotilla a fait \u00e9tat sur X de \u00ab\u00a0trois bateaux \u2013 le Gaza Sunbirds, l&rsquo;Alaa Al-Najjar et l&rsquo;Anas Al-Sharif \u2013 intercept\u00e9s \u00e0 220 kilom\u00e8tres au large des c\u00f4tes de Gaza\u00a0\u00bb t\u00f4t mercredi matin. Elle a plus tard rapport\u00e9 que d&rsquo;autres navires, le\u00a0Conscience et le\u00a0Milad, avaient \u00e9t\u00e9 arraisonn\u00e9s. Selon l&rsquo;organisation, les bateaux transportaient pour \u00ab\u00a0110\u00a0000\u00a0dollars d&rsquo;aide sous la forme de m\u00e9dicaments, d&rsquo;\u00e9quipements respiratoires et de produits de nutrition destin\u00e9s aux h\u00f4pitaux de Gaza qui sont \u00e0 court de provisions\u00a0\u00bb.<\/p>\n<p class=\"c-body__bullet\"><strong> Des diplomates envoy\u00e9s en renfort en Egypte.<\/strong> Des hauts responsables am\u00e9ricains, qatariens et turcs doivent rejoindre mercredi en Egypte les n\u00e9gociations indirectes entre le Hamas et Isra\u00ebl visant \u00e0 mettre fin \u00e0 <a href=\"https:\/\/www.franceinfo.fr\/monde\/proche-orient\/israel-palestine\/cartes-des-ecoles-aux-cimetieres-la-bande-de-gaza-ravagee-par-deux-ans-de-guerre-avec-israel_7525150.html\" rel=\"nofollow noopener\" target=\"_blank\">la guerre \u00e0 Gaza<\/a>. Le Premier ministre du Qatar se rend en personne \u00e0 Charm el-Cheikh, o\u00f9 se tiennent les pourparlers. Initialement attendus dimanche en Egypte, l&rsquo;\u00e9missaire de Donald Trump, Steve Witkoff, et le gendre du pr\u00e9sident am\u00e9ricain, Jared Kushner, doivent \u00e9galement arriver mercredi.<\/p>\n<p class=\"c-body__bullet\"> <strong>Le Hamas veut des \u00ab\u00a0garanties\u00a0\u00bb am\u00e9ricaines. <\/strong>Le n\u00e9gociateur en chef du mouvement islamiste palestinien a d\u00e9clar\u00e9 mardi que le groupe souhaitait, pour parvenir \u00e0 un accord, des \u00ab\u00a0garanties\u00a0\u00bb de Donald Trump et des m\u00e9diateurs que la guerre \u00e0 Gaza \u00ab\u00a0finira une fois pour toutes\u00a0\u00bb. \u00ab\u00a0Nous ne faisons pas confiance\u00a0\u00bb \u00e0 Isra\u00ebl, a-t-il expliqu\u00e9 alors que plusieurs points du plan de paix du pr\u00e9sident am\u00e9ricain restent en suspens, notamment le d\u00e9sarmement du Hamas.<\/p>\n","protected":false},"excerpt":{"rendered":"Des bateaux d&rsquo;une nouvelle flottille internationale pour Gaza ont \u00e9t\u00e9 intercept\u00e9s par l&rsquo;arm\u00e9e isra\u00e9lienne, mercredi 8 octobre, ont&hellip;\n","protected":false},"author":2,"featured_media":446850,"comment_status":"","ping_status":"","sticky":false,"template":"","format":"standard","meta":{"footnotes":""},"categories":[1888],"tags":[1111,1928,11,1927,1777,674,1011,27,12,1926,626,1925,25],"class_list":{"0":"post-446849","1":"post","2":"type-post","3":"status-publish","4":"format-standard","5":"has-post-thumbnail","7":"category-paris","8":"tag-actu","9":"tag-actu-paris","10":"tag-actualites","11":"tag-actualites-paris","12":"tag-eu","13":"tag-europe","14":"tag-fr","15":"tag-france","16":"tag-news","17":"tag-news-paris","18":"tag-paris","19":"tag-paris-news","20":"tag-republique-francaise"},"share_on_mastodon":{"url":"https:\/\/pubeurope.com\/@fr\/115337236581551390","error":""},"_links":{"self":[{"href":"https:\/\/www.europesays.com\/fr\/wp-json\/wp\/v2\/posts\/446849","targetHints":{"allow":["GET"]}}],"collection":[{"href":"https:\/\/www.europesays.com\/fr\/wp-json\/wp\/v2\/posts"}],"about":[{"href":"https:\/\/www.europesays.com\/fr\/wp-json\/wp\/v2\/types\/post"}],"author":[{"embeddable":true,"href":"https:\/\/www.europesays.com\/fr\/wp-json\/wp\/v2\/users\/2"}],"replies":[{"embeddable":true,"href":"https:\/\/www.europesays.com\/fr\/wp-json\/wp\/v2\/comments?post=446849"}],"version-history":[{"count":0,"href":"https:\/\/www.europesays.com\/fr\/wp-json\/wp\/v2\/posts\/446849\/revisions"}],"wp:featuredmedia":[{"embeddable":true,"href":"https:\/\/www.europesays.com\/fr\/wp-json\/wp\/v2\/media\/446850"}],"wp:attachment":[{"href":"https:\/\/www.europesays.com\/fr\/wp-json\/wp\/v2\/media?parent=446849"}],"wp:term":[{"taxonomy":"category","embeddable":true,"href":"https:\/\/www.europesays.com\/fr\/wp-json\/wp\/v2\/categories?post=446849"},{"taxonomy":"post_tag","embeddable":true,"href":"https:\/\/www.europesays.com\/fr\/wp-json\/wp\/v2\/tags?post=446849"}],"curies":[{"name":"wp","href":"https:\/\/api.w.org\/{rel}","templated":true}]}}