{"id":446851,"date":"2025-10-08T06:55:10","date_gmt":"2025-10-08T06:55:10","guid":{"rendered":"https:\/\/www.europesays.com\/fr\/446851\/"},"modified":"2025-10-08T06:55:10","modified_gmt":"2025-10-08T06:55:10","slug":"un-lieu-emblematique-du-canal-saint-martin-un-nouveau-concept-store-entre-dj-sets-mode-et-design","status":"publish","type":"post","link":"https:\/\/www.europesays.com\/fr\/446851\/","title":{"rendered":"Un lieu embl\u00e9matique du Canal Saint-Martin un nouveau concept store entre DJ sets, mode et design"},"content":{"rendered":"<p>Imagin\u00e9 par 1922 Studio et Le Comptoir G\u00e9n\u00e9ral, cet espace solaire rend hommage aux ann\u00e9es 70\u201390 \u00e0 travers une sc\u00e9nographie immersive.<\/p>\n<p>De jour, il r\u00e9unit plus de 40 labels ind\u00e9pendants venus du monde entier : v\u00eatements, accessoires, objets design, pi\u00e8ces rares, livres et vinyles. <\/p>\n<p>De nuit, R\u00e9sidence change de visage et devient un terrain de jeu pour artistes, designers et musiciens, entre lives et DJ sets.Une soir\u00e9e d\u2019ouverture en entr\u00e9e libre est pr\u00e9vue le 10 octobre, de 18h \u00e0 2h, dans l\u2019ensemble des espaces du lieu : restaurant, bar, club et jardin.<\/p>\n<p>Toutes les informations sont \u00e0 retrouver sur <a href=\"https:\/\/www.instagram.com\/by.residence\/\" target=\"_blank\" rel=\"nofollow noopener\">le compte Instagram de By\u00a0Residence.<\/a>\u00a0<\/p>\n<p><script async src=\"\/\/www.instagram.com\/embed.js\"><\/script><\/p>\n","protected":false},"excerpt":{"rendered":"Imagin\u00e9 par 1922 Studio et Le Comptoir G\u00e9n\u00e9ral, cet espace solaire rend hommage aux ann\u00e9es 70\u201390 \u00e0 travers&hellip;\n","protected":false},"author":2,"featured_media":446852,"comment_status":"","ping_status":"","sticky":false,"template":"","format":"standard","meta":{"footnotes":""},"categories":[1888],"tags":[1111,1928,11,1927,1777,674,1011,27,12,1926,626,1925,25],"class_list":{"0":"post-446851","1":"post","2":"type-post","3":"status-publish","4":"format-standard","5":"has-post-thumbnail","7":"category-paris","8":"tag-actu","9":"tag-actu-paris","10":"tag-actualites","11":"tag-actualites-paris","12":"tag-eu","13":"tag-europe","14":"tag-fr","15":"tag-france","16":"tag-news","17":"tag-news-paris","18":"tag-paris","19":"tag-paris-news","20":"tag-republique-francaise"},"share_on_mastodon":{"url":"https:\/\/pubeurope.com\/@fr\/115337240549465245","error":""},"_links":{"self":[{"href":"https:\/\/www.europesays.com\/fr\/wp-json\/wp\/v2\/posts\/446851","targetHints":{"allow":["GET"]}}],"collection":[{"href":"https:\/\/www.europesays.com\/fr\/wp-json\/wp\/v2\/posts"}],"about":[{"href":"https:\/\/www.europesays.com\/fr\/wp-json\/wp\/v2\/types\/post"}],"author":[{"embeddable":true,"href":"https:\/\/www.europesays.com\/fr\/wp-json\/wp\/v2\/users\/2"}],"replies":[{"embeddable":true,"href":"https:\/\/www.europesays.com\/fr\/wp-json\/wp\/v2\/comments?post=446851"}],"version-history":[{"count":0,"href":"https:\/\/www.europesays.com\/fr\/wp-json\/wp\/v2\/posts\/446851\/revisions"}],"wp:featuredmedia":[{"embeddable":true,"href":"https:\/\/www.europesays.com\/fr\/wp-json\/wp\/v2\/media\/446852"}],"wp:attachment":[{"href":"https:\/\/www.europesays.com\/fr\/wp-json\/wp\/v2\/media?parent=446851"}],"wp:term":[{"taxonomy":"category","embeddable":true,"href":"https:\/\/www.europesays.com\/fr\/wp-json\/wp\/v2\/categories?post=446851"},{"taxonomy":"post_tag","embeddable":true,"href":"https:\/\/www.europesays.com\/fr\/wp-json\/wp\/v2\/tags?post=446851"}],"curies":[{"name":"wp","href":"https:\/\/api.w.org\/{rel}","templated":true}]}}