{"id":446855,"date":"2025-10-08T06:57:29","date_gmt":"2025-10-08T06:57:29","guid":{"rendered":"https:\/\/www.europesays.com\/fr\/446855\/"},"modified":"2025-10-08T06:57:29","modified_gmt":"2025-10-08T06:57:29","slug":"les-valeurs-a-suivre-a-paris-et-en-europe-08-10-2025-a-0803","status":"publish","type":"post","link":"https:\/\/www.europesays.com\/fr\/446855\/","title":{"rendered":"Les valeurs \u00e0 suivre \u00e0 Paris et en Europe &#8211; 08\/10\/2025 \u00e0 08:03"},"content":{"rendered":"<p>\n * RENAULT<br \/>\n <a href=\"https:\/\/www.boursorama.com\/cours\/1rPRNO\/\" rel=\"nofollow noopener\" target=\"_blank\"><br \/>\n  RENA.PA<br \/>\n <\/a><br \/>\n &#8211; Amp\u00e8re, la filiale v\u00e9hicules \u00e9lectriques (VE) et logiciels de Renault, a confirm\u00e9 mardi ses objectifs de r\u00e9duction de co\u00fbts, au coeur de la strat\u00e9gie de transformation du groupe au losange.\n<\/p>\n<p>\n * AIR LIQUIDE<br \/>\n <a href=\"https:\/\/www.boursorama.com\/cours\/1rPAI\/\" rel=\"nofollow noopener\" target=\"_blank\"><br \/>\n  AIRP.PA<br \/>\n <\/a><br \/>\n a d\u00e9clar\u00e9 mardi avoir conclu de nouveaux accords \u00e0 long-terme pour approvisionner en hydrog\u00e8ne deux des plus grands raffineurs des \u00c9tats-Unis, ajoutant qu&rsquo;il s&rsquo;appuierait sur ses infrastructures existantes avec pr\u00e8s de 50 millions de dollars am\u00e9ricains d&rsquo;investissements cibl\u00e9s.\n<\/p>\n<p>\n * SPIE<br \/>\n <a href=\"https:\/\/www.boursorama.com\/cours\/1rPSPIE\/\" rel=\"nofollow noopener\" target=\"_blank\"><br \/>\n  SPIE.PA<br \/>\n <\/a><br \/>\n a annonc\u00e9 mardi la signature d&rsquo;un accord pour l&rsquo;acquisition d&rsquo;ECOexperts Automation.\n<\/p>\n<p>\n * CREDIT AGRICOLE<br \/>\n <a href=\"https:\/\/www.boursorama.com\/cours\/1rPACA\/\" rel=\"nofollow noopener\" target=\"_blank\"><br \/>\n  CAGR.PA<br \/>\n <\/a><br \/>\n a annonc\u00e9 mardi avoir finalis\u00e9 un partenariat strat\u00e9gique avec Crelan, avec notamment l&rsquo;acquisition par la banque fran\u00e7aise d&rsquo;une participation minoritaire de 9,9% dans le groupe belge.\n<\/p>\n<p>\n * BMW<br \/>\n <a href=\"https:\/\/www.boursorama.com\/cours\/1zBMW\/\" rel=\"nofollow noopener\" target=\"_blank\"><br \/>\n  BMWG.DE<br \/>\n <\/a><br \/>\n &#8211; L&rsquo;action est attendue en repli de 3% \u00e0 l&rsquo;ouverture alors que le constructeur automobile allemand a abaiss\u00e9 mardi sa pr\u00e9vision de b\u00e9n\u00e9fice pour cette ann\u00e9e en raison de la faible croissance en Chine et des droits de douane am\u00e9ricains.\n<\/p>\n<p>\n * AURUBIS<br \/>\n <a href=\"https:\/\/www.boursorama.com\/cours\/1zNDA\/\" rel=\"nofollow noopener\" target=\"_blank\"><br \/>\n  NAFG.DE<br \/>\n <\/a><br \/>\n &#8211; Le plus grand mineur de cuivre d&rsquo;Europe a annonc\u00e9 mercredi s&rsquo;attendre \u00e0 un b\u00e9n\u00e9fice d&rsquo;exploitation avant int\u00e9r\u00eats, imp\u00f4ts, d\u00e9pr\u00e9ciation et amortissement compris entre 580 et 680 millions d&rsquo;euros au cours de l&rsquo;exercice qui a d\u00e9but\u00e9 le 1er octobre, a l&rsquo;occasion de la pr\u00e9sentation de ses nouvelles pr\u00e9visions \u00e0 moyen terme.\n<\/p>\n<p>\n * ABB<br \/>\n <a href=\"https:\/\/www.boursorama.com\/cours\/2aABBN\/\" rel=\"nofollow noopener\" target=\"_blank\"><br \/>\n  ABBN.S<br \/>\n <\/a><br \/>\n &#8211; Le groupe d&rsquo;ing\u00e9nierie suisse a annonc\u00e9 mercredi la cession de sa division robotique \u00e0 SoftBank Group<br \/>\n <a href=\"https:\/\/www.boursorama.com\/cours\/1mTSFT\/\" rel=\"nofollow noopener\" target=\"_blank\"><br \/>\n  9984.T<br \/>\n <\/a><br \/>\n dans le cadre d&rsquo;une op\u00e9ration valorisant l&rsquo;activit\u00e9 \u00e0 5,38 milliards de dollars.\n<\/p>\n<p>\n * MEDIOBANCA<br \/>\n <a href=\"https:\/\/www.boursorama.com\/cours\/1gMB\/\" rel=\"nofollow noopener\" target=\"_blank\"><br \/>\n  MDBI.MI<br \/>\n <\/a><br \/>\n , BANCA MONTE DEI PASCHI (MPS)<br \/>\n <a href=\"https:\/\/www.boursorama.com\/cours\/1gBMPS\/\" rel=\"nofollow noopener\" target=\"_blank\"><br \/>\n  BMPS.MI<br \/>\n <\/a><br \/>\n &#8211; MPS, qui a finalis\u00e9 le rachat de Mediobanca, a soumis une liste de candidats au conseil d&rsquo;administration qui sera soumise au vote des actionnaires le 28 octobre, a annonc\u00e9 mardi la banque milanaise. Comme pr\u00e9vu, cette liste propose Alessandro Melzi d&rsquo;Eril au poste d&rsquo;administrateur d\u00e9l\u00e9gu\u00e9 et Vittorio Grilli \u00e0 la pr\u00e9sidence.\n<\/p>\n<p>\n * LEGRAND<br \/>\n <a href=\"https:\/\/www.boursorama.com\/cours\/1rPLR\/\" rel=\"nofollow noopener\" target=\"_blank\"><br \/>\n  LEGD.PA<br \/>\n <\/a><br \/>\n a annonc\u00e9 mercredi l&rsquo;acquisition pour un montant non d\u00e9voil\u00e9 de la totalit\u00e9 des actions de Cogelec D\u00e9veloppement, qui d\u00e9tient indirectement 60,09% du capital social de Cogelec ALLEC.PA , et le d\u00e9p\u00f4t prochain d&rsquo;une offre publique d&rsquo;achat sur les actions de Cogelec qu&rsquo;elle ne d\u00e9tient pas indirectement, au prix de 29 euros par action.\n<\/p>\n<p>\n (R\u00e9dig\u00e9 par Diana Mandia et Claude Chendjou, \u00e9dit\u00e9 par Blandine H\u00e9nault)<\/p>\n","protected":false},"excerpt":{"rendered":"* RENAULT RENA.PA &#8211; Amp\u00e8re, la filiale v\u00e9hicules \u00e9lectriques (VE) et logiciels de Renault, a confirm\u00e9 mardi ses&hellip;\n","protected":false},"author":2,"featured_media":64038,"comment_status":"","ping_status":"","sticky":false,"template":"","format":"standard","meta":{"footnotes":""},"categories":[1888],"tags":[400,11,398,408,405,1777,674,1011,27,403,402,399,404,12,626,25,401,406,407],"class_list":{"0":"post-446855","1":"post","2":"type-post","3":"status-publish","4":"format-standard","5":"has-post-thumbnail","7":"category-paris","8":"tag-action-cac-40","9":"tag-actualites","10":"tag-bourse-de-paris","11":"tag-boursorama","12":"tag-cotations","13":"tag-eu","14":"tag-europe","15":"tag-fr","16":"tag-france","17":"tag-indices-devises","18":"tag-investir","19":"tag-investissement","20":"tag-marche-boursier","21":"tag-news","22":"tag-paris","23":"tag-republique-francaise","24":"tag-sicav","25":"tag-trackers","26":"tag-warrants"},"share_on_mastodon":{"url":"https:\/\/pubeurope.com\/@fr\/115337248300488990","error":""},"_links":{"self":[{"href":"https:\/\/www.europesays.com\/fr\/wp-json\/wp\/v2\/posts\/446855","targetHints":{"allow":["GET"]}}],"collection":[{"href":"https:\/\/www.europesays.com\/fr\/wp-json\/wp\/v2\/posts"}],"about":[{"href":"https:\/\/www.europesays.com\/fr\/wp-json\/wp\/v2\/types\/post"}],"author":[{"embeddable":true,"href":"https:\/\/www.europesays.com\/fr\/wp-json\/wp\/v2\/users\/2"}],"replies":[{"embeddable":true,"href":"https:\/\/www.europesays.com\/fr\/wp-json\/wp\/v2\/comments?post=446855"}],"version-history":[{"count":0,"href":"https:\/\/www.europesays.com\/fr\/wp-json\/wp\/v2\/posts\/446855\/revisions"}],"wp:featuredmedia":[{"embeddable":true,"href":"https:\/\/www.europesays.com\/fr\/wp-json\/wp\/v2\/media\/64038"}],"wp:attachment":[{"href":"https:\/\/www.europesays.com\/fr\/wp-json\/wp\/v2\/media?parent=446855"}],"wp:term":[{"taxonomy":"category","embeddable":true,"href":"https:\/\/www.europesays.com\/fr\/wp-json\/wp\/v2\/categories?post=446855"},{"taxonomy":"post_tag","embeddable":true,"href":"https:\/\/www.europesays.com\/fr\/wp-json\/wp\/v2\/tags?post=446855"}],"curies":[{"name":"wp","href":"https:\/\/api.w.org\/{rel}","templated":true}]}}