{"id":446867,"date":"2025-10-08T07:05:11","date_gmt":"2025-10-08T07:05:11","guid":{"rendered":"https:\/\/www.europesays.com\/fr\/446867\/"},"modified":"2025-10-08T07:05:11","modified_gmt":"2025-10-08T07:05:11","slug":"charlie-dalin-revele-avoir-remporte-le-vendee-globe-atteint-dun-cancer-si-les-medecins-avaient-eu-des-doutes-je-ny-serais-pas-alle","status":"publish","type":"post","link":"https:\/\/www.europesays.com\/fr\/446867\/","title":{"rendered":"Charlie Dalin r\u00e9v\u00e8le avoir remport\u00e9 le Vend\u00e9e Globe atteint d&rsquo;un cancer: \u00ab\u00a0Si les m\u00e9decins avaient eu des doutes, je n&rsquo;y serais pas all\u00e9\u00a0\u00bb"},"content":{"rendered":"<p><a href=\"https:\/\/www.dhnet.be\/sports\/omnisports\/2025\/01\/14\/charlie-dalin-le-pied-marin-lui-il-ne-parle-pas-jai-essaye-en-mer-il-repond-par-oui-et-par-non-TTGR2DFXEJGL7IDYDY22OZXQNA\/\" target=\"_blank\" rel=\"noopener noreferrer\" class=\"ap-StoryInterstitialLink ap-StoryElement ap-StoryElement--mb\">Charlie Dalin, le pied marin : \u00ab\u00a0Lui, il ne parle pas, j&rsquo;ai essay\u00e9 en mer, il r\u00e9pond par oui et par non\u00a0\u00bb<\/a><\/p>\n<p class=\"ap-StoryElement ap-StoryElement--mb ap-StoryText\">Co\u00e9crit avec le journaliste sp\u00e9cialis\u00e9 Didier Ravon, le livre raconte l&rsquo;incroyable triomphe d&rsquo;un marin, qui fait face en m\u00eame temps \u00e0 un cancer et aux oc\u00e9ans, sur la plus \u00e9prouvante des courses \u00e0 la voile autour du monde.<\/p>\n<p class=\"ap-StoryElement ap-StoryElement--mb ap-StoryText\">Un t\u00e9moignage qu&rsquo;il voit comme un message d&rsquo;espoir, pour montrer \u00ab\u00a0ce que l&rsquo;on peut encore r\u00e9ussir \u00e0 faire, m\u00eame malade\u00a0\u00bb. Aujourd&rsquo;hui, confie-t-il, les signaux m\u00e9dicaux sont \u00ab\u00a0stables\u00a0\u00bb, mais il a \u00ab\u00a0perdu \u00e9norm\u00e9ment de poids\u00a0\u00bb.<\/p>\n<p class=\"ap-StoryElement ap-StoryElement--mb ap-StoryText\">Sa tumeur, un cancer rare, a pris naissance sur la paroi externe de l&rsquo;intestin gr\u00eale. Elle a entra\u00een\u00e9 d&rsquo;importants maux de ventre et l&rsquo;a oblig\u00e9 \u00e0 adapter son alimentation et son sommeil. D&rsquo;habitude, elle survient chez les personnes \u00e2g\u00e9es de 60 ans et plus.<\/p>\n<p class=\"ap-StoryElement ap-StoryElement--mb ap-StoryText\">\u00ab\u00a0Il y a beaucoup de gens qui vivent avec ce genre de maladie. Moi, j&rsquo;ai d\u00e9clar\u00e9 ce truc-l\u00e0 \u00e0 39 ans. Aujourd&rsquo;hui, je ne suis plus en \u00e9tat de faire de la course au large. Ma carri\u00e8re est entre parenth\u00e8ses, en pause&#8230; j&rsquo;esp\u00e8re la plus courte possible\u00a0\u00bb, confie le navigateur rencontr\u00e9 \u00e0 Concarneau, son port d&rsquo;attache d\u00e9sormais.<\/p>\n<p>\u00ab\u00a0Avoir un objectif\u00a0\u00bb<\/p>\n<p class=\"ap-StoryElement ap-StoryElement--mb ap-StoryText\">Depuis le diagnostic, Dalin a assidument pris son traitement quotidien, sur les pontons des Sables-d&rsquo;Olonne comme en plein coeur des cinquanti\u00e8mes hurlants. Il a aussi subi une op\u00e9ration en f\u00e9vrier, quelques semaines apr\u00e8s son retour \u00e0 terre, alors que la tumeur avait progress\u00e9.<\/p>\n<p class=\"ap-StoryElement ap-StoryElement--mb ap-StoryText\">\u00ab\u00a0La date de l&rsquo;op\u00e9ration aurait \u00e9t\u00e9 sensiblement la m\u00eame si je n&rsquo;\u00e9tais pas parti\u00a0\u00bb, dit Dalin, qui a \u00ab\u00a0souvent r\u00e9ussi \u00e0 oublier\u00a0\u00bb la maladie alors qu&rsquo;il naviguait autour du monde.<\/p>\n<p class=\"ap-StoryElement ap-StoryElement--mb ap-StoryText\">Contact\u00e9 par Gallimard avant son d\u00e9part autour du monde pour poser par \u00e9crit ses aventures, il y voit l&rsquo;opportunit\u00e9, une fois revenu \u00e0 terre, de se livrer enfin sur le cancer et s&rsquo;y consacre tout l&rsquo;\u00e9t\u00e9.<\/p>\n<p class=\"ap-StoryElement ap-StoryElement--mb ap-StoryText\">\u00ab\u00a0Si \u00e7a sert \u00e0 des gens qui traversent ce genre de choses, m\u00eame quatre personnes, \u00e7a serait super\u00a0\u00bb, estime le navigateur, qui ne veut pas faire de son cas pr\u00e9cis \u00ab\u00a0une g\u00e9n\u00e9ralit\u00e9\u00a0\u00bb.<\/p>\n<p><a href=\"https:\/\/www.dhnet.be\/sports\/2025\/01\/14\/vendee-globe-charlie-dalin-remporte-le-vendee-globe-en-un-temps-record-OEYBY4HUZRBM7BVHH5Y44KBYSY\/\" target=\"_blank\" rel=\"noopener noreferrer\" class=\"ap-StoryInterstitialLink ap-StoryElement ap-StoryElement--mb\">Vend\u00e9e Globe: Charlie Dalin remporte la course en un temps record<\/a><\/p>\n<p class=\"ap-StoryElement ap-StoryElement--mb ap-StoryText\">\u00ab\u00a0Chaque cancer est diff\u00e9rent. Il y a une part de mental et il y a une part que tu ne peux pas ma\u00eetriser. J&rsquo;ai pu m&rsquo;adapter car c&rsquo;\u00e9tait un traitement simple auquel mon corps a bien r\u00e9agi. Cette r\u00e9alit\u00e9 n&rsquo;est pas la m\u00eame pour tout le monde\u00a0\u00bb, dit-il.<\/p>\n<p class=\"ap-StoryElement ap-StoryElement--mb ap-StoryText\">Quelques semaines apr\u00e8s son retour \u00e0 terre, Dalin luttait pour marcher \u00e0 cause de l&rsquo;op\u00e9ration. \u00ab\u00a0Mais peu importe que \u00e7a soit un Vend\u00e9e Globe ou des tours de service \u00e0 pied, l&rsquo;important c&rsquo;est d&rsquo;avoir un objectif\u00a0\u00bb, estime-t-il.<\/p>\n<p class=\"ap-StoryElement ap-StoryElement--mb ap-StoryText\">D\u00e9but septembre, le navigateur normand a pu refaire une sortie technique sur l&rsquo;Imoca Macif, confi\u00e9 temporairement au navigateur britannique Sam Goodchild pour les courses de l&rsquo;ann\u00e9e.<\/p>\n<p class=\"ap-StoryElement ap-StoryElement--mb ap-StoryText\">A l&rsquo;issue de cette saison, l&rsquo;avenir sportif du projet est pour l&rsquo;instant ind\u00e9termin\u00e9. Le marin estime qu&rsquo;un exercice aussi lointain et \u00e9prouvant que le tour du monde n&rsquo;est plus r\u00e9aliste \u00e0 envisager pour lui.<\/p>\n<p class=\"ap-StoryElement ap-StoryElement--mb ap-StoryText\">\u00ab\u00a0Le prochain Vend\u00e9e Globe, ce n&rsquo;est pas possible dans mon cas et dans l&rsquo;\u00e9tat actuel de la science, mais je garde espoir de revenir un jour, peut-\u00eatre sur des transatlantiques\u00a0\u00bb, glisse-t-il, d\u00e9termin\u00e9.<\/p>\n","protected":false},"excerpt":{"rendered":"Charlie Dalin, le pied marin : \u00ab\u00a0Lui, il ne parle pas, j&rsquo;ai essay\u00e9 en mer, il r\u00e9pond par&hellip;\n","protected":false},"author":2,"featured_media":446868,"comment_status":"","ping_status":"","sticky":false,"template":"","format":"standard","meta":{"footnotes":""},"categories":[1586],"tags":[11,57230,1777,674,1779,1011,27,12,25,1778,364,10887],"class_list":{"0":"post-446867","1":"post","2":"type-post","3":"status-publish","4":"format-standard","5":"has-post-thumbnail","7":"category-europe","8":"tag-actualites","9":"tag-charlie-dalin","10":"tag-eu","11":"tag-europe","12":"tag-european-union","13":"tag-fr","14":"tag-france","15":"tag-news","16":"tag-republique-francaise","17":"tag-ue","18":"tag-union-europeenne","19":"tag-voile"},"share_on_mastodon":{"url":"https:\/\/pubeurope.com\/@fr\/115337279825458373","error":""},"_links":{"self":[{"href":"https:\/\/www.europesays.com\/fr\/wp-json\/wp\/v2\/posts\/446867","targetHints":{"allow":["GET"]}}],"collection":[{"href":"https:\/\/www.europesays.com\/fr\/wp-json\/wp\/v2\/posts"}],"about":[{"href":"https:\/\/www.europesays.com\/fr\/wp-json\/wp\/v2\/types\/post"}],"author":[{"embeddable":true,"href":"https:\/\/www.europesays.com\/fr\/wp-json\/wp\/v2\/users\/2"}],"replies":[{"embeddable":true,"href":"https:\/\/www.europesays.com\/fr\/wp-json\/wp\/v2\/comments?post=446867"}],"version-history":[{"count":0,"href":"https:\/\/www.europesays.com\/fr\/wp-json\/wp\/v2\/posts\/446867\/revisions"}],"wp:featuredmedia":[{"embeddable":true,"href":"https:\/\/www.europesays.com\/fr\/wp-json\/wp\/v2\/media\/446868"}],"wp:attachment":[{"href":"https:\/\/www.europesays.com\/fr\/wp-json\/wp\/v2\/media?parent=446867"}],"wp:term":[{"taxonomy":"category","embeddable":true,"href":"https:\/\/www.europesays.com\/fr\/wp-json\/wp\/v2\/categories?post=446867"},{"taxonomy":"post_tag","embeddable":true,"href":"https:\/\/www.europesays.com\/fr\/wp-json\/wp\/v2\/tags?post=446867"}],"curies":[{"name":"wp","href":"https:\/\/api.w.org\/{rel}","templated":true}]}}