{"id":446890,"date":"2025-10-08T07:20:12","date_gmt":"2025-10-08T07:20:12","guid":{"rendered":"https:\/\/www.europesays.com\/fr\/446890\/"},"modified":"2025-10-08T07:20:12","modified_gmt":"2025-10-08T07:20:12","slug":"36-mois-ou-le-journal-de-bord-poetique-dun-eveil-au-monde-liberation","status":"publish","type":"post","link":"https:\/\/www.europesays.com\/fr\/446890\/","title":{"rendered":"\u00ab36 mois\u00bb, ou le journal de bord po\u00e9tique d\u2019un \u00e9veil au monde \u2013 Lib\u00e9ration"},"content":{"rendered":"<p class=\"sc-cPiKLX AiZTS text-element\">C\u2019est l\u2019\u00e9mouvante inclinaison d\u2019une t\u00eate, doucement pos\u00e9e dans le giron maternel. C\u2019est le visage serein d\u2019un nourrisson de deux mois, petit corps endormi dans une barboteuse. C\u2019est le regard d\u2019un b\u00e9b\u00e9 dans son landau, subitement attir\u00e9 par le bruit des feuilles des arbres du parc d\u2019\u00e0 c\u00f4t\u00e9. C\u2019est la t\u00e9tine d\u2019un biberon que l\u2019on mordille, un regard que l\u2019on cherche, le premier tour de man\u00e8ge. <\/p>\n<p class=\"sc-cPiKLX AiZTS text-element\">En une s\u00e9rie d\u2019aquarelles simples et tendres, \u00e0 la mani\u00e8re d\u2019un almanach reliant \u00e2ges de la vie et phases de la nature \u2013 moelleux des nuages en octobre, feuilles rougies en novembre, cerisiers charnus en juin \u2013 <a href=\"https:\/\/www.liberation.fr\/societe\/julia-spiers-collectionneuse-de-couverts-en-plastique-jaime-les-sortir-les-aligner-les-comparer-20210828_IWBSMZNHZFC5VPSYNSPQ7TA6SU\/?redirected=1\" target=\"_blank\" rel=\"noopener\" title=\"https:\/\/www.liberation.fr\/societe\/julia-spiers-collectionneuse-de-couverts-en-plastique-jaime-les-sortir-les-aligner-les-comparer-20210828_IWBSMZNHZFC5VPSYNSPQ7TA6SU\/?redirected=1\">l\u2019illustratrice Julia Spiers<\/a> saisit la quintessence de ces trois premi\u00e8res ann\u00e9es de vie pour ce qu\u2019elles sont, au fond : des moments infraordinaires d\u2019\u00e9veil sensoriel, quasi m\u00e9taphysiques. On avait peut-\u00eatre oubli\u00e9 la douce animalit\u00e9 de ces moments-l\u00e0, un peu suspendus ; on les retrouve avec \u00e9motion, et on songe \u00e0 ce passage de Marie Darrieussecq dans le B\u00e9b\u00e9 (P.O.L, 2002) : \u00abje suis descendue dans ce bain de lait, j\u2019ai clapot\u00e9, flott\u00e9, je me suis saoul\u00e9e de ce temps <\/p>\n","protected":false},"excerpt":{"rendered":"C\u2019est l\u2019\u00e9mouvante inclinaison d\u2019une t\u00eate, doucement pos\u00e9e dans le giron maternel. C\u2019est le visage serein d\u2019un nourrisson de&hellip;\n","protected":false},"author":2,"featured_media":446891,"comment_status":"","ping_status":"","sticky":false,"template":"","format":"standard","meta":{"footnotes":""},"categories":[1357],"tags":[1379,10488,58,59,1011,27,1380,51780],"class_list":{"0":"post-446890","1":"post","2":"type-post","3":"status-publish","4":"format-standard","5":"has-post-thumbnail","7":"category-livres","8":"tag-books","9":"tag-cahier-livres","10":"tag-divertissement","11":"tag-entertainment","12":"tag-fr","13":"tag-france","14":"tag-livres","15":"tag-pages-jeunes"},"share_on_mastodon":{"url":"https:\/\/pubeurope.com\/@fr\/115337338923160614","error":""},"_links":{"self":[{"href":"https:\/\/www.europesays.com\/fr\/wp-json\/wp\/v2\/posts\/446890","targetHints":{"allow":["GET"]}}],"collection":[{"href":"https:\/\/www.europesays.com\/fr\/wp-json\/wp\/v2\/posts"}],"about":[{"href":"https:\/\/www.europesays.com\/fr\/wp-json\/wp\/v2\/types\/post"}],"author":[{"embeddable":true,"href":"https:\/\/www.europesays.com\/fr\/wp-json\/wp\/v2\/users\/2"}],"replies":[{"embeddable":true,"href":"https:\/\/www.europesays.com\/fr\/wp-json\/wp\/v2\/comments?post=446890"}],"version-history":[{"count":0,"href":"https:\/\/www.europesays.com\/fr\/wp-json\/wp\/v2\/posts\/446890\/revisions"}],"wp:featuredmedia":[{"embeddable":true,"href":"https:\/\/www.europesays.com\/fr\/wp-json\/wp\/v2\/media\/446891"}],"wp:attachment":[{"href":"https:\/\/www.europesays.com\/fr\/wp-json\/wp\/v2\/media?parent=446890"}],"wp:term":[{"taxonomy":"category","embeddable":true,"href":"https:\/\/www.europesays.com\/fr\/wp-json\/wp\/v2\/categories?post=446890"},{"taxonomy":"post_tag","embeddable":true,"href":"https:\/\/www.europesays.com\/fr\/wp-json\/wp\/v2\/tags?post=446890"}],"curies":[{"name":"wp","href":"https:\/\/api.w.org\/{rel}","templated":true}]}}