{"id":446908,"date":"2025-10-08T07:29:10","date_gmt":"2025-10-08T07:29:10","guid":{"rendered":"https:\/\/www.europesays.com\/fr\/446908\/"},"modified":"2025-10-08T07:29:10","modified_gmt":"2025-10-08T07:29:10","slug":"au-moins-trois-bateaux-dune-nouvelle-flottille-interceptes-par-larmee-israelienne","status":"publish","type":"post","link":"https:\/\/www.europesays.com\/fr\/446908\/","title":{"rendered":"\u00abAu moins trois\u00bb bateaux d\u2019une nouvelle flottille intercept\u00e9s par l\u2019arm\u00e9e isra\u00e9lienne"},"content":{"rendered":"<p>Des bateaux d\u2019une nouvelle flottille internationale pour Gaza ont \u00e9t\u00e9 intercept\u00e9s mercredi matin au large du territoire par l\u2019arm\u00e9e isra\u00e9lienne.<\/p>\n<p class=\"fig-paragraph\">Des bateaux d\u2019une nouvelle\u00a0<a href=\"http:\/\/www.lefigaro.fr\/international\/ce-soir-c-est-la-derniere-nuit-la-flottille-pour-gaza-poursuit-sa-route-malgre-la-presence-de-navires-israeliens-20251001\" target=\"_blank\" data-fig-type=\"NewsFlash\" rel=\"noopener\" data-gtm-custom-categorie=\"navigation\" data-gtm-custom-action=\"crossclick\" data-gtm-custom-label=\"Contextuel\" data-gtm-event=\"customEventSPE\" data-fig-domain=\"LEFIGARO\">flottille internationale pour Gaza<\/a>\u00a0ont \u00e9t\u00e9 intercept\u00e9s mercredi matin au large du territoire par l\u2019arm\u00e9e isra\u00e9lienne, ont annonc\u00e9 l\u2019arm\u00e9e isra\u00e9lienne et la coalition Global Sumud Flotilla, qui coordonne cette initiative.<\/p>\n<p class=\"fig-paragraph\">Le minist\u00e8re des Affaires \u00e9trang\u00e8res isra\u00e9lien a condamn\u00e9 sur X une \u00abtentative futile\u00bb de \u00abp\u00e9n\u00e9trer dans une zone de combat\u00bb, pr\u00e9cisant que \u00ables navires et les passagers ont \u00e9t\u00e9 transf\u00e9r\u00e9s vers un port isra\u00e9lien\u00bb et \u00abdevraient \u00eatre expuls\u00e9s rapidement\u00bb.<\/p>\n<p>                                    <a class=\"fig-a11y-skip a11y-hidden\" href=\"#fig-a11y-skip-main-inarticle\"><br \/>\n        Passer la publicit\u00e9<br \/>\n    <\/a><\/p>\n<p class=\"fig-paragraph\">La coalition Global Sumud Flotilla a fait \u00e9tat d\u2019\u00abau moins trois\u00bb bateaux intercept\u00e9s et affirme que les bateaux transportaient pour \u00ab110.000 dollars d\u2019aide sous la forme de m\u00e9dicaments, d\u2019\u00e9quipements respiratoires et de produits de nutrition destin\u00e9s aux h\u00f4pitaux de Gaza qui sont \u00e0 court de provisions\u00bb.<\/p>\n<p class=\"fig-paragraph\">Plusieurs militants d\u2019une pr\u00e9c\u00e9dente flottille pour Gaza, dont la Su\u00e9doise Greta Thunberg, ont \u00e9t\u00e9 expuls\u00e9s lundi par Isra\u00ebl apr\u00e8s avoir subi selon eux de mauvais traitements apr\u00e8s l\u2019arraisonnement en mer de leur convoi par la marine isra\u00e9lienne.<\/p>\n<p class=\"fig-paragraph\">Cette flottille avait pour objectif de rompre le blocus impos\u00e9 par Isra\u00ebl \u00e0 la bande de Gaza, d\u00e9vast\u00e9e par la guerre, et de livrer de l\u2019aide humanitaire au territoire palestinien. Elle \u00e9tait constitu\u00e9e d\u2019une cinquantaine de bateaux.<\/p>\n","protected":false},"excerpt":{"rendered":"Des bateaux d\u2019une nouvelle flottille internationale pour Gaza ont \u00e9t\u00e9 intercept\u00e9s mercredi matin au large du territoire par&hellip;\n","protected":false},"author":2,"featured_media":446909,"comment_status":"","ping_status":"","sticky":false,"template":"","format":"standard","meta":{"footnotes":""},"categories":[5],"tags":[11,3259,1011,27,665,14,12,28],"class_list":{"0":"post-446908","1":"post","2":"type-post","3":"status-publish","4":"format-standard","5":"has-post-thumbnail","7":"category-international","8":"tag-actualites","9":"tag-conflit-israelo-palestinien","10":"tag-fr","11":"tag-france","12":"tag-gaza","13":"tag-international","14":"tag-news","15":"tag-world"},"share_on_mastodon":{"url":"https:\/\/pubeurope.com\/@fr\/115337374248380572","error":""},"_links":{"self":[{"href":"https:\/\/www.europesays.com\/fr\/wp-json\/wp\/v2\/posts\/446908","targetHints":{"allow":["GET"]}}],"collection":[{"href":"https:\/\/www.europesays.com\/fr\/wp-json\/wp\/v2\/posts"}],"about":[{"href":"https:\/\/www.europesays.com\/fr\/wp-json\/wp\/v2\/types\/post"}],"author":[{"embeddable":true,"href":"https:\/\/www.europesays.com\/fr\/wp-json\/wp\/v2\/users\/2"}],"replies":[{"embeddable":true,"href":"https:\/\/www.europesays.com\/fr\/wp-json\/wp\/v2\/comments?post=446908"}],"version-history":[{"count":0,"href":"https:\/\/www.europesays.com\/fr\/wp-json\/wp\/v2\/posts\/446908\/revisions"}],"wp:featuredmedia":[{"embeddable":true,"href":"https:\/\/www.europesays.com\/fr\/wp-json\/wp\/v2\/media\/446909"}],"wp:attachment":[{"href":"https:\/\/www.europesays.com\/fr\/wp-json\/wp\/v2\/media?parent=446908"}],"wp:term":[{"taxonomy":"category","embeddable":true,"href":"https:\/\/www.europesays.com\/fr\/wp-json\/wp\/v2\/categories?post=446908"},{"taxonomy":"post_tag","embeddable":true,"href":"https:\/\/www.europesays.com\/fr\/wp-json\/wp\/v2\/tags?post=446908"}],"curies":[{"name":"wp","href":"https:\/\/api.w.org\/{rel}","templated":true}]}}