{"id":446912,"date":"2025-10-08T07:32:12","date_gmt":"2025-10-08T07:32:12","guid":{"rendered":"https:\/\/www.europesays.com\/fr\/446912\/"},"modified":"2025-10-08T07:32:12","modified_gmt":"2025-10-08T07:32:12","slug":"un-accident-et-des-kilometres-de-bouchons-sur-la-rn88","status":"publish","type":"post","link":"https:\/\/www.europesays.com\/fr\/446912\/","title":{"rendered":"un accident et des kilom\u00e8tres de bouchons sur la RN88"},"content":{"rendered":"<p>Patience, si vous \u00eates sur la route ce mercredi matin. Un accident provoque un fort ralentissement sur la RN88 dans le sens Firminy\/Lyon, entre Le Chambon-Feugerolles et la Varizelle.\u00a0<\/p>\n<p>Selon Bison f\u00fbt\u00e9, quatre v\u00e9hicules seraient impliqu\u00e9s dans cet accident qui s&rsquo;est produit non loin du radar de Terrenoire. L&rsquo;incident empi\u00e8te sur la bande d&rsquo;arr\u00eat d&rsquo;urgence.<\/p>\n<p>\u00c0 8 heures, le bouchon s&rsquo;\u00e9tendait sur 11 kilom\u00e8tres. Il aura ensuite fallu plus d&rsquo;une heure pour r\u00e9sorber l&#8217;embouteillage. <\/p>\n","protected":false},"excerpt":{"rendered":"Patience, si vous \u00eates sur la route ce mercredi matin. Un accident provoque un fort ralentissement sur la&hellip;\n","protected":false},"author":2,"featured_media":446913,"comment_status":"","ping_status":"","sticky":false,"template":"","format":"standard","meta":{"footnotes":""},"categories":[9653],"tags":[119,1111,11,2430,7539,1777,674,107,1011,27,3367,12,25,4001,1097],"class_list":{"0":"post-446912","1":"post","2":"type-post","3":"status-publish","4":"format-standard","5":"has-post-thumbnail","7":"category-saint-etienne","8":"tag-accident","9":"tag-actu","10":"tag-actualites","11":"tag-auvergne-rhone-alpes","12":"tag-edition-loire-sud","13":"tag-eu","14":"tag-europe","15":"tag-fil-info","16":"tag-fr","17":"tag-france","18":"tag-loire","19":"tag-news","20":"tag-republique-francaise","21":"tag-saint-etienne","22":"tag-trafic"},"share_on_mastodon":{"url":"https:\/\/pubeurope.com\/@fr\/115337386075954953","error":""},"_links":{"self":[{"href":"https:\/\/www.europesays.com\/fr\/wp-json\/wp\/v2\/posts\/446912","targetHints":{"allow":["GET"]}}],"collection":[{"href":"https:\/\/www.europesays.com\/fr\/wp-json\/wp\/v2\/posts"}],"about":[{"href":"https:\/\/www.europesays.com\/fr\/wp-json\/wp\/v2\/types\/post"}],"author":[{"embeddable":true,"href":"https:\/\/www.europesays.com\/fr\/wp-json\/wp\/v2\/users\/2"}],"replies":[{"embeddable":true,"href":"https:\/\/www.europesays.com\/fr\/wp-json\/wp\/v2\/comments?post=446912"}],"version-history":[{"count":0,"href":"https:\/\/www.europesays.com\/fr\/wp-json\/wp\/v2\/posts\/446912\/revisions"}],"wp:featuredmedia":[{"embeddable":true,"href":"https:\/\/www.europesays.com\/fr\/wp-json\/wp\/v2\/media\/446913"}],"wp:attachment":[{"href":"https:\/\/www.europesays.com\/fr\/wp-json\/wp\/v2\/media?parent=446912"}],"wp:term":[{"taxonomy":"category","embeddable":true,"href":"https:\/\/www.europesays.com\/fr\/wp-json\/wp\/v2\/categories?post=446912"},{"taxonomy":"post_tag","embeddable":true,"href":"https:\/\/www.europesays.com\/fr\/wp-json\/wp\/v2\/tags?post=446912"}],"curies":[{"name":"wp","href":"https:\/\/api.w.org\/{rel}","templated":true}]}}