{"id":446942,"date":"2025-10-08T07:48:13","date_gmt":"2025-10-08T07:48:13","guid":{"rendered":"https:\/\/www.europesays.com\/fr\/446942\/"},"modified":"2025-10-08T07:48:13","modified_gmt":"2025-10-08T07:48:13","slug":"jerome-basti-va-affronter-le-maire-sortant-de-tourrette-levens-bertrand-gasiglia-aux-municipales-de-2026","status":"publish","type":"post","link":"https:\/\/www.europesays.com\/fr\/446942\/","title":{"rendered":"J\u00e9r\u00f4me Basti va affronter le maire sortant de Tourrette-Levens Bertrand Gasiglia aux municipales de 2026"},"content":{"rendered":"<p class=\"fs-5 \">J\u00e9r\u00f4me Basti a d\u00e9j\u00e0 tent\u00e9 l\u2019aventure en 2020 : il va s\u2019y recoller en mars prochain. Le Tourrettan d\u2019adoption, \u00e9lu d\u2019opposition, est candidat aux municipales. \u00ab En mars 2026, notre commune sera \u00e0 un tournant d\u00e9cisif. Les Tourrettans auront le choix, poursuivre dans l\u2019immobilisme ou avoir l\u2019audace de b\u00e2tir ensemble un avenir meilleur \u00bb, explique-t-il. Vis\u00e9 : Bertrand Gasiglia, \u00e0 la t\u00eate de la commune depuis un peu plus de 5 ans, dauphin d\u2019Alain Fr\u00e8re, maire de Tourrette-Levens de 1983 \u00e0 2020 quand il en \u00e9tait le Premier adjoint.<\/p>\n<p class=\"fs-5 \">Lors des derni\u00e8res municipales, J\u00e9r\u00f4me Basti avait obtenu 29,22 % contre 70,78 % \u00e0 son concurrent Bertrand Gasiglia, proche d\u2019\u00c9ric Ciotti.<\/p>\n<p>                                                                                Un constat financier \u00ab alarmant \u00bb<\/p>\n<p class=\"fs-5 \">\u00ab Depuis 2020, j\u2019exerce mon mandat d\u2019\u00e9lu d\u2019opposition avec s\u00e9rieux et d\u00e9termination, aux c\u00f4t\u00e9s de trois conseillers municipaux engag\u00e9s. Ensemble, nous avons travaill\u00e9, propos\u00e9, alert\u00e9, toujours guid\u00e9s par une seule conviction : servir notre commune et d\u00e9fendre l\u2019int\u00e9r\u00eat des Tourrettans \u00bb, avance J\u00e9r\u00f4me Basti, 44 ans. Qui d\u00e9plore : \u00ab Mais nos alertes sont rest\u00e9es vaines \u00bb. Il dresse un constat financier qu\u2019il d\u00e9crit \u00ab alarmant \u00bb : \u00ab La r\u00e9serve financi\u00e8re est pass\u00e9e de 2,2 millions d\u2019euros \u00e0 156 000 euros, la dette par habitant a augment\u00e9 de 75 % \u00bb. Et, jure-t-il, des projets stagnent : \u00ab La maison de sant\u00e9 est \u00e0 l\u2019arr\u00eat depuis 2020, nos associations manquent de moyens, notre \u00e9conomie locale s\u2019essouffle \u00bb.<\/p>\n<p>                                                                                Sans \u00e9tiquette<\/p>\n<p class=\"fs-5 \">J\u00e9r\u00f4me Basti encha\u00eene : \u00ab Depuis six ans, j\u2019ai pris le temps d\u2019\u00e9couter les Tourrettans, de comprendre leurs pr\u00e9occupations et leurs aspirations. Ce travail de terrain m\u2019a convaincu d\u2019une chose : Tourrette-Levens m\u00e9rite mieux ! \u00bb.<\/p>\n<p class=\"fs-5 \">S\u2019il est \u00e9lu dans six mois, il lancera \u00ab un audit complet pour redresser les finances communales \u00bb, \u00ab redonnera vie aux quartiers \u00bb et mettra \u00ab les jeunes au c\u0153ur de l\u2019action, en leur confiant des projets et des responsabilit\u00e9s \u00bb. Et puis, d\u00e9taille-t-il, il soutiendra \u00ab les commer\u00e7ants et les associations, v\u00e9ritables forces vives du village \u00bb.<\/p>\n<p class=\"fs-5 \">Enfin, J\u00e9r\u00f4me Basti assure qu\u2019il s\u2019attaquera \u00ab aux incivilit\u00e9s, pour une commune plus propre et plus s\u00fbre \u00bb et fera prendre \u00e0 la commune \u00ab un tournant \u00e9cologique, pour pr\u00e9server durablement le cadre de vie \u00bb.<\/p>\n<p class=\"fs-5 \">Ma\u00eetre d\u2019\u0153uvre en travaux ferroviaires, de droite mod\u00e9r\u00e9e, comme il le dit lui-m\u00eame, J\u00e9r\u00f4me Basti avait adh\u00e9r\u00e9 \u00e0 La R\u00e9publique en marche !, le mouvement d\u2019Emmanuel Macron, d\u00e8s avril 2016. Il s\u2019\u00e9tait pr\u00e9sent\u00e9 aux l\u00e9gislatives de 2022 dans la 5e circonscription des Alpes-Maritimes. Face \u00e0 Marine Brenier qui venait de quitter LR pour int\u00e9grer la majorit\u00e9 pr\u00e9sidentielle, il avait fait valoir son anciennet\u00e9 : \u00ab Le seul macroniste, c\u2019est moi. \u00bb Il avait ensuite quitt\u00e9 le parti. \u00ab J\u2019y ai cru, j\u2019ai \u00e9t\u00e9 profond\u00e9ment d\u00e9\u00e7u \u00bb, dit-il aujourd\u2019hui, alors qu\u2019il se pr\u00e9sentera sans \u00e9tiquette en mars 2026. \u00ab Il n\u2019y a qu\u2019une seule \u00e9tiquette qui compte : celle de Tourrette-Levens \u00bb, conclut-il.<\/p>\n","protected":false},"excerpt":{"rendered":"J\u00e9r\u00f4me Basti a d\u00e9j\u00e0 tent\u00e9 l\u2019aventure en 2020 : il va s\u2019y recoller en mars prochain. Le Tourrettan&hellip;\n","protected":false},"author":2,"featured_media":446943,"comment_status":"","ping_status":"","sticky":false,"template":"","format":"standard","meta":{"footnotes":""},"categories":[2819],"tags":[1111,11,1777,674,1011,27,3434,12,2401,882,25],"class_list":{"0":"post-446942","1":"post","2":"type-post","3":"status-publish","4":"format-standard","5":"has-post-thumbnail","7":"category-nice","8":"tag-actu","9":"tag-actualites","10":"tag-eu","11":"tag-europe","12":"tag-fr","13":"tag-france","14":"tag-municipales-2026","15":"tag-news","16":"tag-nice","17":"tag-provence-alpes-cote-dazur","18":"tag-republique-francaise"},"share_on_mastodon":{"url":"https:\/\/pubeurope.com\/@fr\/115337448891944264","error":""},"_links":{"self":[{"href":"https:\/\/www.europesays.com\/fr\/wp-json\/wp\/v2\/posts\/446942","targetHints":{"allow":["GET"]}}],"collection":[{"href":"https:\/\/www.europesays.com\/fr\/wp-json\/wp\/v2\/posts"}],"about":[{"href":"https:\/\/www.europesays.com\/fr\/wp-json\/wp\/v2\/types\/post"}],"author":[{"embeddable":true,"href":"https:\/\/www.europesays.com\/fr\/wp-json\/wp\/v2\/users\/2"}],"replies":[{"embeddable":true,"href":"https:\/\/www.europesays.com\/fr\/wp-json\/wp\/v2\/comments?post=446942"}],"version-history":[{"count":0,"href":"https:\/\/www.europesays.com\/fr\/wp-json\/wp\/v2\/posts\/446942\/revisions"}],"wp:featuredmedia":[{"embeddable":true,"href":"https:\/\/www.europesays.com\/fr\/wp-json\/wp\/v2\/media\/446943"}],"wp:attachment":[{"href":"https:\/\/www.europesays.com\/fr\/wp-json\/wp\/v2\/media?parent=446942"}],"wp:term":[{"taxonomy":"category","embeddable":true,"href":"https:\/\/www.europesays.com\/fr\/wp-json\/wp\/v2\/categories?post=446942"},{"taxonomy":"post_tag","embeddable":true,"href":"https:\/\/www.europesays.com\/fr\/wp-json\/wp\/v2\/tags?post=446942"}],"curies":[{"name":"wp","href":"https:\/\/api.w.org\/{rel}","templated":true}]}}