{"id":446956,"date":"2025-10-08T07:55:10","date_gmt":"2025-10-08T07:55:10","guid":{"rendered":"https:\/\/www.europesays.com\/fr\/446956\/"},"modified":"2025-10-08T07:55:10","modified_gmt":"2025-10-08T07:55:10","slug":"le-corps-dune-elue-locale-retrouve-annonce-sa-famille","status":"publish","type":"post","link":"https:\/\/www.europesays.com\/fr\/446956\/","title":{"rendered":"le corps d&rsquo;une \u00e9lue locale retrouv\u00e9, annonce sa famille"},"content":{"rendered":"<p>            Par<br \/>\n        <strong><br \/>\n            <a href=\"https:\/\/actu.fr\/auteur\/david-saint-sernin\" title=\"Consulter tous les articles de David Saint-Sernin\" rel=\"nofollow noopener\" target=\"_blank\">David Saint-Sernin<\/a><br \/>\n        <\/strong><\/p>\n<p>        Publi\u00e9 le<\/p>\n<p>            8 oct. 2025 \u00e0 9h12        <\/p>\n<p><strong>G\u00e9raldine Lefoul,<\/strong> m\u00e8re de quatre enfants, par ailleurs \u00e9lue au conseil municipal de <a href=\"https:\/\/actu.fr\/occitanie\/plaisance-du-touch_31424\" rel=\"nofollow noopener\" target=\"_blank\">Plaisance-du-Touch,<\/a> pr\u00e8s de Toulouse, avait disparu fin avril\u00a02025.<\/p>\n<p>Disparue le 28\u00a0avril 2025<\/p>\n<p class=\" wall-content\">Tr\u00e8s pr\u00e9cis\u00e9ment, le lundi 28\u00a0avril 2025, cette femme de 47\u00a0ans avait \u00e9crit un mail \u00e0 ses proches. <a href=\"https:\/\/actu.fr\/occitanie\/plaisance-du-touch_31424\/pres-de-toulouse-vive-inquietude-apres-la-disparition-d-une-elue-locale-et-mere-de-famille_62585727.html\" rel=\"nofollow noopener\" target=\"_blank\">Un message particuli\u00e8rement alarmant<\/a> dans lequel elle leur faisait ses adieux. Son t\u00e9l\u00e9phone avait ensuite born\u00e9 pour la derni\u00e8re fois au niveau de l\u2019\u00eele du Ramier, \u00e0 Toulouse. Depuis, sa famille n\u2019avait eu aucune nouvelle. Elle s\u2019\u00e9tait mobilis\u00e9e, avait lanc\u00e9 un appel \u00e0 l\u2019aide\u2026 Un appel vain. La gendarmerie avait mobilis\u00e9 un h\u00e9licopt\u00e8re et lanc\u00e9\u00a0<a href=\"https:\/\/actu.fr\/occitanie\/toulouse_31555\/cette-femme-elue-pres-de-toulouse-a-disparu-un-appel-a-temoins-lance-par-les-gendarmes_62610828.html\" rel=\"nofollow noopener\" target=\"_blank\">un appel \u00e0 t\u00e9moins. Sans r\u00e9sultat\u2026<\/a><\/p>\n<p>Sa famille annonce la d\u00e9couverte du corps de G\u00e9raldine Lefoul<\/p>\n<p class=\" wall-content\">Mardi 7\u00a0octobre 2025, dans un message poignant post\u00e9 sur Facebook, sa fille, Lucy, annonce que le corps de G\u00e9raldine Lefoul a \u00e9t\u00e9 retrouv\u00e9\u2009:<\/p>\n<p class=\" wall-content\">\u00ab\u00a0Message pour annoncer la d\u00e9couverte du corps de ma maman et remercier ceux qui nous ont soutenus. Apr\u00e8s cinq longs mois d\u2019attente, de doutes et d\u2019espoir, le corps de ma maman, G\u00e9raldine Lefoul (n\u00e9e G\u00e9raldine Gabreau), a enfin \u00e9t\u00e9 retrouv\u00e9. M\u00eame si cette nouvelle est extr\u00eamement douloureuse, elle nous apporte aussi une forme de paix\u2009: nous savons enfin.<br \/>Je tiens \u00e0 remercier du fond du c\u0153ur toutes les personnes bienveillantes qui, depuis sa disparition le 28\u00a0avril 2025, se sont mobilis\u00e9es pour aider ma famille et soutenir nos recherches \u2014 que ce soit par des partages, des messages, des mots r\u00e9confortants ou une pr\u00e9sence sinc\u00e8re. Votre soutien a compt\u00e9 plus que vous ne pouvez l\u2019imaginer\u00a0\u00bb.<\/p>\n<p>Des ossements d\u00e9couverts d\u00e9but septembre \u00e0 Tournefeuille<\/p>\n<p class=\" wall-content\">D\u2019apr\u00e8s nos informations,<a href=\"https:\/\/actu.fr\/occitanie\/tournefeuille_31557\/macabre-decouverte-a-l-ouest-de-toulouse-des-ossements-humains-decouverts-pres-d-un-lac_63111347.html\" rel=\"nofollow noopener\" target=\"_blank\"> les ossements d\u00e9couverts au bord du Lac des P\u00eacheurs, d\u00e9but septembre\u00a02025,<\/a> seraient vraisemblablement ceux de l\u2019\u00e9lue. Un sac avait \u00e9t\u00e9 d\u00e9couvert \u00e0 c\u00f4t\u00e9 de ces ossements dont les autorit\u00e9s avaient rapidement confirm\u00e9 qu\u2019ils appartenaient \u00e0 un humain. Les papiers d\u2019identit\u00e9 appartenant \u00e0 <strong>Geraldine Lefoul<\/strong> se trouvaient dans le sac, confirmait \u00e0 l\u2019\u00e9poque une source polici\u00e8re \u00e0 Actu Toulouse. Les ossements pr\u00e9lev\u00e9s pr\u00e8s du lac avaient \u00e9t\u00e9 transport\u00e9s \u00e0 l\u2019institut m\u00e9dico-l\u00e9gal pour expertise et datation. Des analyses ADN devaient \u00eatre men\u00e9es.<\/p>\n<p>Un sac avec des \u00e9l\u00e9ments d\u2019identification<\/p>\n<p class=\" wall-content\">\u00ab\u2009Le sac \u00e0 dos contient des \u00e9l\u00e9ments d\u2019identification d\u2019une personne disparue depuis plusieurs mois et recherch\u00e9e. Mais en l\u2019\u00e9tat actuel des choses, il va falloir attendre les r\u00e9sultats des <strong>analyses des ossements<\/strong> pour \u00e9tablir un lien formel entre les ossements retrouv\u00e9s et la personne identifi\u00e9e avec les \u00e9l\u00e9ments trouv\u00e9s dans le sac \u00e0 dos\u2009\u00bb, avait \u00e0 l\u2019\u00e9poque expliqu\u00e9 le parquet de Toulouse.<\/p>\n<p>Vid\u00e9os : en ce moment sur ActuUne cagnotte lanc\u00e9e \u00ab\u2009pour lui offrir des fun\u00e9railles dignes\u2009\u00bb<\/p>\n<p class=\" wall-content\">Suite \u00e0 l\u2019officialisation de la d\u00e9couverte du corps de G\u00e9raldine Lefoul, sa famille a lanc\u00e9 une cagnotte pour \u00ab\u2009lui offrir des fun\u00e9railles dignes, simples et pleines d\u2019amour, \u00e0 son image\u2009\u00bb.<\/p>\n<p class=\" wall-content\">\u00ab\u00a0Aujourd\u2019hui, il est temps pour nous de lui dire au revoir comme elle le m\u00e9rite.<br \/>Nous voulons lui offrir des fun\u00e9railles dignes, simples et pleines d\u2019amour, \u00e0 son image.<br \/>Pour cela, nous avons mis en place une cagnotte afin de nous aider \u00e0 financer la date et l\u2019organisation de son enterrement, car <strong>ces derniers mois ont \u00e9t\u00e9 tr\u00e8s difficiles sur le plan moral comme financier<\/strong>. Chaque geste, m\u00eame le plus petit, nous aidera \u00e0 accompagner maman une derni\u00e8re fois avec respect et tendresse. Merci \u00e0 tous pour votre bienveillance, votre compassion et votre pr\u00e9sence durant cette \u00e9preuve\u00a0\u00bb.<\/p>\n<p>Votre r\u00e9gion, votre actu !<\/p>\n<p>Recevez chaque jour les infos qui comptent pour vous.<\/p>\n<p>\t<a href=\"https:\/\/actu.fr\/newsletter\" class=\"ac-btn ac-btn--corner ac-btn--medium ac-btn--blue800\" rel=\"nofollow noopener\" target=\"_blank\">S&rsquo;incrire<\/a><\/p>\n<p>    <a href=\"https:\/\/www.facebook.com\/plugins\/post.php?href=https%3A%2F%2Fwww.facebook.com%2Fpermalink.php%3Fstory_fbid%3Dpfbid02QUBc5XnixVZFVF1KVHuXBD46Q9Hsdk18QZnqAF6hWDFUUTmmAMhRGsGEnbopSEZ3l%26id%3D100065052158560&amp;show_text=true&amp;width=350\" title=\"Ouvrie le lien\" rel=\"nofollow noopener\" target=\"_blank\">Cliquez ici pour visualiser le contenu<\/a><\/p>\n<p class=\" wall-content\">Personnalisez votre actualit\u00e9 en ajoutant vos villes et m\u00e9dias en favori avec <a href=\"https:\/\/moncompte.actu.fr\" title=\"D\u00e9couvez Mon Actu\" rel=\"nofollow noopener\" data-trk=\"{&quot;cta&quot;:{&quot;action&quot;:&quot;https:\\\/\\\/moncompte.actu.fr&quot;,&quot;category&quot;:&quot;mon compte&quot;,&quot;from&quot;:&quot;article footer&quot;,&quot;name&quot;:&quot;Mon actu&quot;,&quot;type&quot;:&quot;cta&quot;}}\" target=\"_blank\">Mon Actu<\/a>.<\/p>\n","protected":false},"excerpt":{"rendered":"Par David Saint-Sernin Publi\u00e9 le 8 oct. 2025 \u00e0 9h12 G\u00e9raldine Lefoul, m\u00e8re de quatre enfants, par ailleurs&hellip;\n","protected":false},"author":2,"featured_media":446957,"comment_status":"","ping_status":"","sticky":false,"template":"","format":"standard","meta":{"footnotes":""},"categories":[2816],"tags":[1111,11,1777,674,118,1011,27,12,2680,25,2312],"class_list":{"0":"post-446956","1":"post","2":"type-post","3":"status-publish","4":"format-standard","5":"has-post-thumbnail","7":"category-toulouse","8":"tag-actu","9":"tag-actualites","10":"tag-eu","11":"tag-europe","12":"tag-faits-divers","13":"tag-fr","14":"tag-france","15":"tag-news","16":"tag-occitanie","17":"tag-republique-francaise","18":"tag-toulouse"},"share_on_mastodon":{"url":"https:\/\/pubeurope.com\/@fr\/115337476348388330","error":""},"_links":{"self":[{"href":"https:\/\/www.europesays.com\/fr\/wp-json\/wp\/v2\/posts\/446956","targetHints":{"allow":["GET"]}}],"collection":[{"href":"https:\/\/www.europesays.com\/fr\/wp-json\/wp\/v2\/posts"}],"about":[{"href":"https:\/\/www.europesays.com\/fr\/wp-json\/wp\/v2\/types\/post"}],"author":[{"embeddable":true,"href":"https:\/\/www.europesays.com\/fr\/wp-json\/wp\/v2\/users\/2"}],"replies":[{"embeddable":true,"href":"https:\/\/www.europesays.com\/fr\/wp-json\/wp\/v2\/comments?post=446956"}],"version-history":[{"count":0,"href":"https:\/\/www.europesays.com\/fr\/wp-json\/wp\/v2\/posts\/446956\/revisions"}],"wp:featuredmedia":[{"embeddable":true,"href":"https:\/\/www.europesays.com\/fr\/wp-json\/wp\/v2\/media\/446957"}],"wp:attachment":[{"href":"https:\/\/www.europesays.com\/fr\/wp-json\/wp\/v2\/media?parent=446956"}],"wp:term":[{"taxonomy":"category","embeddable":true,"href":"https:\/\/www.europesays.com\/fr\/wp-json\/wp\/v2\/categories?post=446956"},{"taxonomy":"post_tag","embeddable":true,"href":"https:\/\/www.europesays.com\/fr\/wp-json\/wp\/v2\/tags?post=446956"}],"curies":[{"name":"wp","href":"https:\/\/api.w.org\/{rel}","templated":true}]}}