{"id":446960,"date":"2025-10-08T07:58:11","date_gmt":"2025-10-08T07:58:11","guid":{"rendered":"https:\/\/www.europesays.com\/fr\/446960\/"},"modified":"2025-10-08T07:58:11","modified_gmt":"2025-10-08T07:58:11","slug":"la-librairie-nozika-a-marseille-enchante-les-chartreux-depuis-deux-ans","status":"publish","type":"post","link":"https:\/\/www.europesays.com\/fr\/446960\/","title":{"rendered":"La librairie Nozika \u00e0 Marseille enchante les Chartreux depuis deux ans"},"content":{"rendered":"<p>\u00ab\u00a0Regarde\u00a0! C\u2019est trop beau\u00a0!\u00a0\u00bb Chaque ouverture de carton est assortie d\u2019une exclamation \u00e0 la d\u00e9couverte de son contenu. \u00ab\u00a0Le mardi matin, c\u2019est un peu No\u00ebl\u00a0\u00bb, sourit Camille Lebon. \u00c0 42\u00a0ans, la g\u00e9rante de la <a href=\"https:\/\/www.laprovence.com\/article\/edition-marseille\/6133655\/les-librairies-independantes-ne-foisonnent-qu-en-ville.html\" target=\"_blank\" rel=\"noopener\">librairie Nozika<\/a> partage \u00e0 chaque livraison hebdomadaire de livres l\u2019enthousiasme de son employ\u00e9e et bin\u00f4me Anna Rossi. Aguerrie \u00e0 la litt\u00e9rature jeunesse depuis son passage \u00e0 la Bo\u00eete \u00e0 histoires, cette derni\u00e8re l\u2019a rejointe il y a un an au 70 de l\u2019<a href=\"https:\/\/www.laprovence.com\/article\/region\/1388044677609214\/benoit-payan-defend-le-plan-ecoles-de-la-ville-a-l-ecole-des-chartreux\" target=\"_blank\" rel=\"noopener\">avenue des Chartreux<\/a> (4e).<\/p>\n<p>C\u2019est \u00e0 la faveur d\u2019une reconversion li\u00e9e \u00e0 la naissance de son fils, il y a sept ans, que Camille Lebon a quitt\u00e9 l\u2019univers des festivals de cin\u00e9ma et litt\u00e9rature dans lequel elle a \u00e9volu\u00e9 pendant quinze ans, pour ouvrir sa propre librairie. \u00ab\u00a0J\u2019ai retrouv\u00e9 le plaisir de la lecture quand mon fils est n\u00e9, raconte-t-elle. La litt\u00e9rature jeunesse est devenue un lieu d\u2019expression pour les artistes plastiques qui, \u00e0 travers leurs peintures, collages et dessins, rendent leur art accessible, avec une cr\u00e9ativit\u00e9 folle.\u00a0\u00bb<\/p>\n<p>Camille Lebon d\u00e9couvre l\u2019\u00e9criture de <a href=\"https:\/\/www.laprovence.com\/article\/region\/5262726163733114\/litterature-ilos-un-thriller-social-et-ecologiste-dans-une-marseille-engloutie\" target=\"_blank\" rel=\"noopener\">Marion Brunet<\/a> \u00e0 travers Sans foi ni loi, roman pour lequel l\u2019autrice recevra la P\u00e9pite d\u2019or 2019 au salon du livre jeunesse de Montreuil. \u00ab\u00a0J\u2019ai ador\u00e9 cette litt\u00e9rature qui s\u2019adresse \u00e0 des jeunes en construction et qui, \u00e0 la diff\u00e9rence de la litt\u00e9rature adulte, hyper plombante, est positive, porteuse d\u2019espoir et emplie de r\u00e9f\u00e9rences \u00e0 la pop culture qui offrent plusieurs degr\u00e9s de lecture, qu\u2019on soit petit ou grand.\u00a0\u00bb<\/p>\n<p>Entre l\u2019id\u00e9e d\u2019une librairie et la concr\u00e9tisation de l\u2019ouverture de Nozika, un an et demi s\u2019est \u00e9coul\u00e9. L\u2019Agence r\u00e9gionale du livre, qui accompagne et forme la future libraire, lui conseille une installation dans le secteur des Chartreux (4e). \u00ab\u00a0\u00c7a tombe bien, j\u2019habite \u00e0 cinq minutes de l\u00e0 depuis dix ans, mon fils est scolaris\u00e9 ici\u00a0\u00bb, glisse-t-elle.<\/p>\n<p>Le local de Nozika (un nom qui fait autant r\u00e9f\u00e9rence au Nausicaa de Miyazaki qu\u2019\u00e0 la princesse d\u2019Ulysse de l\u2019Odyss\u00e9e) est trouv\u00e9 en un clin d\u2019\u0153il par le biais d\u2019une amie kin\u00e9 qui travaille dans la rue d\u2019\u00e0 c\u00f4t\u00e9. Avec l\u2019aide du sc\u00e9nographe designer Nicolas Gueniau, elle optimise ses 45\u00a0m\u00b2 d\u2019espace de vente pour jouer au maximum avec les modules de rangement, lui permettant d\u2019accueillir une trentaine de personnes, les soirs de rencontres avec des auteurs et illustrateurs.<\/p>\n<p>\u00ab\u00a0Une ambiance tr\u00e8s chouette et chaleureuse\u00a0\u00bb<\/p>\n<p>De quoi assouvir la soif de rendez-vous qui anime la ma\u00eetresse des lieux. \u00ab\u00a0On a pas mal de partenariats avec les \u00e9tablissements scolaires autour, des enfants qui ne sont jamais venus en librairie viennent nous voir, je suis hyperfi\u00e8re de ce qu\u2019on a r\u00e9ussi \u00e0 cr\u00e9er ici, une ambiance tr\u00e8s chouette et chaleureuse\u00a0\u00bb, se r\u00e9jouit Camille Lebon, faisant abstraction du salaire qu\u2019elle n\u2019arrive pas encore \u00e0 se verser.<\/p>\n<p>Un constat que confirme le regard d\u2019une petite fille qui s\u2019illumine au moment o\u00f9 Anna Rossi lui d\u00e9gote l\u2019ouvrage qu\u2019elle \u00e9tait venue chercher. \u00ab\u00a0Tu veux qu\u2019on le garde pour que l\u2019illustratrice te le d\u00e9dicace\u00a0?\u00a0\u00bb, demande la libraire. Car apr\u00e8s avoir re\u00e7u <a href=\"https:\/\/www.laprovence.com\/article\/culture-loisirs\/85158200713475\/rentree-litteraire-raphael-kohn-mathilda-di-matteo-et-claude-alain-arnaud-publient-leur-premier-roman\" target=\"_blank\" rel=\"noopener\">Mathilda Di Matteo pour La Bonne M\u00e8re<\/a>, l\u2019un des livres adultes li\u00e9s \u00e0 la parentalit\u00e9 qu\u2019on peut retrouver dans un mini-rayon, concentrant les coups de c\u0153ur des libraires, Nozika accueillera ce mercredi de 15\u00a0h \u00e0 17\u00a0h, Delphine Bournay, autour d\u2019un atelier, d\u2019une lecture, d\u2019un go\u00fbter et d\u2019une d\u00e9dicace de son livre Le Chaperon, le loup et la dessinatrice. D\u00e8s 19\u00a0h, place \u00e0 la soir\u00e9e Spy family, \u00e0 l\u2019occasion de la sortie du tome 15 du manga.<\/p>\n<p>Vendredi 10\u00a0octobre \u00e0 18\u00a0h\u00a045, une rencontre-d\u00e9dicace de Diglee sera organis\u00e9e par la librairie hors les murs, \u00e0 la biblioth\u00e8que des Cinq-Avenues (4e). En attendant, le 15\u00a0novembre prochain, \u00e0 16\u00a0h, la rencontre avec la star (marseillaise) des podcasts <a href=\"https:\/\/www.laprovence.com\/article\/edition-marseille\/6379519\/elle-est-la-voix-qui-embarque-les-petits-dans-de-grandes-aventures.html\" target=\"_blank\" rel=\"noopener\">Laure Grandbesan\u00e7on<\/a> pour une s\u00e9ance de d\u00e9dicaces de sa compilation des Odyss\u00e9es.<\/p>\n<p><strong>Nozika, 70 avenue des Chartreux (4e). 04\u00a091\u00a080\u00a046\u00a038, <a href=\"https:\/\/www.laprovence.com\/cdn-cgi\/l\/email-protection\" class=\"__cf_email__\" data-cfemail=\"bdd1d4dfcfdcd4cfd4d8d3d2c7d4d6dcfddad0dcd4d193ded2d0\" target=\"_blank\" rel=\"noopener\">[email\u00a0protected]<\/a><\/strong><\/p>\n","protected":false},"excerpt":{"rendered":"\u00ab\u00a0Regarde\u00a0! C\u2019est trop beau\u00a0!\u00a0\u00bb Chaque ouverture de carton est assortie d\u2019une exclamation \u00e0 la d\u00e9couverte de son contenu.&hellip;\n","protected":false},"author":2,"featured_media":446961,"comment_status":"","ping_status":"","sticky":false,"template":"","format":"standard","meta":{"footnotes":""},"categories":[2814],"tags":[17,1111,11,21920,394,57282,1777,674,1011,27,151,14783,884,12,57281,882,16,25],"class_list":{"0":"post-446960","1":"post","2":"type-post","3":"status-publish","4":"format-standard","5":"has-post-thumbnail","7":"category-marseille","8":"tag-17","9":"tag-actu","10":"tag-actualites","11":"tag-chartreux","12":"tag-depuis","13":"tag-enchante","14":"tag-eu","15":"tag-europe","16":"tag-fr","17":"tag-france","18":"tag-les","19":"tag-librairie","20":"tag-marseille","21":"tag-news","22":"tag-nozika","23":"tag-provence-alpes-cote-dazur","24":"tag-region","25":"tag-republique-francaise"},"share_on_mastodon":{"url":"https:\/\/pubeurope.com\/@fr\/115337488511733935","error":""},"_links":{"self":[{"href":"https:\/\/www.europesays.com\/fr\/wp-json\/wp\/v2\/posts\/446960","targetHints":{"allow":["GET"]}}],"collection":[{"href":"https:\/\/www.europesays.com\/fr\/wp-json\/wp\/v2\/posts"}],"about":[{"href":"https:\/\/www.europesays.com\/fr\/wp-json\/wp\/v2\/types\/post"}],"author":[{"embeddable":true,"href":"https:\/\/www.europesays.com\/fr\/wp-json\/wp\/v2\/users\/2"}],"replies":[{"embeddable":true,"href":"https:\/\/www.europesays.com\/fr\/wp-json\/wp\/v2\/comments?post=446960"}],"version-history":[{"count":0,"href":"https:\/\/www.europesays.com\/fr\/wp-json\/wp\/v2\/posts\/446960\/revisions"}],"wp:featuredmedia":[{"embeddable":true,"href":"https:\/\/www.europesays.com\/fr\/wp-json\/wp\/v2\/media\/446961"}],"wp:attachment":[{"href":"https:\/\/www.europesays.com\/fr\/wp-json\/wp\/v2\/media?parent=446960"}],"wp:term":[{"taxonomy":"category","embeddable":true,"href":"https:\/\/www.europesays.com\/fr\/wp-json\/wp\/v2\/categories?post=446960"},{"taxonomy":"post_tag","embeddable":true,"href":"https:\/\/www.europesays.com\/fr\/wp-json\/wp\/v2\/tags?post=446960"}],"curies":[{"name":"wp","href":"https:\/\/api.w.org\/{rel}","templated":true}]}}