{"id":446979,"date":"2025-10-08T08:08:14","date_gmt":"2025-10-08T08:08:14","guid":{"rendered":"https:\/\/www.europesays.com\/fr\/446979\/"},"modified":"2025-10-08T08:08:14","modified_gmt":"2025-10-08T08:08:14","slug":"face-a-la-russie-faut-il-riposter","status":"publish","type":"post","link":"https:\/\/www.europesays.com\/fr\/446979\/","title":{"rendered":"Face \u00e0 la Russie, faut-il riposter ?"},"content":{"rendered":"\n<p>Des drones au-dessus de la Pologne, des pays Baltes, du Danemark, en Roumanie ou encore en Allemagne, des a\u00e9roports ferm\u00e9s\u2026 Depuis quelques semaines, Moscou multiplie les incursions dans l\u2019espace a\u00e9rien de l\u2019Otan, provoquant une agitation sans pr\u00e9c\u00e9dent dans les capitales europ\u00e9ennes. \u201cLa Russie teste l\u2019Occident\u201d, titre ainsi <strong>The Economist<\/strong> le 3\u00a0octobre. \u201cDans le pi\u00e8ge de l\u2019ours\u201d, surench\u00e9rit l\u2019\u00e9dition hebdomadaire du <strong>Guardian<\/strong> la m\u00eame semaine. En Pologne, l\u2019hebdomadaire <strong>Polityka<\/strong> se demande s\u2019il est temps \u201cd\u2019avoir peur\u201d.\u00a0Mi-septembre,<strong> Der Spiegel, <\/strong>en Allemagne, consacrait\u00a0sa couverture \u00e0 Vladimir Poutine, \u201cguerrier des drones\u201d.<\/p>\n<p>Que cherche vraiment le pr\u00e9sident russe\u00a0? Pourquoi une escalade maintenant\u00a0? Comment faire face \u00e0 la menace\u00a0? Un mur antidrone suffirait-il\u00a0? C\u2019est \u00e0 ces questions que nous tentons de r\u00e9pondre dans notre dossier cette semaine. Ce que la Russie teste avant tout, c\u2019est la coh\u00e9rence et la solidarit\u00e9 des Europ\u00e9ens. Jusqu\u2019o\u00f9 sont-ils pr\u00eats \u00e0 aller\u00a0? Et surtout, sont-ils capables d\u2019apporter une r\u00e9ponse commune\u00a0? Au lendemain du sommet informel de Copenhague sur la question, on est en droit d\u2019en douter. \u201cM\u00eame l\u2019ombre de la guerre n\u2019a pas emp\u00each\u00e9 ce sommet de sombrer dans le blabla habituel\u201d, s\u2019agace <strong>Politico Europe.<\/strong><\/p>\n<p>Il y a pourtant urgence, mart\u00e8le Edward Lucas dans les colonnes du <strong>Times.<\/strong> Pour ce journaliste britannique, sp\u00e9cialiste des questions de s\u00e9curit\u00e9, l\u2019escalade est in\u00e9vitable. D\u00e8s lors, l\u2019Otan doit riposter fermement, quitte \u00e0 envisager des sabotages et m\u00eame des attaques en profondeur dans le territoire russe. \u201cSinon, alerte-t-il, nous ne pourrons qu\u2019accepter la d\u00e9sint\u00e9gration de nos alliances et laisser la Russie redessiner l\u2019Europe selon ses propres int\u00e9r\u00eats, et \u00e0 son image.\u201d<\/p>\n<p>M\u00eame tonalit\u00e9 dans <strong>Politiken,<\/strong> o\u00f9 Michael Jarlner d\u00e9nonce des ann\u00e9es d\u2019errements dans la politique de d\u00e9fense du royaume. \u201cPeut-\u00eatre nous sommes-nous pr\u00e9par\u00e9s \u00e0 la mauvaise guerre. \u00c0 une forme de guerre que nous connaissions plut\u00f4t qu\u2019\u00e0 la guerre hybride qui nous a frapp\u00e9s sous la forme de drones hostiles.\u201d<\/p>\n<p>Sommes-nous de facto d\u00e9j\u00e0 en guerre contre la Russie\u00a0? se demande, provocateur, Mark Galeotti dans<strong> The Spectator. <\/strong>\u201cLa perspective d\u2019un conflit ouvert entre \u00c9tats reste \u00e9loign\u00e9e\u201d, rassure ce sp\u00e9cialiste du Kremlin. Mais ce qui se joue en fait pour les dirigeants de l\u2019UE, c\u2019est de faire comprendre \u00e0 leur population que la guerre en Ukraine, financ\u00e9e par l\u2019Europe, est aussi la leur, et qu\u2019il y a un prix \u00e0 payer.<\/p>\n<p>Retour en <a href=\"https:\/\/www.courrierinternational.com\/france\" target=\"_blank\" rel=\"noopener\">France<\/a>. Bouscul\u00e9e \u00e0 l\u2019est, la coh\u00e9sion europ\u00e9enne risque d\u2019\u00eatre aussi \u00e9prouv\u00e9e par la crise politique qui n\u2019en finit plus dans l\u2019Hexagone. Et qui inqui\u00e8te les journalistes \u00e9trangers, sid\u00e9r\u00e9s une fois de plus apr\u00e8s la d\u00e9mission de S\u00e9bastien Lecornu. Avec trois Premiers ministres essor\u00e9s en un an, la France conna\u00eet sa plus grave crise politique depuis la fin de la IVe R\u00e9publique, \u00e9crit The Times, qui \u00e9voque \u201cun certain d\u00e9samour de la d\u00e9mocratie\u201d.<\/p>\n<p>C\u2019est l\u2019autre temps fort de ce num\u00e9ro. Trois pages de r\u00e9actions de la presse \u00e9trang\u00e8re, tant\u00f4t moqueuses, souvent empreintes de gravit\u00e9. Si, en Angleterre, <strong>The Independent <\/strong>titre sur \u201cla farce en France\u201d,<strong> Politico Europe<\/strong> \u00e9voque \u201cun th\u00e9\u00e2tre de l\u2019absurde\u201d.<\/p>\n<p>Le principal responsable de ce d\u00e9sastre, vu de l\u2019\u00e9tranger, est <a href=\"https:\/\/www.courrierinternational.com\/sujet\/emmanuel-macron\" target=\"_blank\" rel=\"noopener\">Emmanuel Macron<\/a>. Jupiter est \u00e0 terre, et il n\u2019a plus trop d\u2019options. \u201cLe ridicule ne tue peut-\u00eatre pas ceux et celles qui le provoquent, mais le chaos et l\u2019irresponsabilit\u00e9 politique sont en train de torpiller la d\u00e9mocratie fran\u00e7aise\u201d, \u00e9crit B\u00e9atrice Delvaux dans <strong>Le Soir.<\/strong> Pour l\u2019\u00e9ditorialiste belge, ce n\u2019est pas un boulevard mais bien une autoroute qui s\u2019ouvre pour l\u2019extr\u00eame droite. \u201cCette folie politique collective, qui donne l\u2019image d\u2019un pays qui ne tournera plus jamais rond, est en train de parer le Rassemblement national des vertus de la stabilit\u00e9, et donc de la capacit\u00e9 \u00e0 gouverner.\u201d<\/p>\n<p>Est-il encore temps de faire machine arri\u00e8re\u00a0? Pour le quotidien danois Politiken, le chantier est immense\u00a0: \u201cC\u2019est la culture politique qui pose probl\u00e8me et qui doit changer. Macron n\u2019a plus que de mauvaises cartes en main, mais, quoi qu\u2019il choisisse de faire, la seule solution pour que la France sorte de sa crise politique et \u00e9conomique est que ses politiciens s\u2019engagent s\u00e9rieusement \u00e0 travailler ensemble.\u201d On en est loin.<\/p>\n","protected":false},"excerpt":{"rendered":"Des drones au-dessus de la Pologne, des pays Baltes, du Danemark, en Roumanie ou encore en Allemagne, des&hellip;\n","protected":false},"author":2,"featured_media":446980,"comment_status":"","ping_status":"","sticky":false,"template":"","format":"standard","meta":{"footnotes":""},"categories":[1591],"tags":[11,674,1887,1892,12,136,2476,1885,1886,132,220,2475,135],"class_list":{"0":"post-446979","1":"post","2":"type-post","3":"status-publish","4":"format-standard","5":"has-post-thumbnail","7":"category-russie","8":"tag-actualites","9":"tag-europe","10":"tag-federation-de-russie","11":"tag-gu00e9opolitique","12":"tag-news","13":"tag-otan","14":"tag-politique-de-du00e9fense","15":"tag-russia","16":"tag-russian-federation","17":"tag-russie","18":"tag-ukraine","19":"tag-union-europu00e9enne","20":"tag-vladimir-poutine"},"share_on_mastodon":{"url":"https:\/\/pubeurope.com\/@fr\/115337527614131951","error":""},"_links":{"self":[{"href":"https:\/\/www.europesays.com\/fr\/wp-json\/wp\/v2\/posts\/446979","targetHints":{"allow":["GET"]}}],"collection":[{"href":"https:\/\/www.europesays.com\/fr\/wp-json\/wp\/v2\/posts"}],"about":[{"href":"https:\/\/www.europesays.com\/fr\/wp-json\/wp\/v2\/types\/post"}],"author":[{"embeddable":true,"href":"https:\/\/www.europesays.com\/fr\/wp-json\/wp\/v2\/users\/2"}],"replies":[{"embeddable":true,"href":"https:\/\/www.europesays.com\/fr\/wp-json\/wp\/v2\/comments?post=446979"}],"version-history":[{"count":0,"href":"https:\/\/www.europesays.com\/fr\/wp-json\/wp\/v2\/posts\/446979\/revisions"}],"wp:featuredmedia":[{"embeddable":true,"href":"https:\/\/www.europesays.com\/fr\/wp-json\/wp\/v2\/media\/446980"}],"wp:attachment":[{"href":"https:\/\/www.europesays.com\/fr\/wp-json\/wp\/v2\/media?parent=446979"}],"wp:term":[{"taxonomy":"category","embeddable":true,"href":"https:\/\/www.europesays.com\/fr\/wp-json\/wp\/v2\/categories?post=446979"},{"taxonomy":"post_tag","embeddable":true,"href":"https:\/\/www.europesays.com\/fr\/wp-json\/wp\/v2\/tags?post=446979"}],"curies":[{"name":"wp","href":"https:\/\/api.w.org\/{rel}","templated":true}]}}