{"id":446983,"date":"2025-10-08T08:10:13","date_gmt":"2025-10-08T08:10:13","guid":{"rendered":"https:\/\/www.europesays.com\/fr\/446983\/"},"modified":"2025-10-08T08:10:13","modified_gmt":"2025-10-08T08:10:13","slug":"de-la-hongrie-aux-etats-unis-cette-internationale-reactionnaire-qui-veut-reecrire-lhistoire-liberation","status":"publish","type":"post","link":"https:\/\/www.europesays.com\/fr\/446983\/","title":{"rendered":"De la Hongrie aux Etats-Unis, cette internationale r\u00e9actionnaire qui veut r\u00e9\u00e9crire l\u2019histoire \u2013 Lib\u00e9ration"},"content":{"rendered":"<p class=\"sc-cPiKLX AiZTS text-element\"><b>A l\u2019occasion des \u00abRendez-vous de l\u2019histoire\u00bb, qui se tiennent \u00e0 Blois du 8 au 12 octobre 2025, les journalistes de <\/b><b>Lib\u00e9ration <\/b><b>invitent une trentaine d\u2019historiens pour porter un autre regard sur l\u2019actualit\u00e9. Retrouvez ce num\u00e9ro sp\u00e9cial en kiosque jeudi 9 octobre et <\/b><a href=\"https:\/\/www.liberation.fr\/dossier\/libe-des-historiens\/\" rel=\"nofollow noopener\" target=\"_blank\"><b>tous les articles de cette \u00e9dition dans ce dossier.<\/b><\/a> <\/p>\n<p class=\"sc-cPiKLX AiZTS text-element\">Les sph\u00e8res culturelles de la droite extr\u00eame ont envahi le champ de l\u2019\u00e9dition historique et, plus g\u00e9n\u00e9ralement, celui de la diffusion et de la vulgarisation (au sens le plus noble de ce terme) de l\u2019histoire. Le mouvement, entam\u00e9 depuis la fin du XXe si\u00e8cle, est diffus, progressif, pernicieux. Les droites religieuses et conservatrices d\u00e9testent l\u2019histoire scientifique et redoutent sa vulgarisation. D\u2019o\u00f9 leurs efforts pour en prendre le contr\u00f4le. R\u00e9alis\u00e9e \u00e0 la fois avec des moyens financiers consid\u00e9rables et avec une implication politique r\u00e9elle, cette prise de contr\u00f4le ne se cache d\u2019ailleurs qu\u2019\u00e0 peine derri\u00e8re le voile de la pr\u00e9servation de la libert\u00e9 d\u2019expression.<\/p>\n","protected":false},"excerpt":{"rendered":"A l\u2019occasion des \u00abRendez-vous de l\u2019histoire\u00bb, qui se tiennent \u00e0 Blois du 8 au 12 octobre 2025, les&hellip;\n","protected":false},"author":2,"featured_media":446984,"comment_status":"","ping_status":"","sticky":false,"template":"","format":"standard","meta":{"footnotes":""},"categories":[1589],"tags":[11,73,1866,1076,57283,12,1864,1865,1863,308],"class_list":{"0":"post-446983","1":"post","2":"type-post","3":"status-publish","4":"format-standard","5":"has-post-thumbnail","7":"category-etats-unis","8":"tag-actualites","9":"tag-etats-unis","10":"tag-etats-unis-damerique","11":"tag-extreme-droite","12":"tag-libe-des-historiens","13":"tag-news","14":"tag-united-states","15":"tag-united-states-of-america","16":"tag-us","17":"tag-usa"},"share_on_mastodon":{"url":"https:\/\/pubeurope.com\/@fr\/115337535395933117","error":""},"_links":{"self":[{"href":"https:\/\/www.europesays.com\/fr\/wp-json\/wp\/v2\/posts\/446983","targetHints":{"allow":["GET"]}}],"collection":[{"href":"https:\/\/www.europesays.com\/fr\/wp-json\/wp\/v2\/posts"}],"about":[{"href":"https:\/\/www.europesays.com\/fr\/wp-json\/wp\/v2\/types\/post"}],"author":[{"embeddable":true,"href":"https:\/\/www.europesays.com\/fr\/wp-json\/wp\/v2\/users\/2"}],"replies":[{"embeddable":true,"href":"https:\/\/www.europesays.com\/fr\/wp-json\/wp\/v2\/comments?post=446983"}],"version-history":[{"count":0,"href":"https:\/\/www.europesays.com\/fr\/wp-json\/wp\/v2\/posts\/446983\/revisions"}],"wp:featuredmedia":[{"embeddable":true,"href":"https:\/\/www.europesays.com\/fr\/wp-json\/wp\/v2\/media\/446984"}],"wp:attachment":[{"href":"https:\/\/www.europesays.com\/fr\/wp-json\/wp\/v2\/media?parent=446983"}],"wp:term":[{"taxonomy":"category","embeddable":true,"href":"https:\/\/www.europesays.com\/fr\/wp-json\/wp\/v2\/categories?post=446983"},{"taxonomy":"post_tag","embeddable":true,"href":"https:\/\/www.europesays.com\/fr\/wp-json\/wp\/v2\/tags?post=446983"}],"curies":[{"name":"wp","href":"https:\/\/api.w.org\/{rel}","templated":true}]}}