{"id":446995,"date":"2025-10-08T08:17:18","date_gmt":"2025-10-08T08:17:18","guid":{"rendered":"https:\/\/www.europesays.com\/fr\/446995\/"},"modified":"2025-10-08T08:17:18","modified_gmt":"2025-10-08T08:17:18","slug":"il-y-a-une-volonte-davoir-pour-la-france-un-budget-avant-le-31-decembre","status":"publish","type":"post","link":"https:\/\/www.europesays.com\/fr\/446995\/","title":{"rendered":"\u00ab\u00a0Il y a une volont\u00e9 d\u2019avoir pour la France un budget avant le 31\u00a0d\u00e9cembre\u00a0\u00bb"},"content":{"rendered":"<p>Un budget avant la fin de l\u2019ann\u00e9e\u00a0? C\u2019est en tout cas l\u2019un des objectifs premiers du Premier ministre d\u00e9missionnaire S\u00e9bastien Lecornu. Ce dernier s\u2019est exprim\u00e9 depuis Matignon ce mercredi matin.<\/p>\n<p>\u00ab\u00a0Si on voit beaucoup de commentaires dans la presse j\u2019ai de bonnes raisons de vous dire que parmi les bonnes nouvelles, l\u2019ensemble des consultations que j\u2019ai pu avoir avec l\u2019ensemble des partis, il y a une volont\u00e9 d\u2019avoir pour la France un budget avant le 31\u00a0d\u00e9cembre\u00a0\u00bb, a-t-il notamment d\u00e9clar\u00e9. Avant de compl\u00e9ter\u00a0: \u00ab\u00a0Cette volont\u00e9 \u00e9loigne les perspectives de dissolution, il faut que ce budget comporte des param\u00e8tres pour permettre \u00e0 la France d\u2019avancer\u00a0\u00bb.<\/p>\n<p>S\u00e9bastien Lecornu a \u00e9t\u00e9 charg\u00e9, par Emmanuel Macron, de trouver un accord d\u2019ici mercredi soir et ainsi tenter de sortir le pays de la crise politique dans laquelle il s\u2019est enlis\u00e9. \u00ab\u00a0Ce soir je me rendrai \u00e0 \u00c9lys\u00e9e pour pr\u00e9senter au pr\u00e9sident les solutions sur la table si nous arrivons \u00e0 en trouver\u00a0\u00bb, a rappel\u00e9 le Premier ministre, qui doit d\u2019ailleurs rencontrer les dirigeants du Parti socialiste, ce mercredi \u00e0 10\u00a0heures.<\/p>\n<p>Une suspension de la r\u00e9forme des retraites\u00a0?&#13;\n<\/p>\n<p>S\u2019il n\u2019a pas \u00e9voqu\u00e9 cette piste ce matin, l\u2019id\u00e9e d\u2019une suspension de la r\u00e9forme des retraites semble pourtant bel et bien sur la table. Elle a\u00a0\u00e9t\u00e9 soulev\u00e9e par la ministre d\u00e9missionnaire de l\u2019\u00c9ducation, \u00c9lisabeth Borne, mardi soir, dans une interview au Parisien. Celle qui avait pourtant fait adopter cette tr\u00e8s d\u00e9cri\u00e9e r\u00e9forme de 2023, a, en effet, ouvert la voie, \u00ab\u00a0si c\u2019est la condition de la stabilit\u00e9 du pays\u00a0\u00bb.<\/p>\n<p>De quoi satisfaire la gauche\u00a0? Rapha\u00ebl Glucksmann se f\u00e9licitait \u00e0 la sortie de Matignon que cette revendication qui \u00ab\u00a0\u00e9tait impossible il y a quelques jours, aujourd\u2019hui devien(ne) possible\u00a0\u00bb. Mais \u00e0 l\u2019issue de son entretien avec S\u00e9bastien Lecornu, le leader social-d\u00e9mocrate du parti Place publique n\u2019\u00e9tait pas en mesure de dire \u00ab\u00a0si ce qu\u2019on nous a propos\u00e9 dans ce bureau est de nature \u00e0 \u00e9viter la dissolution\u00a0\u00bb.<\/p>\n<p>\u00c0 droite, en revanche, l\u2019id\u00e9e h\u00e9risse les R\u00e9publicains, \u00e0 commencer par son pr\u00e9sident des R\u00e9publicains, Bruno Retailleau, qui ne retournera \u00ab\u00a0certainement pas dans un gouvernement dirig\u00e9 par un homme de gauche\u00a0\u00bb, ni d\u2019ailleurs \u00ab\u00a0par un macroniste\u00a0\u00bb et r\u00e9clame un chef d\u2019\u00e9quipe \u00ab\u00a0qui ne soit pas proche\u00a0\u00bb du chef de l\u2019\u00c9tat.<\/p>\n<p>Le RN souhaite la dissolution&#13;\n<\/p>\n<p>Du c\u00f4t\u00e9 du Rassemblement national, une dissolution est toujours r\u00e9clam\u00e9e \u00e0 cor et \u00e0 cri. Le parti a d\u2019ailleurs d\u00e9clin\u00e9 l\u2019invitation \u00e0 Matignon et se projette d\u00e9j\u00e0 vers des l\u00e9gislatives anticip\u00e9es. En pr\u00e9campagne, Marine Le\u00a0Pen s\u2019affichera loin des tractations parisiennes, au Sommet de l\u2019\u00e9levage de Cournon-d\u2019Auvergne (Puy-de-D\u00f4me).<\/p>\n<p>Pas de rendez-vous non plus pour La France insoumise, qui estime avoir mieux \u00e0 faire \u00e0 l\u2019Assembl\u00e9e nationale, o\u00f9 sa motion de destitution d\u2019Emmanuel Macron sera soumise au nouveau bureau de l\u2019institution. Une premi\u00e8re \u00e9tape dite de \u00ab\u00a0recevabilit\u00e9\u00a0\u00bb qui devrait \u00eatre franchie gr\u00e2ce \u00e0 l\u2019abstention du RN.<\/p>\n","protected":false},"excerpt":{"rendered":"Un budget avant la fin de l\u2019ann\u00e9e\u00a0? C\u2019est en tout cas l\u2019un des objectifs premiers du Premier ministre&hellip;\n","protected":false},"author":2,"featured_media":446996,"comment_status":"","ping_status":"","sticky":false,"template":"","format":"standard","meta":{"footnotes":""},"categories":[4],"tags":[17,11,25288,33,1011,27,3707,51445,12,471,25,17417,96,12774],"class_list":{"0":"post-446995","1":"post","2":"type-post","3":"status-publish","4":"format-standard","5":"has-post-thumbnail","7":"category-france","8":"tag-17","9":"tag-actualites","10":"tag-davoir","11":"tag-economie","12":"tag-fr","13":"tag-france","14":"tag-il","15":"tag-lecornu","16":"tag-news","17":"tag-pour","18":"tag-republique-francaise","19":"tag-sebastien","20":"tag-une","21":"tag-volonte"},"share_on_mastodon":{"url":"https:\/\/pubeurope.com\/@fr\/115337563074239038","error":""},"_links":{"self":[{"href":"https:\/\/www.europesays.com\/fr\/wp-json\/wp\/v2\/posts\/446995","targetHints":{"allow":["GET"]}}],"collection":[{"href":"https:\/\/www.europesays.com\/fr\/wp-json\/wp\/v2\/posts"}],"about":[{"href":"https:\/\/www.europesays.com\/fr\/wp-json\/wp\/v2\/types\/post"}],"author":[{"embeddable":true,"href":"https:\/\/www.europesays.com\/fr\/wp-json\/wp\/v2\/users\/2"}],"replies":[{"embeddable":true,"href":"https:\/\/www.europesays.com\/fr\/wp-json\/wp\/v2\/comments?post=446995"}],"version-history":[{"count":0,"href":"https:\/\/www.europesays.com\/fr\/wp-json\/wp\/v2\/posts\/446995\/revisions"}],"wp:featuredmedia":[{"embeddable":true,"href":"https:\/\/www.europesays.com\/fr\/wp-json\/wp\/v2\/media\/446996"}],"wp:attachment":[{"href":"https:\/\/www.europesays.com\/fr\/wp-json\/wp\/v2\/media?parent=446995"}],"wp:term":[{"taxonomy":"category","embeddable":true,"href":"https:\/\/www.europesays.com\/fr\/wp-json\/wp\/v2\/categories?post=446995"},{"taxonomy":"post_tag","embeddable":true,"href":"https:\/\/www.europesays.com\/fr\/wp-json\/wp\/v2\/tags?post=446995"}],"curies":[{"name":"wp","href":"https:\/\/api.w.org\/{rel}","templated":true}]}}