{"id":446999,"date":"2025-10-08T08:19:08","date_gmt":"2025-10-08T08:19:08","guid":{"rendered":"https:\/\/www.europesays.com\/fr\/446999\/"},"modified":"2025-10-08T08:19:08","modified_gmt":"2025-10-08T08:19:08","slug":"mulhouse-domine-levallois-paris-et-soffre-la-supercoupe-lequipe","status":"publish","type":"post","link":"https:\/\/www.europesays.com\/fr\/446999\/","title":{"rendered":"Mulhouse domine Levallois-Paris et s&#039;offre la Supercoupe &#8211; L&#039;\u00c9quipe"},"content":{"rendered":"<ol>\n<li><a href=\"https:\/\/news.google.com\/rss\/articles\/CBMirwFBVV95cUxOckt5YzVNUFNOcGVqYXlSTEpxcUNMMEVrZ0dqYjdFVG9sMTdfU01KQjNCTWFPUzBwWlhUdlpIdFBxMmd2c0EzcXpsVUpBam4tbDBwSkxGX0RkZ2RNeXhObW9zdzBzUV9WWmRDOV9xbXh0NUZuSXR2M1BNNFBSTGlDU09wdm1ZYU5xZ1pJV0Z4NmxTMHVaaGJRLTZrS0REWi1MXzMyeEI2dXhaYTI3STlv?oc=5\" target=\"_blank\" rel=\"nofollow noopener\">Mulhouse domine Levallois-Paris et s&rsquo;offre la Supercoupe<\/a>&nbsp;&nbsp;L&rsquo;\u00c9quipe<\/li>\n<li><a href=\"https:\/\/news.google.com\/rss\/articles\/CBMi5wFBVV95cUxNMDZFQk5nbjRHQXljVFR5VXd2OHN4b2RqN0phbWtTbDlXaExQV1RUUGtJaWRxZ2VTZkRlblkwLTlreWRIQTNvZTVOcWlwT3ZIV0hOdnI0NUFNdXRPWENQVlpsZGRoR0NiamUzZ2JlNFpWalJ3WFo1eTVDN0E5ZkVBS19WR1A1V19xTk5LUEN5N3FHaUdLUV9fRmFpM1VoX1BEcVY3alE4c3dfNkl5eXh3c1h5clRNUy1NVm1PMlFIN3U0dEJGa1hPS1RNVjZVX09pbTFHZjV6STZMekV6bm9ZcmlMUkNnMFk?oc=5\" target=\"_blank\" rel=\"nofollow noopener\">\u00ab On d\u00e9die ce titre \u00e0 Christophe et \u00e0 toute la famille Magail \u00bb : les r\u00e9actions apr\u00e8s la victoire du VMA en Supercoupe<\/a>&nbsp;&nbsp;L&rsquo;Alsace<\/li>\n<li><a href=\"https:\/\/news.google.com\/rss\/articles\/CBMifEFVX3lxTE1HTkRzQ3ZtN19DNVRpbVptSW5hUllvOF9BVng2bVkwZF9xRnFLRDN1TzRaWGMtMUs5MkxpMnRPemZRZ3RncEw5dHdTR1RJRk1VcDU1NUhqRnJGWlhSTTRIMU9DbE93LWFNSG1WVnk3MzZRd3Yzdjg1bnJWaFI?oc=5\" target=\"_blank\" rel=\"nofollow noopener\">On l\u00e8ve un premier pan du voile<\/a>&nbsp;&nbsp;Ligue Nationale de Volley<\/li>\n<li><a href=\"https:\/\/news.google.com\/rss\/articles\/CBMiogFBVV95cUxQODZqNWFJWTlOYzNXZ0o2cHNrUHd0el94WmFHNzBYMzlxeGgzWnVOLXduRUtxRVFaRjBFblV5TFBiUGU3OXR3T2MybTg5T1ZveDllR2xrSjVadDBWWEgxeFhENF9DelM2cDNyNzYtZ2xhYUk0YlVMY0t3YWstSTdfUFZwc0FhN1p0bnk5ai1kcWlnNllJcXdwbDcxYXAzVTJtaXc?oc=5\" target=\"_blank\" rel=\"nofollow noopener\">RTL2 Mulhouse vous invite au match du VMA le 11\/10<\/a>&nbsp;&nbsp;RTL2.fr<\/li>\n<li><a href=\"https:\/\/news.google.com\/rss\/articles\/CBMiqgFBVV95cUxQM1pOZC1MY181X1pZaS0zTm9IQVU2TGc4VXp6anFGMGx6MnNFVHRwaXRFRWNBU05TS19TXzN1RmlhX2pnX2k0c2Vxa2FGUTAwcTdFZnFKNFhkT2N1Y3laaUZkeEFwbHhuZ01XcG1ETkFjU0hnbkZVUXNCa1lRZ1duXzlJUURJT25pYzk2SWJpQk15WGppV3Z3OVJGNVVTc195dTlxTFBLV0ZvQQ?oc=5\" target=\"_blank\" rel=\"nofollow noopener\">Volley f\u00e9minin : la Supercoupe pour Mulhouse<\/a>&nbsp;&nbsp;francebleu.fr<\/li>\n<\/ol>\n","protected":false},"excerpt":{"rendered":"Mulhouse domine Levallois-Paris et s&rsquo;offre la Supercoupe&nbsp;&nbsp;L&rsquo;\u00c9quipe \u00ab On d\u00e9die ce titre \u00e0 Christophe et \u00e0 toute la&hellip;\n","protected":false},"author":2,"featured_media":447000,"comment_status":"","ping_status":"","sticky":false,"template":"","format":"standard","meta":{"footnotes":""},"categories":[1417],"tags":[1011,27,60,1470,1469],"class_list":{"0":"post-446999","1":"post","2":"type-post","3":"status-publish","4":"format-standard","5":"has-post-thumbnail","7":"category-volley","8":"tag-fr","9":"tag-france","10":"tag-sports","11":"tag-volley","12":"tag-volleyball"},"share_on_mastodon":{"url":"https:\/\/pubeurope.com\/@fr\/115337570874871831","error":""},"_links":{"self":[{"href":"https:\/\/www.europesays.com\/fr\/wp-json\/wp\/v2\/posts\/446999","targetHints":{"allow":["GET"]}}],"collection":[{"href":"https:\/\/www.europesays.com\/fr\/wp-json\/wp\/v2\/posts"}],"about":[{"href":"https:\/\/www.europesays.com\/fr\/wp-json\/wp\/v2\/types\/post"}],"author":[{"embeddable":true,"href":"https:\/\/www.europesays.com\/fr\/wp-json\/wp\/v2\/users\/2"}],"replies":[{"embeddable":true,"href":"https:\/\/www.europesays.com\/fr\/wp-json\/wp\/v2\/comments?post=446999"}],"version-history":[{"count":0,"href":"https:\/\/www.europesays.com\/fr\/wp-json\/wp\/v2\/posts\/446999\/revisions"}],"wp:featuredmedia":[{"embeddable":true,"href":"https:\/\/www.europesays.com\/fr\/wp-json\/wp\/v2\/media\/447000"}],"wp:attachment":[{"href":"https:\/\/www.europesays.com\/fr\/wp-json\/wp\/v2\/media?parent=446999"}],"wp:term":[{"taxonomy":"category","embeddable":true,"href":"https:\/\/www.europesays.com\/fr\/wp-json\/wp\/v2\/categories?post=446999"},{"taxonomy":"post_tag","embeddable":true,"href":"https:\/\/www.europesays.com\/fr\/wp-json\/wp\/v2\/tags?post=446999"}],"curies":[{"name":"wp","href":"https:\/\/api.w.org\/{rel}","templated":true}]}}