{"id":447006,"date":"2025-10-08T08:24:12","date_gmt":"2025-10-08T08:24:12","guid":{"rendered":"https:\/\/www.europesays.com\/fr\/447006\/"},"modified":"2025-10-08T08:24:12","modified_gmt":"2025-10-08T08:24:12","slug":"une-edition-limitee-pour-kitkat","status":"publish","type":"post","link":"https:\/\/www.europesays.com\/fr\/447006\/","title":{"rendered":"une \u00e9dition limit\u00e9e pour KitKat"},"content":{"rendered":"<p>\n        17 Sep 2025<br \/>\n                  Publi-information\n              <\/p>\n<p>                          <a class=\"card-article__title\" href=\"https:\/\/www.lineaires.com\/contenus-sponsorise\/unaversetm-la-plateforme-de-securitas-technology-dediee-a-la-grande\" target=\"_blank\" data-campagne=\"SECURITAS - S40_encadre\" rel=\"nofollow noopener\"><\/p>\n<p>La s\u00e9curit\u00e9 r\u00e9invent\u00e9e pour la grande distribution<br \/>\n      <\/a><\/p>\n<p>La s\u00e9curit\u00e9 est un enjeu strat\u00e9gique pour la grande distribution, confront\u00e9e \u00e0 la protection des biens, des \u00e9quipes et des clients sur des r\u00e9seaux souvent multi-sites. Avec Unaverse\u2122, Securitas Technology propose une solution digitale unique pour centraliser, piloter et optimiser l\u2019ensemble des dispositifs de s\u00fbret\u00e9 en temps r\u00e9el.<\/p>\n","protected":false},"excerpt":{"rendered":"17 Sep 2025 Publi-information La s\u00e9curit\u00e9 r\u00e9invent\u00e9e pour la grande distribution La s\u00e9curit\u00e9 est un enjeu strat\u00e9gique pour&hellip;\n","protected":false},"author":2,"featured_media":447007,"comment_status":"","ping_status":"","sticky":false,"template":"","format":"standard","meta":{"footnotes":""},"categories":[1412],"tags":[1451,1452,1453,1454,1455,1011,27,60],"class_list":{"0":"post-447006","1":"post","2":"type-post","3":"status-publish","4":"format-standard","5":"has-post-thumbnail","7":"category-f1","8":"tag-f1","9":"tag-formula-1","10":"tag-formula1","11":"tag-formule-1","12":"tag-formule1","13":"tag-fr","14":"tag-france","15":"tag-sports"},"share_on_mastodon":{"url":"https:\/\/pubeurope.com\/@fr\/115337590526369321","error":""},"_links":{"self":[{"href":"https:\/\/www.europesays.com\/fr\/wp-json\/wp\/v2\/posts\/447006","targetHints":{"allow":["GET"]}}],"collection":[{"href":"https:\/\/www.europesays.com\/fr\/wp-json\/wp\/v2\/posts"}],"about":[{"href":"https:\/\/www.europesays.com\/fr\/wp-json\/wp\/v2\/types\/post"}],"author":[{"embeddable":true,"href":"https:\/\/www.europesays.com\/fr\/wp-json\/wp\/v2\/users\/2"}],"replies":[{"embeddable":true,"href":"https:\/\/www.europesays.com\/fr\/wp-json\/wp\/v2\/comments?post=447006"}],"version-history":[{"count":0,"href":"https:\/\/www.europesays.com\/fr\/wp-json\/wp\/v2\/posts\/447006\/revisions"}],"wp:featuredmedia":[{"embeddable":true,"href":"https:\/\/www.europesays.com\/fr\/wp-json\/wp\/v2\/media\/447007"}],"wp:attachment":[{"href":"https:\/\/www.europesays.com\/fr\/wp-json\/wp\/v2\/media?parent=447006"}],"wp:term":[{"taxonomy":"category","embeddable":true,"href":"https:\/\/www.europesays.com\/fr\/wp-json\/wp\/v2\/categories?post=447006"},{"taxonomy":"post_tag","embeddable":true,"href":"https:\/\/www.europesays.com\/fr\/wp-json\/wp\/v2\/tags?post=447006"}],"curies":[{"name":"wp","href":"https:\/\/api.w.org\/{rel}","templated":true}]}}