{"id":447011,"date":"2025-10-08T08:27:12","date_gmt":"2025-10-08T08:27:12","guid":{"rendered":"https:\/\/www.europesays.com\/fr\/447011\/"},"modified":"2025-10-08T08:27:12","modified_gmt":"2025-10-08T08:27:12","slug":"lhumoriste-constance-sest-effondree-sur-scene-ils-mont-tuee","status":"publish","type":"post","link":"https:\/\/www.europesays.com\/fr\/447011\/","title":{"rendered":"L&rsquo;humoriste Constance s&rsquo;est effondr\u00e9e sur sc\u00e8ne\u00a0: \u00ab\u00a0Ils m&rsquo;ont tu\u00e9e\u00a0\u00bb"},"content":{"rendered":"<p>            <a href=\"https:\/\/www.journaldesfemmes.fr\/people\/magazine\/3243392-la-semaine-des-stars-actu-people-france-octobre-laurence-boccolini-david-hallyday\/3243466-kendji-girac\" class=\"app_button_nav_prev jMiddlePreviousButton\" target=\"_blank\" rel=\"noopener\"><\/a><a href=\"https:\/\/www.journaldesfemmes.fr\/people\/magazine\/3243392-la-semaine-des-stars-actu-people-france-octobre-laurence-boccolini-david-hallyday\/3243588-angelique-angarni-filopon\" class=\"app_button_nav_next jMiddleNextButton\" target=\"_blank\" rel=\"noopener\"><\/a><\/p>\n<p>                <img loading=\"lazy\" decoding=\"async\" src=\"https:\/\/www.europesays.com\/fr\/wp-content\/uploads\/2025\/10\/40049353.jpg\" alt=\"\" width=\"250\" height=\"458\"\/><br \/>\n            <a href=\"https:\/\/img-3.journaldesfemmes.fr\/yHELhaLR1VJho4I5Mr35cnbhn4k=\/2405x\/smart\/7e47d8912a504da8a6b865e3013d8655\/ccmcms-jdf\/40049353.jpg\" class=\"fancy app_btn_1 app_btn--ico\" target=\"_blank\" rel=\"noopener\"><\/a>Constance \u00a9\u00a0SIPA    <\/p>\n<p><strong>A bout<\/strong>.\u00a0L&rsquo;humoriste Constance a fait un burn-out il y a plusieurs ann\u00e9es, au point de s&rsquo;effondrer litt\u00e9ralement sur sc\u00e8ne. \u00ab\u00a0J&rsquo;ai fait une crise d&rsquo;angoisse sur sc\u00e8ne, et je ne savais pas que c&rsquo;\u00e9tait (&#8230;) Je m&rsquo;\u00e9tais fait prescrire de la Ventoline par un m\u00e9decin parce que j&rsquo;\u00e9tais malade, je perdais ma voix&#8230;\u00a0\u00bb, a-t-elle d&rsquo;abord expliqu\u00e9 sur Europe 1 avant de pr\u00e9ciser que malgr\u00e9 les \u00ab\u00a0signes avant-coureurs\u00a0\u00bb, elle continuait \u00e0 travailler d&rsquo;arrache-pied.\u00a0\u00ab\u00a0A force, le corps disjoncte (&#8230;) je me suis retrouv\u00e9e sur sc\u00e8ne, aux commandes d&rsquo;un truc qui ne r\u00e9agissait plus du tout.\u00a0Je me suis effondr\u00e9e comme \u00e7a\u00a0\u00bb, a-t-elle racont\u00e9. La com\u00e9dienne de 40 ans a m\u00eame pens\u00e9 au suicide : \u00ab\u00a0Je me suis dit, si je tombe, je vais me suicider ce soir, ce m\u00e9tier est horrible, je n&rsquo;y arrive plus, ils m&rsquo;ont tu\u00e9e\u00a0\u00bb\u00a0. Heureusement, dans le public, les spectateurs sont rest\u00e9s bienveillants : \u00ab\u00a0Personne n&rsquo;a demand\u00e9 \u00e0 \u00eatre rembours\u00e9 et les gens m&rsquo;ont \u00e9crit des mots d&rsquo;une extr\u00eame gentillesse\u00a0\u00bb.<\/p>\n","protected":false},"excerpt":{"rendered":"Constance \u00a9\u00a0SIPA A bout.\u00a0L&rsquo;humoriste Constance a fait un burn-out il y a plusieurs ann\u00e9es, au point de s&rsquo;effondrer&hellip;\n","protected":false},"author":2,"featured_media":447012,"comment_status":"","ping_status":"","sticky":false,"template":"","format":"standard","meta":{"footnotes":""},"categories":[1359],"tags":[57286,51761,58,59,52292,1011,27,51766,1031,973],"class_list":{"0":"post-447011","1":"post","2":"type-post","3":"status-publish","4":"format-standard","5":"has-post-thumbnail","7":"category-people","8":"tag-cms-journaldesfemmes-3243518","9":"tag-controller-content","10":"tag-divertissement","11":"tag-entertainment","12":"tag-format-reportage","13":"tag-fr","14":"tag-france","15":"tag-les-histoires-du-jdf","16":"tag-magazine","17":"tag-people"},"share_on_mastodon":{"url":"https:\/\/pubeurope.com\/@fr\/115337602702307704","error":""},"_links":{"self":[{"href":"https:\/\/www.europesays.com\/fr\/wp-json\/wp\/v2\/posts\/447011","targetHints":{"allow":["GET"]}}],"collection":[{"href":"https:\/\/www.europesays.com\/fr\/wp-json\/wp\/v2\/posts"}],"about":[{"href":"https:\/\/www.europesays.com\/fr\/wp-json\/wp\/v2\/types\/post"}],"author":[{"embeddable":true,"href":"https:\/\/www.europesays.com\/fr\/wp-json\/wp\/v2\/users\/2"}],"replies":[{"embeddable":true,"href":"https:\/\/www.europesays.com\/fr\/wp-json\/wp\/v2\/comments?post=447011"}],"version-history":[{"count":0,"href":"https:\/\/www.europesays.com\/fr\/wp-json\/wp\/v2\/posts\/447011\/revisions"}],"wp:featuredmedia":[{"embeddable":true,"href":"https:\/\/www.europesays.com\/fr\/wp-json\/wp\/v2\/media\/447012"}],"wp:attachment":[{"href":"https:\/\/www.europesays.com\/fr\/wp-json\/wp\/v2\/media?parent=447011"}],"wp:term":[{"taxonomy":"category","embeddable":true,"href":"https:\/\/www.europesays.com\/fr\/wp-json\/wp\/v2\/categories?post=447011"},{"taxonomy":"post_tag","embeddable":true,"href":"https:\/\/www.europesays.com\/fr\/wp-json\/wp\/v2\/tags?post=447011"}],"curies":[{"name":"wp","href":"https:\/\/api.w.org\/{rel}","templated":true}]}}