{"id":447037,"date":"2025-10-08T08:41:09","date_gmt":"2025-10-08T08:41:09","guid":{"rendered":"https:\/\/www.europesays.com\/fr\/447037\/"},"modified":"2025-10-08T08:41:09","modified_gmt":"2025-10-08T08:41:09","slug":"pres-de-saint-etienne-un-homme-dans-un-etat-grave-apres-un-accident-pres-dauchan","status":"publish","type":"post","link":"https:\/\/www.europesays.com\/fr\/447037\/","title":{"rendered":"Pr\u00e8s de Saint-\u00c9tienne. Un homme dans un \u00e9tat grave apr\u00e8s un accident pr\u00e8s d&rsquo;Auchan"},"content":{"rendered":"<p>            Par<br \/>\n        <strong><br \/>\n            <a href=\"https:\/\/actu.fr\/auteur\/julien-sournies\" title=\"Consulter tous les articles de Julien Sournies\" rel=\"nofollow noopener\" target=\"_blank\">Julien Sournies<\/a><br \/>\n        <\/strong><\/p>\n<p>        Publi\u00e9 le<\/p>\n<p>            8 oct. 2025 \u00e0 9h37        <\/p>\n<p>Les secours sont intervenus d\u2019urgence sur la<strong> rocade Ouest<\/strong>, \u00e0 Villars (<a href=\"https:\/\/actu.fr\/auvergne-rhone-alpes\/loire_42\" rel=\"nofollow noopener\" target=\"_blank\">Loire<\/a>), au nord de <a href=\"https:\/\/actu.fr\/saint-etienne\/\" rel=\"nofollow noopener\" target=\"_blank\">Saint-\u00c9tienne<\/a>, ce mardi 7\u00a0octobre 2025 en fin de journ\u00e9e.<\/p>\n<p class=\" wall-content\">Aux alentours de 18h30, une voiture et une moto sont violemment entr\u00e9es en <strong>collision<\/strong> au niveau de l\u2019\u00e9changeur de la sortie Auchan, informent les sapeurs-pompiers de la Loire.<\/p>\n<p>La circulation fortement perturb\u00e9e<\/p>\n<p class=\" wall-content\">\u00c0 l\u2019arriv\u00e9e des secours, le motard, un homme de 60\u00a0ans, \u00e9tait dans un<strong> \u00e9tat critique<\/strong>. M\u00e9dicalis\u00e9, il a \u00e9t\u00e9 \u00e9vacu\u00e9 d\u2019urgence en direction du CHU de Saint-\u00c9tienne.<\/p>\n<p>    <a href=\"https:\/\/www.google.com\/maps\/embed?pb=!1m18!1m12!1m3!1d8078.739945487606!2d4.336991591236692!3d45.474649319849284!2m3!1f0!2f0!3f0!3m2!1i1024!2i768!4f13.1!3m3!1m2!1s0x47f5ada4533e5369%3A0x643b64671db6896f!2sAuchan%20Hypermarch%C3%A9%20Villars%20Porte%20Du%20Forez!5e1!3m2!1sfr!2sfr!4v1759908598776!5m2!1sfr!2sfr\" title=\"Ouvrie le lien\" rel=\"nofollow noopener\" target=\"_blank\">Cliquez ici pour visualiser le contenu<\/a><\/p>\n<p class=\" wall-content\">Pendant la dur\u00e9e de l\u2019intervention, assur\u00e9e par une dizaine de sapeurs-pompiers, la circulation a \u00e9t\u00e9 fortement perturb\u00e9e au niveau de l\u2019\u00e9changeur de la sortie Auchan.<\/p>\n<p class=\" wall-content\">Personnalisez votre actualit\u00e9 en ajoutant vos villes et m\u00e9dias en favori avec <a href=\"https:\/\/moncompte.actu.fr\" title=\"D\u00e9couvez Mon Actu\" rel=\"nofollow noopener\" data-trk=\"{&quot;cta&quot;:{&quot;action&quot;:&quot;https:\\\/\\\/moncompte.actu.fr&quot;,&quot;category&quot;:&quot;mon compte&quot;,&quot;from&quot;:&quot;article footer&quot;,&quot;name&quot;:&quot;Mon actu&quot;,&quot;type&quot;:&quot;cta&quot;}}\" target=\"_blank\">Mon Actu<\/a>.<\/p>\n","protected":false},"excerpt":{"rendered":"Par Julien Sournies Publi\u00e9 le 8 oct. 2025 \u00e0 9h37 Les secours sont intervenus d\u2019urgence sur la rocade&hellip;\n","protected":false},"author":2,"featured_media":447038,"comment_status":"","ping_status":"","sticky":false,"template":"","format":"standard","meta":{"footnotes":""},"categories":[9653],"tags":[119,1111,11,2430,3542,1777,674,118,1011,27,12,1311,25,4001],"class_list":{"0":"post-447037","1":"post","2":"type-post","3":"status-publish","4":"format-standard","5":"has-post-thumbnail","7":"category-saint-etienne","8":"tag-accident","9":"tag-actu","10":"tag-actualites","11":"tag-auvergne-rhone-alpes","12":"tag-circulation","13":"tag-eu","14":"tag-europe","15":"tag-faits-divers","16":"tag-fr","17":"tag-france","18":"tag-news","19":"tag-pompiers","20":"tag-republique-francaise","21":"tag-saint-etienne"},"share_on_mastodon":{"url":"https:\/\/pubeurope.com\/@fr\/115337657303819445","error":""},"_links":{"self":[{"href":"https:\/\/www.europesays.com\/fr\/wp-json\/wp\/v2\/posts\/447037","targetHints":{"allow":["GET"]}}],"collection":[{"href":"https:\/\/www.europesays.com\/fr\/wp-json\/wp\/v2\/posts"}],"about":[{"href":"https:\/\/www.europesays.com\/fr\/wp-json\/wp\/v2\/types\/post"}],"author":[{"embeddable":true,"href":"https:\/\/www.europesays.com\/fr\/wp-json\/wp\/v2\/users\/2"}],"replies":[{"embeddable":true,"href":"https:\/\/www.europesays.com\/fr\/wp-json\/wp\/v2\/comments?post=447037"}],"version-history":[{"count":0,"href":"https:\/\/www.europesays.com\/fr\/wp-json\/wp\/v2\/posts\/447037\/revisions"}],"wp:featuredmedia":[{"embeddable":true,"href":"https:\/\/www.europesays.com\/fr\/wp-json\/wp\/v2\/media\/447038"}],"wp:attachment":[{"href":"https:\/\/www.europesays.com\/fr\/wp-json\/wp\/v2\/media?parent=447037"}],"wp:term":[{"taxonomy":"category","embeddable":true,"href":"https:\/\/www.europesays.com\/fr\/wp-json\/wp\/v2\/categories?post=447037"},{"taxonomy":"post_tag","embeddable":true,"href":"https:\/\/www.europesays.com\/fr\/wp-json\/wp\/v2\/tags?post=447037"}],"curies":[{"name":"wp","href":"https:\/\/api.w.org\/{rel}","templated":true}]}}