{"id":447048,"date":"2025-10-08T08:47:09","date_gmt":"2025-10-08T08:47:09","guid":{"rendered":"https:\/\/www.europesays.com\/fr\/447048\/"},"modified":"2025-10-08T08:47:09","modified_gmt":"2025-10-08T08:47:09","slug":"que-faisaient-ces-deux-hommes-autour-des-voitures-cours-gambetta","status":"publish","type":"post","link":"https:\/\/www.europesays.com\/fr\/447048\/","title":{"rendered":"que faisaient ces deux hommes autour des voitures cours Gambetta\u00a0?"},"content":{"rendered":"<p>            Par<br \/>\n        <strong><br \/>\n            <a href=\"https:\/\/actu.fr\/auteur\/lea-pippinato\" title=\"Consulter tous les articles de L\u00e9a Pippinato\" rel=\"nofollow noopener\" target=\"_blank\">L\u00e9a Pippinato<\/a><br \/>\n        <\/strong><\/p>\n<p>        Publi\u00e9 le<\/p>\n<p>            8 oct. 2025 \u00e0 10h27        <\/p>\n<p>\u00ab\u00a0On voulait juste revendre les bo\u00eetes en plastique\u00a0\u00bb, ont assur\u00e9 les deux suspects \u00e0 la police nationale. <strong>Ce lundi 6 octobre 2025<\/strong>, cours Gambetta, leur explication n\u2019a pas convaincu les agents.<\/p>\n<p>    <a href=\"https:\/\/www.google.com\/maps\/embed?pb=!1m18!1m12!1m3!1d46233.216015990685!2d3.8404096!3d43.594547199999994!2m3!1f0!2f0!3f0!3m2!1i1024!2i768!4f13.1!3m3!1m2!1s0x12b6afa966f1addb%3A0xd752be51f1b48737!2sCr%20Gambetta%2C%20Montpellier!5e0!3m2!1sen!2sfr!4v1759910847778!5m2!1sen!2sfr\" title=\"Ouvrie le lien\" rel=\"nofollow noopener\" target=\"_blank\">Cliquez ici pour visualiser le contenu<\/a><\/p>\n<p class=\" wall-content\">Vers la fin d\u2019apr\u00e8s-midi, la station directrice a signal\u00e9 \u00e0 la Bac (brigade anti-criminalit\u00e9) deux individus qui tournaient autour de voitures en stationnement. Les policiers, alert\u00e9s, se sont rendus sur place. En arrivant cours Gambetta, ils ont aper\u00e7u les deux hommes signal\u00e9s et ont d\u00e9cid\u00e9 de les suivre \u00e0 distance.<\/p>\n<p>Une filature jusqu\u2019\u00e0 un camion de chantier<\/p>\n<p class=\" wall-content\">La surveillance s\u2019est prolong\u00e9e un moment. Les suspects ont fini par s\u2019approcher d\u2019un chantier o\u00f9 un camion \u00e9tait stationn\u00e9. Le v\u00e9hicule, laiss\u00e9 ouvert, contenait du mat\u00e9riel professionnel. Les policiers ont observ\u00e9 les deux hommes fouiller l\u2019int\u00e9rieur avant d\u2019en ressortir pr\u00e9cipitamment, chacun portant une mallette. Ces derni\u00e8res contenaient une disqueuse et un perforateur. Les suspects ont aussit\u00f4t quitt\u00e9 les lieux en direction du tramway.<\/p>\n<p class=\" wall-content\">Les agents de la Bac les ont rattrap\u00e9s. Les deux hommes, <strong>\u00e2g\u00e9s de 34 et 19 ans<\/strong>, ont \u00e9t\u00e9 interpell\u00e9s. Tous deux sont sans domicile fixe. Le plus jeune est sous le coup d\u2019une OQTF (obligation de quitter le territoire fran\u00e7ais) avec interdiction de retour pendant deux ans. Les deux ont \u00e9galement l\u2019interdiction de para\u00eetre dans le secteur Plan Cabanes. Plac\u00e9s en garde \u00e0 vue, les suspects ont affirm\u00e9 ne pas savoir que les mallettes contenaient des outils. Selon eux, ils comptaient simplement revendre les bo\u00eetes en plastique sur le march\u00e9.\u00a0<\/p>\n<p class=\" wall-content\">Personnalisez votre actualit\u00e9 en ajoutant vos villes et m\u00e9dias en favori avec <a href=\"https:\/\/moncompte.actu.fr\" title=\"D\u00e9couvez Mon Actu\" rel=\"nofollow noopener\" data-trk=\"{&quot;cta&quot;:{&quot;action&quot;:&quot;https:\\\/\\\/moncompte.actu.fr&quot;,&quot;category&quot;:&quot;mon compte&quot;,&quot;from&quot;:&quot;article footer&quot;,&quot;name&quot;:&quot;Mon actu&quot;,&quot;type&quot;:&quot;cta&quot;}}\" target=\"_blank\">Mon Actu<\/a>.<\/p>\n","protected":false},"excerpt":{"rendered":"Par L\u00e9a Pippinato Publi\u00e9 le 8 oct. 2025 \u00e0 10h27 \u00ab\u00a0On voulait juste revendre les bo\u00eetes en plastique\u00a0\u00bb,&hellip;\n","protected":false},"author":2,"featured_media":447049,"comment_status":"","ping_status":"","sticky":false,"template":"","format":"standard","meta":{"footnotes":""},"categories":[9599],"tags":[1111,11,1777,674,118,1011,27,303,2208,12,2680,1072,25,2086],"class_list":{"0":"post-447048","1":"post","2":"type-post","3":"status-publish","4":"format-standard","5":"has-post-thumbnail","7":"category-montpellier","8":"tag-actu","9":"tag-actualites","10":"tag-eu","11":"tag-europe","12":"tag-faits-divers","13":"tag-fr","14":"tag-france","15":"tag-justice","16":"tag-montpellier","17":"tag-news","18":"tag-occitanie","19":"tag-police","20":"tag-republique-francaise","21":"tag-travaux"},"share_on_mastodon":{"url":"https:\/\/pubeurope.com\/@fr\/115337680964677817","error":""},"_links":{"self":[{"href":"https:\/\/www.europesays.com\/fr\/wp-json\/wp\/v2\/posts\/447048","targetHints":{"allow":["GET"]}}],"collection":[{"href":"https:\/\/www.europesays.com\/fr\/wp-json\/wp\/v2\/posts"}],"about":[{"href":"https:\/\/www.europesays.com\/fr\/wp-json\/wp\/v2\/types\/post"}],"author":[{"embeddable":true,"href":"https:\/\/www.europesays.com\/fr\/wp-json\/wp\/v2\/users\/2"}],"replies":[{"embeddable":true,"href":"https:\/\/www.europesays.com\/fr\/wp-json\/wp\/v2\/comments?post=447048"}],"version-history":[{"count":0,"href":"https:\/\/www.europesays.com\/fr\/wp-json\/wp\/v2\/posts\/447048\/revisions"}],"wp:featuredmedia":[{"embeddable":true,"href":"https:\/\/www.europesays.com\/fr\/wp-json\/wp\/v2\/media\/447049"}],"wp:attachment":[{"href":"https:\/\/www.europesays.com\/fr\/wp-json\/wp\/v2\/media?parent=447048"}],"wp:term":[{"taxonomy":"category","embeddable":true,"href":"https:\/\/www.europesays.com\/fr\/wp-json\/wp\/v2\/categories?post=447048"},{"taxonomy":"post_tag","embeddable":true,"href":"https:\/\/www.europesays.com\/fr\/wp-json\/wp\/v2\/tags?post=447048"}],"curies":[{"name":"wp","href":"https:\/\/api.w.org\/{rel}","templated":true}]}}