{"id":447054,"date":"2025-10-08T08:51:11","date_gmt":"2025-10-08T08:51:11","guid":{"rendered":"https:\/\/www.europesays.com\/fr\/447054\/"},"modified":"2025-10-08T08:51:11","modified_gmt":"2025-10-08T08:51:11","slug":"grenoble-une-greve-massive-annoncee-dans-les-transports-mtag-les-trams-a-larret-jeudi","status":"publish","type":"post","link":"https:\/\/www.europesays.com\/fr\/447054\/","title":{"rendered":"Grenoble. Une gr\u00e8ve massive annonc\u00e9e dans les transports M&rsquo;Tag, les trams \u00e0 l&rsquo;arr\u00eat jeudi"},"content":{"rendered":"<p>            Par<br \/>\n        <strong><br \/>\n            <a href=\"https:\/\/actu.fr\/auteur\/lisa-rodrigues\" title=\"Consulter tous les articles de Lisa Rodrigues\" target=\"_blank\" rel=\"noopener\">Lisa Rodrigues<\/a><br \/>\n        <\/strong><\/p>\n<p>        Publi\u00e9 le<\/p>\n<p>            8 oct. 2025 \u00e0 8h45        <\/p>\n<p>La date n\u2019a pas \u00e9t\u00e9 choisie au hasard. Jeudi 9 octobre, M\u2019R\u00e9so en charge de l\u2019ensemble des mobilit\u00e9s autour de l\u2019agglom\u00e9ration grenobloise f\u00eate <strong>les 50 ans de M\u2019Tag<\/strong>, le r\u00e9seau de transport de <a href=\"https:\/\/actu.fr\/auvergne-rhone-alpes\/grenoble_38185\" target=\"_blank\" rel=\"noopener\">Grenoble<\/a>. Et c\u2019est ce m\u00eame jour que l\u2019intersyndicale a d\u00e9cid\u00e9 de faire gr\u00e8ve contre le <strong>plan de restructuration<\/strong> annonc\u00e9 il y a d\u00e9j\u00e0 plusieurs mois par la direction.<br \/>\u00ab\u00a0Pendant que certains se f\u00e9liciteront d\u2019un demi-si\u00e8cle d\u2019existence et d\u2019un plan d\u2019aust\u00e9rit\u00e9<br \/>\u00e0 l\u2019encontre du personnel pr\u00e9sent\u00e9 comme in\u00e9vitable, nous serons en gr\u00e8ve pour <br \/>d\u00e9fendre l\u2019avenir de nos m\u00e9tiers, nos conditions de travail, l\u2019ADN de notre entreprise et <br \/>la qualit\u00e9 du service public que nous devons aux usagers\u00a0\u00bb, clame l\u2019intersyndicale de M\u2019Tag dans un communiqu\u00e9.<\/p>\n<p>Les perturbations annonc\u00e9es<\/p>\n<p class=\" wall-content\">Cette nouvelle gr\u00e8ve apr\u00e8s <a href=\"https:\/\/actu.fr\/auvergne-rhone-alpes\/grenoble_38185\/grenoble-ces-lignes-de-bus-et-de-tram-a-l-arret-pour-le-deuxieme-jour-de-greve-a-mtag_62801908.html\" target=\"_blank\" rel=\"noopener\">celle des 20 et 21 juin derniers<\/a> devraient \u00eatre suivie. \u00ab\u00a0On a toutes les cat\u00e9gories et m\u00eame des coll\u00e8gues de l\u2019encadrement qui se mettent en gr\u00e8ve\u00a0\u00bb, assure Fernando Martins, secr\u00e9taire et d\u00e9l\u00e9gu\u00e9 syndical FO chez M\u2019Tag.<\/p>\n<p class=\" wall-content\">Le trafic va logiquement \u00eatre adapt\u00e9 sur Grenoble pour la journ\u00e9e de jeudi, avec <strong>plusieurs lignes de tram et de bus qui ne vont pas \u00eatre assur\u00e9es<\/strong>.<\/p>\n<p class=\" wall-content\">Voici les pr\u00e9visions de circulation pour la journ\u00e9e de jeudi :<\/p>\n<ul class=\" wall-content\">\n<li><strong>Aucun tramway<\/strong> ne circulera de la journ\u00e9e,<\/li>\n<li>Les lignes Chrono C3,C4 et C7 resteront au d\u00e9p\u00f4t,\u00a0<\/li>\n<li>La ligne de bus Proximo 18 sera \u00e0 l\u2019arr\u00eat, tandis que les lignes 16, 19, 20 et 22 tourneront au ralenti avec des fr\u00e9quences plus espac\u00e9es (entre 17 et 30 minutes).<\/li>\n<\/ul>\n<p>    <a href=\"https:\/\/www.facebook.com\/plugins\/post.php?href=https%3A%2F%2Fwww.facebook.com%2FTransports.Mreso%2Fposts%2Fpfbid02XAeHHBjyLAyi2PLJQMfSceooCjnLjdcTteUamsetv5jC6ummmgBCjZnSpE6k6x9Sl&amp;show_text=true&amp;width=350\" title=\"Ouvrie le lien\" target=\"_blank\" rel=\"noopener\">Cliquez ici pour visualiser le contenu<\/a><\/p>\n<p>\u00ab\u00a0On a une direction compl\u00e8tement sourde\u00a0\u00bb<\/p>\n<p class=\" wall-content\">Comme en juin, les syndicats restent sur la m\u00eame position : non au plan de r\u00e9organisation interne. \u00ab\u00a0Il y a eu 2-3 choses qui ont \u00e9t\u00e9 repouss\u00e9es en janvier, mais on sait que ce n\u2019est qu\u2019une question de temps. On a une direction compl\u00e8tement sourde qui va d\u00e9rouler\u00a0\u00bb son plan, ass\u00e8ne Fernando Martins.<\/p>\n<p>Votre r\u00e9gion, votre actu !<\/p>\n<p>Recevez chaque jour les infos qui comptent pour vous.<\/p>\n<p>\t<a href=\"https:\/\/actu.fr\/newsletter\" class=\"ac-btn ac-btn--corner ac-btn--medium ac-btn--blue800\" target=\"_blank\" rel=\"noopener\">S&rsquo;incrire<\/a><\/p>\n<p class=\" wall-content\">De premi\u00e8res modifications ont d\u00e9j\u00e0 \u00e9t\u00e9 instaur\u00e9es sur le terrain, avec des <strong>r\u00e9sultats loin d\u2019\u00eatre concluants pour les syndicats<\/strong>. \u00ab\u00a0Sur la ligne C, on a des trams \u00e0 la bourre tout le temps, souffle le syndicaliste. Les usagers hurlent, ils ratent des correspondances\u2026\u00a0\u00bb\u00a0<\/p>\n<p class=\" wall-content\">Pour les syndicats, cette restructuration est synonyme de davantage de t\u00e2ches et de polyvalence, alors que des services sont <a href=\"https:\/\/actu.fr\/auvergne-rhone-alpes\/grenoble_38185\/grenoble-face-au-manque-d-effectifs-mtag-recrute-des-chauffeurs-150-postes-a-pourvoir_62233763.html\" target=\"_blank\" rel=\"noopener\">en manque de personnel<\/a> et que les salari\u00e9s sont \u00e9puis\u00e9s. \u00ab\u00a0On nous a d\u00e9j\u00e0 press\u00e9 le citron il y a deux ans en sortie de Covid. Les gens sont fatigu\u00e9s et l\u00e0, il y a encore une restructuration !\u00a0\u00bb<\/p>\n<p>Vers d\u2019autres gr\u00e8ves jusqu\u2019aux municipales ?\u00a0<\/p>\n<p class=\" wall-content\">L\u2019intersyndicale de M\u2019Tag donne donc rendez-vous d\u00e8s 5h30 aux trois d\u00e9p\u00f4ts du r\u00e9seau pour marquer leur col\u00e8re, avant une assembl\u00e9e g\u00e9n\u00e9rale du personnel au si\u00e8ge du CSE de l\u2019entreprise \u00e0 <a href=\"https:\/\/actu.fr\/auvergne-rhone-alpes\/eybens_38158\" target=\"_blank\" rel=\"noopener\">Eybens<\/a>.\u00a0 Et ce, alors qu\u2019\u00e0 quelques m\u00e8tres, les officiels c\u00e9l\u00e9breront les 50 ans de M\u2019Tag. Les gr\u00e9vistes n\u2019excluent d\u2019ailleurs pas d\u2019y passer une t\u00eate\u2026 \u00ab\u00a0\u00c7a se d\u00e9cidera en assembl\u00e9e g\u00e9n\u00e9rale !\u00a0\u00bb\u00a0<\/p>\n<p class=\" wall-content\">Ils ne comptent pas s\u2019arr\u00eater l\u00e0, le pr\u00e9avis de gr\u00e8ve courant jusqu\u2019au 31 d\u00e9cembre. Sans compter les municipales qui vont arriver juste apr\u00e8s et alors que, pour les syndicats, il y a un <strong>manque de soutien des politiques locaux<\/strong>. \u00ab\u00a0On ne les l\u00e2chera pas, on ira jusqu\u2019au bout\u00a0\u00bb, pr\u00e9vient Fernando Martins.<\/p>\n<p class=\" wall-content\">Personnalisez votre actualit\u00e9 en ajoutant vos villes et m\u00e9dias en favori avec <a href=\"https:\/\/moncompte.actu.fr\" title=\"D\u00e9couvez Mon Actu\" rel=\"nofollow noopener\" data-trk=\"{&quot;cta&quot;:{&quot;action&quot;:&quot;https:\\\/\\\/moncompte.actu.fr&quot;,&quot;category&quot;:&quot;mon compte&quot;,&quot;from&quot;:&quot;article footer&quot;,&quot;name&quot;:&quot;Mon actu&quot;,&quot;type&quot;:&quot;cta&quot;}}\" target=\"_blank\">Mon Actu<\/a>.<\/p>\n","protected":false},"excerpt":{"rendered":"Par Lisa Rodrigues Publi\u00e9 le 8 oct. 2025 \u00e0 8h45 La date n\u2019a pas \u00e9t\u00e9 choisie au hasard.&hellip;\n","protected":false},"author":2,"featured_media":447055,"comment_status":"","ping_status":"","sticky":false,"template":"","format":"standard","meta":{"footnotes":""},"categories":[9566],"tags":[1111,11,2430,1777,674,1011,27,2731,6151,12,25,104,8194],"class_list":{"0":"post-447054","1":"post","2":"type-post","3":"status-publish","4":"format-standard","5":"has-post-thumbnail","7":"category-grenoble","8":"tag-actu","9":"tag-actualites","10":"tag-auvergne-rhone-alpes","11":"tag-eu","12":"tag-europe","13":"tag-fr","14":"tag-france","15":"tag-grenoble","16":"tag-greve","17":"tag-news","18":"tag-republique-francaise","19":"tag-societe","20":"tag-transport-de-lagglomeration-grenobloise-tag"},"share_on_mastodon":{"url":"https:\/\/pubeurope.com\/@fr\/115337696618113763","error":""},"_links":{"self":[{"href":"https:\/\/www.europesays.com\/fr\/wp-json\/wp\/v2\/posts\/447054","targetHints":{"allow":["GET"]}}],"collection":[{"href":"https:\/\/www.europesays.com\/fr\/wp-json\/wp\/v2\/posts"}],"about":[{"href":"https:\/\/www.europesays.com\/fr\/wp-json\/wp\/v2\/types\/post"}],"author":[{"embeddable":true,"href":"https:\/\/www.europesays.com\/fr\/wp-json\/wp\/v2\/users\/2"}],"replies":[{"embeddable":true,"href":"https:\/\/www.europesays.com\/fr\/wp-json\/wp\/v2\/comments?post=447054"}],"version-history":[{"count":0,"href":"https:\/\/www.europesays.com\/fr\/wp-json\/wp\/v2\/posts\/447054\/revisions"}],"wp:featuredmedia":[{"embeddable":true,"href":"https:\/\/www.europesays.com\/fr\/wp-json\/wp\/v2\/media\/447055"}],"wp:attachment":[{"href":"https:\/\/www.europesays.com\/fr\/wp-json\/wp\/v2\/media?parent=447054"}],"wp:term":[{"taxonomy":"category","embeddable":true,"href":"https:\/\/www.europesays.com\/fr\/wp-json\/wp\/v2\/categories?post=447054"},{"taxonomy":"post_tag","embeddable":true,"href":"https:\/\/www.europesays.com\/fr\/wp-json\/wp\/v2\/tags?post=447054"}],"curies":[{"name":"wp","href":"https:\/\/api.w.org\/{rel}","templated":true}]}}