{"id":447058,"date":"2025-10-08T08:53:26","date_gmt":"2025-10-08T08:53:26","guid":{"rendered":"https:\/\/www.europesays.com\/fr\/447058\/"},"modified":"2025-10-08T08:53:26","modified_gmt":"2025-10-08T08:53:26","slug":"avec-le-voile-sombre-du-passe-cet-auteur-breton-propose-un-thriller-riche-en-rebondissements","status":"publish","type":"post","link":"https:\/\/www.europesays.com\/fr\/447058\/","title":{"rendered":"Avec \u00ab Le voile sombre du pass\u00e9 \u00bb, cet auteur breton propose un thriller riche en rebondissements"},"content":{"rendered":"<p>Dans ce roman, le lecteur est plong\u00e9 dans une enqu\u00eate polici\u00e8re hors normes, impliquant plusieurs victimes assassin\u00e9es dans des circonstances assez troublantes. \u00c0 premi\u00e8re vue, rien ne permet de d\u00e9terminer pourquoi ces derni\u00e8res ont \u00e9t\u00e9 prises pour cible, mais au fil des pages, le voile tombe, r\u00e9v\u00e9lant peu \u00e0 peu les contours d\u2019un secret que tous semblent partager.<\/p>\n<p>\u00ab\u00a0Un matin, un homme est retrouv\u00e9 assassin\u00e9 devant le jardin du Luxembourg. La disposition du corps et les indices retrouv\u00e9s sur place font imm\u00e9diatement penser \u00e0 une mise en sc\u00e8ne savamment orchestr\u00e9e. Pour l\u2019inspecteur Garandel, le temps est compt\u00e9, car, en plus de cette macabre d\u00e9couverte, une jeune femme a disparu. Un soir, il re\u00e7oit une lettre anonyme qui le pousse \u00e0 enqu\u00eater sur un ancien policier de Lille, Jack Delval, et sur une vieille affaire de disparition d\u2019enfant. De son c\u00f4t\u00e9, Sophie Delval a coup\u00e9 tout contact avec son p\u00e8re depuis dix ans. En s\u2019alliant \u00e0 l\u2019inspecteur Garandel, elle, qui avait promis de tirer un trait sur son pass\u00e9, va renouer avec l\u2019espoir de lever enfin le voile sur le secret qui hante sa famille.\u00a0\u00bb<\/p>\n<p>Luke James (nom de plume que l\u2019\u00e9crivain breton a utilis\u00e9) est originaire de Rennes. Avec \u00ab\u00a0Le voile sombre du pass\u00e9\u00a0\u00bb, il signe un <strong>polar \u00e0 la fois noir et profond\u00e9ment humain<\/strong>.<\/p>\n<p>Son r\u00e9cit, qui m\u00eale affaire criminelle hors normes et secrets familiaux, saura ravir les <strong>amateurs de thrillers bien ficel\u00e9s<\/strong> comme ceux qui aiment les histoires intimes, sombres, o\u00f9 les h\u00e9ros sont aussi d\u00e9termin\u00e9s que vuln\u00e9rables.<\/p>\n<p>Le roman est <strong>disponible sur les boutiques en ligne de la Fnac et de Cultura<\/strong>, ou peut \u00eatre command\u00e9 directement aupr\u00e8s de tous les libraires.<\/p>\n<p>\u00a0<\/p>\n","protected":false},"excerpt":{"rendered":"Dans ce roman, le lecteur est plong\u00e9 dans une enqu\u00eate polici\u00e8re hors normes, impliquant plusieurs victimes assassin\u00e9es dans&hellip;\n","protected":false},"author":2,"featured_media":447059,"comment_status":"","ping_status":"","sticky":false,"template":"","format":"standard","meta":{"footnotes":""},"categories":[2821],"tags":[1111,11,3355,829,6978,1777,674,1011,27,12,6088,57288,584,25,14660,7875,5883,10887],"class_list":{"0":"post-447058","1":"post","2":"type-post","3":"status-publish","4":"format-standard","5":"has-post-thumbnail","7":"category-rennes","8":"tag-actu","9":"tag-actualites","10":"tag-auteur","11":"tag-bretagne","12":"tag-breton","13":"tag-eu","14":"tag-europe","15":"tag-fr","16":"tag-france","17":"tag-news","18":"tag-propose","19":"tag-rebondissements","20":"tag-rennes","21":"tag-republique-francaise","22":"tag-riche","23":"tag-sombre","24":"tag-thriller","25":"tag-voile"},"share_on_mastodon":{"url":"https:\/\/pubeurope.com\/@fr\/115337704617404178","error":""},"_links":{"self":[{"href":"https:\/\/www.europesays.com\/fr\/wp-json\/wp\/v2\/posts\/447058","targetHints":{"allow":["GET"]}}],"collection":[{"href":"https:\/\/www.europesays.com\/fr\/wp-json\/wp\/v2\/posts"}],"about":[{"href":"https:\/\/www.europesays.com\/fr\/wp-json\/wp\/v2\/types\/post"}],"author":[{"embeddable":true,"href":"https:\/\/www.europesays.com\/fr\/wp-json\/wp\/v2\/users\/2"}],"replies":[{"embeddable":true,"href":"https:\/\/www.europesays.com\/fr\/wp-json\/wp\/v2\/comments?post=447058"}],"version-history":[{"count":0,"href":"https:\/\/www.europesays.com\/fr\/wp-json\/wp\/v2\/posts\/447058\/revisions"}],"wp:featuredmedia":[{"embeddable":true,"href":"https:\/\/www.europesays.com\/fr\/wp-json\/wp\/v2\/media\/447059"}],"wp:attachment":[{"href":"https:\/\/www.europesays.com\/fr\/wp-json\/wp\/v2\/media?parent=447058"}],"wp:term":[{"taxonomy":"category","embeddable":true,"href":"https:\/\/www.europesays.com\/fr\/wp-json\/wp\/v2\/categories?post=447058"},{"taxonomy":"post_tag","embeddable":true,"href":"https:\/\/www.europesays.com\/fr\/wp-json\/wp\/v2\/tags?post=447058"}],"curies":[{"name":"wp","href":"https:\/\/api.w.org\/{rel}","templated":true}]}}