{"id":447062,"date":"2025-10-08T08:55:13","date_gmt":"2025-10-08T08:55:13","guid":{"rendered":"https:\/\/www.europesays.com\/fr\/447062\/"},"modified":"2025-10-08T08:55:13","modified_gmt":"2025-10-08T08:55:13","slug":"strasbourg-des-tags-a-la-gloire-du-hamas-sur-le-batiment-de-sciences-po","status":"publish","type":"post","link":"https:\/\/www.europesays.com\/fr\/447062\/","title":{"rendered":"Strasbourg. Des tags \u00e0 la gloire du Hamas sur le b\u00e2timent de Sciences-Po"},"content":{"rendered":"<p>C\u2019est un b\u00e2timent recouvert de tags qu\u2019ont d\u00e9couvert ce mercredi matin \u00e9tudiants et professeurs \u00e0 leur arriv\u00e9e au Cardo, le b\u00e2timent qui accueille notamment Sciences Po Strasbourg. En lettres rouges, des messages de haine \u00e0 l\u2019encontre d\u2019Isra\u00ebl, d\u2019autres \u00e0 la gloire du groupe terroriste Hamas s\u2019\u00e9talent sur portes vitr\u00e9es, bardages ou murs d\u2019enceinte. La police a proc\u00e9d\u00e9 \u00e0 des constatations, une enqu\u00eate a \u00e9t\u00e9 ouverte et une plainte doit \u00eatre d\u00e9pos\u00e9e.<\/p>\n<p>Ces d\u00e9gradations interviennent au lendemain du deuxi\u00e8me anniversaire des massacres du 7 octobre, perp\u00e9tr\u00e9s par le Hamas en Isra\u00ebl, et \u00e0 la veille de la <a href=\"https:\/\/www.dna.fr\/education\/2025\/10\/06\/a-sciences-po-strasbourg-le-forum-pour-la-paix-s-annonce-tumultueux\" target=\"_blank\" rel=\"nofollow noopener\">venue dans l\u2019\u00e9tablissement de l\u2019ancien ambassadeur de France en Isra\u00ebl Eric Danon dans le cadre d\u2019un \u00ab Forum pour la paix \u00bb, propos\u00e9 par la direction<\/a>.<\/p>\n<p>Quelque 25 organisations syndicales et politiques alsaciennes ont appel\u00e9 \u00e0 un rassemblement ce jeudi 9 octobre pour exprimer leur opposition \u00e0 la conf\u00e9rence de l\u2019ancien diplomate. Ce dernier a r\u00e9cemment tenu des propos sur le nombre de morts \u00e0 Gaza qu\u2019il serait pr\u00eat \u00e0 \u00ab assumer publiquement \u00bb, suscitant l\u2019indignation desdites organisations. \u00ab Nous refusons que cet homme s\u2019exprime au sein de notre lieu d\u2019\u00e9tudes ! \u00bb, d\u00e9claraient-elles en d\u00e9but de semaine dans un communiqu\u00e9 adress\u00e9 par Sciences Po Palestine. Quand la direction fait valoir la \u00ab confrontation argument\u00e9e et organis\u00e9e des points de vue \u00bb comme ADN de l\u2019\u00e9tablissement.<\/p>\n<p>\u00ab La conf\u00e9rence aura lieu \u00bb, maintenait-elle ce mercredi matin.<\/p>\n<p>Sciences Po Strasbourg a ces derniers mois \u00e9t\u00e9 marqu\u00e9 par plusieurs blocages en soutien \u00e0 Gaza, ainsi qu\u2019une longue \u2013 et non achev\u00e9e \u2013 pol\u00e9mique concernant le partenariat avec l\u2019Universit\u00e9 isra\u00e9lienne Reichman.<\/p>\n<p class=\"note\">(*) Pour des raisons de d\u00e9ontologie, nous ne reproduisons pas les messages d\u2019incitation \u00e0 la haine ou d\u2019apologie du terrorisme.<\/p>\n","protected":false},"excerpt":{"rendered":"C\u2019est un b\u00e2timent recouvert de tags qu\u2019ont d\u00e9couvert ce mercredi matin \u00e9tudiants et professeurs \u00e0 leur arriv\u00e9e au&hellip;\n","protected":false},"author":2,"featured_media":447063,"comment_status":"","ping_status":"","sticky":false,"template":"","format":"standard","meta":{"footnotes":""},"categories":[2820],"tags":[1111,11,2649,2880,1777,674,274,107,1011,27,775,12,25,640,2879],"class_list":{"0":"post-447062","1":"post","2":"type-post","3":"status-publish","4":"format-standard","5":"has-post-thumbnail","7":"category-strasbourg","8":"tag-actu","9":"tag-actualites","10":"tag-bas-rhin","11":"tag-edition-strasbourg","12":"tag-eu","13":"tag-europe","14":"tag-faits-divers-justice","15":"tag-fil-info","16":"tag-fr","17":"tag-france","18":"tag-grand-est","19":"tag-news","20":"tag-republique-francaise","21":"tag-strasbourg","22":"tag-strasbourg-ville"},"share_on_mastodon":{"url":"https:\/\/pubeurope.com\/@fr\/115337712313421845","error":""},"_links":{"self":[{"href":"https:\/\/www.europesays.com\/fr\/wp-json\/wp\/v2\/posts\/447062","targetHints":{"allow":["GET"]}}],"collection":[{"href":"https:\/\/www.europesays.com\/fr\/wp-json\/wp\/v2\/posts"}],"about":[{"href":"https:\/\/www.europesays.com\/fr\/wp-json\/wp\/v2\/types\/post"}],"author":[{"embeddable":true,"href":"https:\/\/www.europesays.com\/fr\/wp-json\/wp\/v2\/users\/2"}],"replies":[{"embeddable":true,"href":"https:\/\/www.europesays.com\/fr\/wp-json\/wp\/v2\/comments?post=447062"}],"version-history":[{"count":0,"href":"https:\/\/www.europesays.com\/fr\/wp-json\/wp\/v2\/posts\/447062\/revisions"}],"wp:featuredmedia":[{"embeddable":true,"href":"https:\/\/www.europesays.com\/fr\/wp-json\/wp\/v2\/media\/447063"}],"wp:attachment":[{"href":"https:\/\/www.europesays.com\/fr\/wp-json\/wp\/v2\/media?parent=447062"}],"wp:term":[{"taxonomy":"category","embeddable":true,"href":"https:\/\/www.europesays.com\/fr\/wp-json\/wp\/v2\/categories?post=447062"},{"taxonomy":"post_tag","embeddable":true,"href":"https:\/\/www.europesays.com\/fr\/wp-json\/wp\/v2\/tags?post=447062"}],"curies":[{"name":"wp","href":"https:\/\/api.w.org\/{rel}","templated":true}]}}