{"id":447068,"date":"2025-10-08T08:59:10","date_gmt":"2025-10-08T08:59:10","guid":{"rendered":"https:\/\/www.europesays.com\/fr\/447068\/"},"modified":"2025-10-08T08:59:10","modified_gmt":"2025-10-08T08:59:10","slug":"la-majorite-prevoit-130-millions-deuros-dinvestissement","status":"publish","type":"post","link":"https:\/\/www.europesays.com\/fr\/447068\/","title":{"rendered":"la majorit\u00e9 pr\u00e9voit 130 millions d&rsquo;euros d&rsquo;investissement"},"content":{"rendered":"<p>            Par<br \/>\n        <strong><br \/>\n            <a href=\"https:\/\/actu.fr\/auteur\/laure-gentil\" title=\"Consulter tous les articles de Laure Gentil\" target=\"_blank\" rel=\"noopener\">Laure Gentil<\/a><br \/>\n        <\/strong><\/p>\n<p>        Publi\u00e9 le<\/p>\n<p>            8 oct. 2025 \u00e0 10h02        <\/p>\n<p>Le<strong> budget 2026 de la Ville de Nantes<\/strong> doit \u00eatre vot\u00e9 au conseil municipal en d\u00e9cembre. Mais avant cela, \u00ab\u2009le d\u00e9bat d\u2019orientation budg\u00e9taire\u2009\u00bb doit se tenir au conseil municipal de ce vendredi 10\u00a0octobre 2025. Ce d\u00e9bat doit \u00ab\u2009pr\u00e9senter la strat\u00e9gie\u2009\u00bb de la municipalit\u00e9.<\/p>\n<p class=\" wall-content\">Un exercice d\u2019\u00e9quilibriste au vu de la situation politique et \u00e9conomique actuelle\u2009: le<strong> projet de la loi de finance<\/strong> n\u2019a toujours pas \u00e9t\u00e9 pr\u00e9sent\u00e9 au Parlement et <a href=\"https:\/\/actu.fr\/pays-de-la-loire\/nantes_44109\/demission-de-sebastien-lecornu-la-situation-est-affligeante-denonce-johanna-rolland_63261815.html\" target=\"_blank\" rel=\"noopener\">S\u00e9bastien Lecornu a d\u00e9missionn\u00e9 du poste de Premier ministre<\/a>. Un poste qu\u2019il a tenu pendant seulement 27\u00a0jours.<\/p>\n<p class=\" wall-content\">\u00ab\u2009On a anticip\u00e9 pour \u00eatre au plus pr\u00e8s\u2009\u00bb, a assur\u00e9 <strong>Pascal Bolo, adjoint \u00e0 la mairie<\/strong>, d\u00e9l\u00e9gu\u00e9 aux finances. \u00ab\u2009Dans cette p\u00e9riode, je crois que nos villes sont des espaces de stabilit\u00e9 et des espaces de clart\u00e9.\u2009\u00bb<\/p>\n<p>714\u00a0millions d\u2019investissement sur le mandat<\/p>\n<p class=\" wall-content\">En 2026, Pascal Bolo annonce un \u00ab\u2009<strong>tr\u00e8s haut niveau d\u2019investissement<\/strong>\u2009\u00bb avec 130\u00a0millions d\u2019euros pr\u00e9vus \u00e0 cet effet. \u00ab\u2009C\u2019est assez \u00e9norme\u2009\u00bb, a-t-il comment\u00e9. 16\u00a0millions seront destin\u00e9s \u00e0 l\u2019entretien des b\u00e2timents municipaux et <strong>30 \u00e0 35\u00a0millions pour les \u00e9coles<\/strong>. Le reste sera destin\u00e9 au sport, aux travaux dans les p\u00f4les associatifs, dans le domaine culturel et pour les espaces verts. Sur la totalit\u00e9 du mandat, le montant grimpe \u00e0 714\u00a0millions d\u2019euros d\u2019investissements.<\/p>\n<p class=\" wall-content\">Malgr\u00e9 la guerre en Ukraine et la crise du Covid, \u00ab\u2009on arrive au bout du mandat \u00e0 tenir quand m\u00eame notre strat\u00e9gie financi\u00e8re et on s\u2019est rendett\u00e9e de mani\u00e8re extr\u00eamement raisonnable\u2009\u00bb, selon l\u2019\u00e9lu.<\/p>\n<p class=\" wall-content\">Personnalisez votre actualit\u00e9 en ajoutant vos villes et m\u00e9dias en favori avec <a href=\"https:\/\/moncompte.actu.fr\" title=\"D\u00e9couvez Mon Actu\" rel=\"nofollow noopener\" data-trk=\"{&quot;cta&quot;:{&quot;action&quot;:&quot;https:\\\/\\\/moncompte.actu.fr&quot;,&quot;category&quot;:&quot;mon compte&quot;,&quot;from&quot;:&quot;article footer&quot;,&quot;name&quot;:&quot;Mon actu&quot;,&quot;type&quot;:&quot;cta&quot;}}\" target=\"_blank\">Mon Actu<\/a>.<\/p>\n","protected":false},"excerpt":{"rendered":"Par Laure Gentil Publi\u00e9 le 8 oct. 2025 \u00e0 10h02 Le budget 2026 de la Ville de Nantes&hellip;\n","protected":false},"author":2,"featured_media":447069,"comment_status":"","ping_status":"","sticky":false,"template":"","format":"standard","meta":{"footnotes":""},"categories":[2818],"tags":[1111,11,1003,33,1777,674,1011,27,766,12,2636,25],"class_list":{"0":"post-447068","1":"post","2":"type-post","3":"status-publish","4":"format-standard","5":"has-post-thumbnail","7":"category-nantes","8":"tag-actu","9":"tag-actualites","10":"tag-budget","11":"tag-economie","12":"tag-eu","13":"tag-europe","14":"tag-fr","15":"tag-france","16":"tag-nantes","17":"tag-news","18":"tag-pays-de-la-loire","19":"tag-republique-francaise"},"share_on_mastodon":{"url":"https:\/\/pubeurope.com\/@fr\/115337728163278434","error":""},"_links":{"self":[{"href":"https:\/\/www.europesays.com\/fr\/wp-json\/wp\/v2\/posts\/447068","targetHints":{"allow":["GET"]}}],"collection":[{"href":"https:\/\/www.europesays.com\/fr\/wp-json\/wp\/v2\/posts"}],"about":[{"href":"https:\/\/www.europesays.com\/fr\/wp-json\/wp\/v2\/types\/post"}],"author":[{"embeddable":true,"href":"https:\/\/www.europesays.com\/fr\/wp-json\/wp\/v2\/users\/2"}],"replies":[{"embeddable":true,"href":"https:\/\/www.europesays.com\/fr\/wp-json\/wp\/v2\/comments?post=447068"}],"version-history":[{"count":0,"href":"https:\/\/www.europesays.com\/fr\/wp-json\/wp\/v2\/posts\/447068\/revisions"}],"wp:featuredmedia":[{"embeddable":true,"href":"https:\/\/www.europesays.com\/fr\/wp-json\/wp\/v2\/media\/447069"}],"wp:attachment":[{"href":"https:\/\/www.europesays.com\/fr\/wp-json\/wp\/v2\/media?parent=447068"}],"wp:term":[{"taxonomy":"category","embeddable":true,"href":"https:\/\/www.europesays.com\/fr\/wp-json\/wp\/v2\/categories?post=447068"},{"taxonomy":"post_tag","embeddable":true,"href":"https:\/\/www.europesays.com\/fr\/wp-json\/wp\/v2\/tags?post=447068"}],"curies":[{"name":"wp","href":"https:\/\/api.w.org\/{rel}","templated":true}]}}