{"id":447070,"date":"2025-10-08T09:00:22","date_gmt":"2025-10-08T09:00:22","guid":{"rendered":"https:\/\/www.europesays.com\/fr\/447070\/"},"modified":"2025-10-08T09:00:22","modified_gmt":"2025-10-08T09:00:22","slug":"les-insoumis-retrouvent-un-etat-major","status":"publish","type":"post","link":"https:\/\/www.europesays.com\/fr\/447070\/","title":{"rendered":"les Insoumis retrouvent un \u00e9tat-major"},"content":{"rendered":"<p>Le conseiller r\u00e9gional William Aucant a \u00e9t\u00e9 r\u00e9investi co-chef de file du mouvement \u00e0 Nantes, aux c\u00f4t\u00e9s d\u2019une nouvelle colisti\u00e8re, Erika Cadersah. Apr\u00e8s un \u00e9t\u00e9 turbulent, le groupe nantais compte faire entendre sa voix dans les \u00e9lections \u00e0 venir.<\/p>\n<p class=\"fig-paragraph\">Se remettre en selle apr\u00e8s un \u00e9t\u00e9 d\u00e9sar\u00e7onnant. La France insoumise a trouv\u00e9 un nouvel \u00e9tat-major pour mener la campagne \u00e0 Nantes (Loire-Atlantique), en vue des \u00e9lections municipales des 15 et 22 mars 2026. Mis\u00a0<a href=\"http:\/\/www.lefigaro.fr\/nantes\/municipales-a-nantes-apres-le-retrait-de-ses-deux-chefs-de-fiel-la-campagne-de-la-france-insoumise-sombre-dans-l-incertitude-20250908\" target=\"_blank\" data-fig-type=\"NewsFlash\" rel=\"noopener nofollow\" data-gtm-custom-categorie=\"navigation\" data-gtm-custom-action=\"crossclick\" data-gtm-custom-label=\"Contextuel\" data-gtm-event=\"customEventSPE\" data-fig-domain=\"LEFIGARO\">en retrait d\u00e9but septembre<\/a>, l\u2019un\u00a0<a href=\"http:\/\/www.lefigaro.fr\/nantes\/municipales-2026-a-nantes-les-insoumis-designent-deux-chefs-de-file-pour-faire-mieux-que-le-ps-20250319\" target=\"_blank\" data-fig-type=\"NewsFlash\" rel=\"noopener nofollow\" data-gtm-custom-categorie=\"navigation\" data-gtm-custom-action=\"crossclick\" data-gtm-custom-label=\"Contextuel\" data-gtm-event=\"customEventSPE\" data-fig-domain=\"LEFIGARO\">des co-chefs de file originaux de la campagne<\/a>, William Aucant, est r\u00e9investi dans ses fonctions. Victime \u00e9ph\u00e9m\u00e8re des turbulences travers\u00e9es ces derniers mois par les Insoumis nantais, le conseiller r\u00e9gional des Pays de la Loire reprend le pilotage de la campagne aux c\u00f4t\u00e9s d\u2019une nouvelle colisti\u00e8re, Erika Cadersah, annonce, mercredi 8 octobre, la direction d\u00e9partementale de La France insoumise. Une conf\u00e9rence de presse est pr\u00e9vue jeudi pour relancer la campagne du mouvement \u00e0 Nantes.<\/p>\n<p class=\"fig-paragraph\">Les nouveaux chefs de file ont \u00e9t\u00e9 d\u00e9sign\u00e9s \u00ab\u00e0 l\u2019issue d\u2019un processus interne, supervis\u00e9 par le comit\u00e9 \u00e9lectoral national de La France insoumise\u00bb pr\u00e9cise le mouvement dans un communiqu\u00e9 diffus\u00e9 mercredi matin. Inconnue hors des cercles insoumis locaux, Erika Cadersah se pr\u00e9sente comme une \u00abactiviste antiraciste et d\u00e9coloniale\u00bb. \u00c2g\u00e9e de 52 ans, elle s\u2019est notamment mobilis\u00e9e aux c\u00f4t\u00e9s\u00a0<a href=\"http:\/\/www.lefigaro.fr\/international\/dissolution-d-urgence-palestine-amnesty-international-denonce-un-signal-alarmant-20250512\" target=\"_blank\" data-fig-type=\"NewsFlash\" rel=\"noopener nofollow\" data-gtm-custom-categorie=\"navigation\" data-gtm-custom-action=\"crossclick\" data-gtm-custom-label=\"Contextuel\" data-gtm-event=\"customEventSPE\" data-fig-domain=\"LEFIGARO\">du collectif Urgence Palestine<\/a>, l\u2019association Autisme 44 ou encore le mouvement nantais contre\u00a0<a href=\"http:\/\/www.lefigaro.fr\/nantes\/expulsion-d-etrangers-a-nantes-la-maire-socialiste-se-prononce-contre-le-futur-cra-mais-a-titre-personnel-20250721\" target=\"_blank\" data-fig-type=\"NewsFlash\" rel=\"noopener nofollow\" data-gtm-custom-categorie=\"navigation\" data-gtm-custom-action=\"crossclick\" data-gtm-custom-label=\"Contextuel\" data-gtm-event=\"customEventSPE\" data-fig-domain=\"LEFIGARO\">l\u2019installation d\u2019un centre de r\u00e9tention administrative (CRA) dans l\u2019agglom\u00e9ration<\/a>. D\u2019apr\u00e8s les informations du quotidien\u00a0<a href=\"https:\/\/www.ouest-france.fr\/elections\/municipales\/a-nantes-les-insoumis-designent-un-binome-de-sortie-de-la-crise-william-aucant-et-erika-cadersah-eccb0418-a37c-11f0-be69-69357557951a\" target=\"_blank\" rel=\"sponsored noopener nofollow\" data-gtm-custom-categorie=\"navigation\" data-gtm-custom-action=\"crossclick\" data-gtm-custom-label=\"Contextuel\" data-gtm-event=\"customEventSPE\">Ouest France<\/a>, la d\u00e9signation finale du bin\u00f4me aurait \u00e9t\u00e9 prise le 3 octobre. Un appel \u00e0 candidatures interne au mouvement nantais aurait permis, en septembre, de faire \u00e9merger le profil d\u2019Erika Cadersah.<\/p>\n<p>                                    <a class=\"fig-a11y-skip a11y-hidden\" href=\"#fig-a11y-skip-main-inarticle\"><br \/>\n        Passer la publicit\u00e9<br \/>\n    <\/a><\/p>\n<p>N\u00e9gocier avec les gauches<\/p>\n<p class=\"fig-paragraph\">La co-cheffe de file originelle de William Aucant, Marina Ferreruela, avait \u00e9t\u00e9 suspendue, d\u00e9but ao\u00fbt, dans la foul\u00e9e de r\u00e9v\u00e9lations concernant des\u00a0<a href=\"http:\/\/www.lefigaro.fr\/nantes\/harcelement-racisme-couverture-d-un-viol-a-nantes-de-graves-accusations-secouent-la-france-insoumise-20250715\" target=\"_blank\" data-fig-type=\"NewsFlash\" rel=\"noopener nofollow\" data-gtm-custom-categorie=\"navigation\" data-gtm-custom-action=\"crossclick\" data-gtm-custom-label=\"Contextuel\" data-gtm-event=\"customEventSPE\" data-fig-domain=\"LEFIGARO\">accusations internes de harc\u00e8lement, de racisme ainsi que la possible couverture d\u2019un viol<\/a>. Mise en cause, l\u2019\u00e9lue r\u00e9gionale avait r\u00e9cus\u00e9 toute passivit\u00e9 face \u00e0 ces dossiers, soup\u00e7onnant une \u00abtentative de d\u00e9stabilisation de la campagne\u00bb. D\u00e9but septembre, la diffusion d\u2019un mail anonyme au sein de la presse locale, avait bri\u00e8vement rouvert l\u2019affaire en pr\u00e9sentant l\u2019\u00e9viction de Marina Ferreruela commune un \u00abputsch\u00bb interne. Une r\u00e9union de crise r\u00e9unissant les d\u00e9put\u00e9s nantais\u00a0<a href=\"http:\/\/www.lefigaro.fr\/politique\/le-stigmate-me-restera-a-la-peau-pris-en-flagrant-delit-d-achat-de-drogue-le-depute-lfi-andy-kerbrat-fait-son-retour-a-l-assemblee-20250711\" target=\"_blank\" data-fig-type=\"NewsFlash\" rel=\"noopener nofollow\" data-gtm-custom-categorie=\"navigation\" data-gtm-custom-action=\"crossclick\" data-gtm-custom-label=\"Contextuel\" data-gtm-event=\"customEventSPE\" data-fig-domain=\"LEFIGARO\">Andy Kerbrat<\/a>\u00a0et S\u00e9gol\u00e8ne Amiot, ainsi que leurs coll\u00e8gues parisiens\u00a0<a href=\"http:\/\/www.lefigaro.fr\/politique\/affichage-sauvage-et-barbecue-public-sans-autorisation-louis-boyard-verbalise-par-la-mairie-de-villeneuve-saint-georges-20250728\" target=\"_blank\" data-fig-type=\"NewsFlash\" rel=\"noopener nofollow\" data-gtm-custom-categorie=\"navigation\" data-gtm-custom-action=\"crossclick\" data-gtm-custom-label=\"Contextuel\" data-gtm-event=\"customEventSPE\" data-fig-domain=\"LEFIGARO\">Louis Boyard<\/a>\u00a0et\u00a0<a href=\"http:\/\/www.lefigaro.fr\/politique\/la-deputee-lfi-daniele-obono-regrette-que-son-mouvement-soit-reste-celui-de-la-gauche-blanche-20250213\" target=\"_blank\" data-fig-type=\"NewsFlash\" rel=\"noopener nofollow\" data-gtm-custom-categorie=\"navigation\" data-gtm-custom-action=\"crossclick\" data-gtm-custom-label=\"Contextuel\" data-gtm-event=\"customEventSPE\" data-fig-domain=\"LEFIGARO\">Dani\u00e8le Obono<\/a>\u00a0avait alors ent\u00e9rin\u00e9 la mise en retrait compl\u00e9mentaire de William Aucant.<\/p>\n<p class=\"fig-body-link\">\n            \u00c0 lire aussi<br \/>\n        <a class=\"fig-body-link__link\" href=\"http:\/\/www.lefigaro.fr\/nantes\/municipales-a-saint-nazaire-loin-du-tumulte-parisien-la-droite-et-le-centre-revent-de-renverser-ensemble-100-ans-de-socialisme-20251007\" target=\"_blank\" data-fig-type=\"NewsFlash\" rel=\"noopener nofollow\" data-gtm-custom-categorie=\"navigation\" data-gtm-custom-action=\"crossclick\" data-gtm-custom-label=\"Contextuel\" data-gtm-event=\"customEventSPE\" data-fig-domain=\"LEFIGARO\">Municipales \u00e0 Saint-Nazaire\u00a0: loin du tumulte parisien, la droite et le centre r\u00eavent de renverser (ensemble) 100 ans de socialisme<br \/>\n    <\/a>\n<\/p>\n<p class=\"fig-paragraph\">Un mois plus tard, les instances nationales de La France insoumise ont tranch\u00e9 en faveur du conseiller r\u00e9gional. De retour aux manettes de la campagne insoumise, William Aucant n\u2019a plus que quelques jours pour trouver, avec Erika Cadersah, le chemin d\u2019un \u00e9ventuel accord avec les autres forces de gauche nantaises, en vue de pr\u00e9senter une liste commune d\u00e8s le premier tour des \u00e9lections municipales.<\/p>\n<p class=\"fig-paragraph\">Les n\u00e9gociations entre les autres mouvements de gauche \u00e0 Nantes se sont poursuivies tout l\u2019\u00e9t\u00e9 ainsi qu\u2019\u00e0 la rentr\u00e9e. Men\u00e9e par l\u2019\u00e9cologiste Marie Vitoux, avec le soutien des sections locales du mouvement \u00e9cologiste et citoyen Avec, du parti animaliste et de G\u00e9n\u00e9ration \u00e9cologie, la plateforme \u00abAmbitions communes\u00bb a indiqu\u00e9, fin septembre, que ses adh\u00e9rents devraient valider autour du 15 octobre toute proposition d\u2019union qui se serait cristallis\u00e9e d\u2019ici \u00e0 cette date. En 2020, la liste \u00e9cologiste avait fusionn\u00e9 au second tour avec la campagne men\u00e9e par la maire socialiste Johanna Rolland, en \u00e9cartant la liste citoyenne de Margot Medkour, alors soutenue par La France insoumise.<\/p>\n","protected":false},"excerpt":{"rendered":"Le conseiller r\u00e9gional William Aucant a \u00e9t\u00e9 r\u00e9investi co-chef de file du mouvement \u00e0 Nantes, aux c\u00f4t\u00e9s d\u2019une&hellip;\n","protected":false},"author":2,"featured_media":447071,"comment_status":"","ping_status":"","sticky":false,"template":"","format":"standard","meta":{"footnotes":""},"categories":[2818],"tags":[1111,11,4188,1777,674,1011,27,2338,766,12,2636,25],"class_list":{"0":"post-447070","1":"post","2":"type-post","3":"status-publish","4":"format-standard","5":"has-post-thumbnail","7":"category-nantes","8":"tag-actu","9":"tag-actualites","10":"tag-elections-municipales","11":"tag-eu","12":"tag-europe","13":"tag-fr","14":"tag-france","15":"tag-la-france-insoumise","16":"tag-nantes","17":"tag-news","18":"tag-pays-de-la-loire","19":"tag-republique-francaise"},"share_on_mastodon":{"url":"https:\/\/pubeurope.com\/@fr\/115337732037099723","error":""},"_links":{"self":[{"href":"https:\/\/www.europesays.com\/fr\/wp-json\/wp\/v2\/posts\/447070","targetHints":{"allow":["GET"]}}],"collection":[{"href":"https:\/\/www.europesays.com\/fr\/wp-json\/wp\/v2\/posts"}],"about":[{"href":"https:\/\/www.europesays.com\/fr\/wp-json\/wp\/v2\/types\/post"}],"author":[{"embeddable":true,"href":"https:\/\/www.europesays.com\/fr\/wp-json\/wp\/v2\/users\/2"}],"replies":[{"embeddable":true,"href":"https:\/\/www.europesays.com\/fr\/wp-json\/wp\/v2\/comments?post=447070"}],"version-history":[{"count":0,"href":"https:\/\/www.europesays.com\/fr\/wp-json\/wp\/v2\/posts\/447070\/revisions"}],"wp:featuredmedia":[{"embeddable":true,"href":"https:\/\/www.europesays.com\/fr\/wp-json\/wp\/v2\/media\/447071"}],"wp:attachment":[{"href":"https:\/\/www.europesays.com\/fr\/wp-json\/wp\/v2\/media?parent=447070"}],"wp:term":[{"taxonomy":"category","embeddable":true,"href":"https:\/\/www.europesays.com\/fr\/wp-json\/wp\/v2\/categories?post=447070"},{"taxonomy":"post_tag","embeddable":true,"href":"https:\/\/www.europesays.com\/fr\/wp-json\/wp\/v2\/tags?post=447070"}],"curies":[{"name":"wp","href":"https:\/\/api.w.org\/{rel}","templated":true}]}}