{"id":447080,"date":"2025-10-08T09:06:11","date_gmt":"2025-10-08T09:06:11","guid":{"rendered":"https:\/\/www.europesays.com\/fr\/447080\/"},"modified":"2025-10-08T09:06:11","modified_gmt":"2025-10-08T09:06:11","slug":"avis-dinformation-du-public-actualites","status":"publish","type":"post","link":"https:\/\/www.europesays.com\/fr\/447080\/","title":{"rendered":"Avis d\u2019information du public \/ Actualit\u00e9s"},"content":{"rendered":"<p>Deux avis d&rsquo;information d\u00e9finissant les conditions de la mise \u00e0 disposition des dossiers pr\u00e9sentant les projets simplifi\u00e9s d&rsquo;acquisition publique de 2 immeubles situ\u00e9s dans le quartier de Lille Fives on \u00e9t\u00e9 publi\u00e9s.<\/p>\n<p>            <img loading=\"lazy\" decoding=\"async\" src=\"\/var\/www\/storage\/images\/mediatheque\/mairie-de-lille\/actualites\/images\/2025\/octobre-2025\/fives\/3866445-1-fre-FR\/fives_news_image_top.png\" width=\"779\" height=\"518\" alt=\"Vue a\u00e9rienne du quartier de Fives\"\/><br \/>\n    \tVue a\u00e9rienne du quartier de Fives<\/p>\n<p>Dans le cadre du dispositif de traitement des logements vacants d\u00e9grad\u00e9s confi\u00e9 par la MEL, La Fabrique des quartiers a \u00e9t\u00e9 saisie de la situation des immeubles sis 51 rue de Lannoy et 49 rue Malsence \u00e0 Lille sur lesquels la Ville de Lille a engag\u00e9 une proc\u00e9dure de d\u00e9claration d\u2019\u00e9tat d\u2019abandon manifeste par la Ville par d\u00e9lib\u00e9rations du 8 d\u00e9cembre 2023 et 8 avril 2022.<\/p>\n<p>La MEL, par les d\u00e9cisions n\u00b025DD0766 et 25DD0767 en date du 21 juillet 2025 a d\u00e9cid\u00e9 la poursuite des proc\u00e9dures d\u2019expropriation et a d\u00e9termin\u00e9 les conditions de mise \u00e0 disposition des dossiers simplifi\u00e9s d&rsquo;acquisition publique des immeubles.<\/p>\n<p>Ces avis reprennent donc les conditions de la mise \u00e0 disposition des dossiers pr\u00e9sentant les projets simplifi\u00e9s d\u2019acquisition publique des immeubles sis 51 rue de Lannoy et 49 rue Malsence \u00e0 Lille suite \u00e0 l\u2019\u00e9tat d\u2019abandon constat\u00e9 par proc\u00e8s-verbaux d\u00e9finitifs respectifs en date du 23 ao\u00fbt 2023 et 7 mars 2022.<\/p>\n<p><strong>La mise \u00e0 disposition publique se d\u00e9roulera du 30 octobre 2025 au 30 novembre 2025 inclus, en mairie de Lille\u00a0aux horaires d&rsquo;ouverture au public :\u00a0du lundi au vendredi, de 8h \u00e0 17h et le samedi, de 8h \u00e0 12h.<\/strong><\/p>\n<p>Consulter les avis\t<\/p>\n","protected":false},"excerpt":{"rendered":"Deux avis d&rsquo;information d\u00e9finissant les conditions de la mise \u00e0 disposition des dossiers pr\u00e9sentant les projets simplifi\u00e9s d&rsquo;acquisition&hellip;\n","protected":false},"author":2,"featured_media":447081,"comment_status":"","ping_status":"","sticky":false,"template":"","format":"standard","meta":{"footnotes":""},"categories":[2815],"tags":[1111,11,4763,1777,674,1011,27,811,1307,5415,12,25],"class_list":{"0":"post-447080","1":"post","2":"type-post","3":"status-publish","4":"format-standard","5":"has-post-thumbnail","7":"category-lille","8":"tag-actu","9":"tag-actualites","10":"tag-agenda","11":"tag-eu","12":"tag-europe","13":"tag-fr","14":"tag-france","15":"tag-hauts-de-france","16":"tag-lille","17":"tag-mairie","18":"tag-news","19":"tag-republique-francaise"},"share_on_mastodon":{"url":"https:\/\/pubeurope.com\/@fr\/115337756378526415","error":""},"_links":{"self":[{"href":"https:\/\/www.europesays.com\/fr\/wp-json\/wp\/v2\/posts\/447080","targetHints":{"allow":["GET"]}}],"collection":[{"href":"https:\/\/www.europesays.com\/fr\/wp-json\/wp\/v2\/posts"}],"about":[{"href":"https:\/\/www.europesays.com\/fr\/wp-json\/wp\/v2\/types\/post"}],"author":[{"embeddable":true,"href":"https:\/\/www.europesays.com\/fr\/wp-json\/wp\/v2\/users\/2"}],"replies":[{"embeddable":true,"href":"https:\/\/www.europesays.com\/fr\/wp-json\/wp\/v2\/comments?post=447080"}],"version-history":[{"count":0,"href":"https:\/\/www.europesays.com\/fr\/wp-json\/wp\/v2\/posts\/447080\/revisions"}],"wp:featuredmedia":[{"embeddable":true,"href":"https:\/\/www.europesays.com\/fr\/wp-json\/wp\/v2\/media\/447081"}],"wp:attachment":[{"href":"https:\/\/www.europesays.com\/fr\/wp-json\/wp\/v2\/media?parent=447080"}],"wp:term":[{"taxonomy":"category","embeddable":true,"href":"https:\/\/www.europesays.com\/fr\/wp-json\/wp\/v2\/categories?post=447080"},{"taxonomy":"post_tag","embeddable":true,"href":"https:\/\/www.europesays.com\/fr\/wp-json\/wp\/v2\/tags?post=447080"}],"curies":[{"name":"wp","href":"https:\/\/api.w.org\/{rel}","templated":true}]}}