{"id":447082,"date":"2025-10-08T09:07:10","date_gmt":"2025-10-08T09:07:10","guid":{"rendered":"https:\/\/www.europesays.com\/fr\/447082\/"},"modified":"2025-10-08T09:07:10","modified_gmt":"2025-10-08T09:07:10","slug":"avec-quartier-livre-la-litterature-jeunesse-a-lhonneur-dans-les-4e-et-5e-arrondissements-de-marseille","status":"publish","type":"post","link":"https:\/\/www.europesays.com\/fr\/447082\/","title":{"rendered":"Avec Quartier Livre, la litt\u00e9rature jeunesse \u00e0 l&rsquo;honneur dans les 4e et 5e arrondissements de Marseille"},"content":{"rendered":"<p>Depuis ce lundi 6\u00a0octobre et jusqu&rsquo;au samedi 11, la lecture est en f\u00eate dans les 4e et 5e arrondissements. Impuls\u00e9e par <a href=\"https:\/\/www.laprovence.com\/article\/region\/1013769299952714\/a-marseille-le-maire-des-4e-5e-se-felicite-des-resultats-en-matiere-de-marchabilite-et-de-cyclabilite\" target=\"_blank\" rel=\"noopener\">la mairie de secteur<\/a>, la 2e \u00e9dition de Quartier Livre r\u00e9unit les acteurs du monde du livre, auteurs, libraires, \u00e9diteurs, <a href=\"https:\/\/www.laprovence.com\/article\/edition-marseille\/6576965\/aux-cinq-avenues-la-bibliotheque-en-suspens.html\" target=\"_blank\" rel=\"noopener\">biblioth\u00e8ques <\/a>et associations, pour proposer rencontres, d\u00e9dicaces, d\u00e9ambulations et autres ateliers \u00e0 partager en famille.<\/p>\n<p>Pr\u00e9sent\u00e9e \u00e0 l&rsquo;espace musical Hyp\u00e9rion, \u00e0 la biblioth\u00e8que des <a href=\"https:\/\/www.laprovence.com\/article\/region\/6174986134547214\/quartiers-de-marseille-les-cinq-avenues-par-celles-et-ceux-qui-font-vivre-le-quartier\" target=\"_blank\" rel=\"noopener\">Cinq-Avenues<\/a> et au <a href=\"https:\/\/laprovence.com\/article\/sorties-loisirs\/6367744\/une-eclaircie-pour-les-bibliotheques-de-marseille.html\" target=\"_blank\" rel=\"noopener\">Centre Fissiaux<\/a>, l&rsquo;exposition ludique interactive Ouvre grand les yeux, des illustrateurs Vincent Bourgeau et C\u00e9dric Ramadier, invite les 0-3 ans \u00e0 explorer les couleurs, les saisons et le temps. Le duo propose aussi un spectacle jeune public,\u00a0Mais il est o\u00f9 ?, avec marionnette num\u00e9rique et animation (sur r\u00e9servation au 04\u00a091\u00a049\u00a027\u00a088) \u00e0 l&rsquo;espace Hyp\u00e9rion, ce mercredi 8\u00a0octobre de 9\u00a0h\u00a030 \u00e0 10\u00a0h.<\/p>\n<p>Une d\u00e9ambulation festive samedi matin<\/p>\n<p>Vendredi, apr\u00e8s l&rsquo;atelier autour de La Nuit o\u00f9 mes v\u00eatements se sont \u00e9chapp\u00e9s, avec Charlotte de S\u00e9douy \u00e0 la librairie Le Poisson Lune (de 17 h 30 \u00e0 19\u00a0h, sur r\u00e9servation au 04\u00a091\u00a094\u00a051\u00a005). La compagnie Ma\u00e2loum proposera de 21\u00a0h \u00e0 22\u00a0h sa lecture musicale immersive Corniche Kennedy, \u00e0 l&rsquo;espace Hyp\u00e9rion (r\u00e9servation conseill\u00e9e au 04\u00a091\u00a049\u00a027\u00a088).<\/p>\n<p>Point d&rsquo;orgue du rendez-vous, ce samedi 11\u00a0octobre d\u00e9butera par une d\u00e9ambulation festive lanc\u00e9e \u00e0 10 h au d\u00e9part de l&rsquo;impasse Fissiaux par les neuf musiciens de la fanfare Conflit de canards. Trois artistes, Claire Fauvel, Lisa Lugrin et Elsa Kl\u00e9e, participeront \u00e0 une battle de BD interactive \u00e0 l&rsquo;espace Hyp\u00e9rion de 16 h 30 \u00e0 17\u00a0h.<\/p>\n<p>Et la compagnie Les Presque ach\u00e8vera la journ\u00e9e avec La Biblioth\u00e8que imaginaire, spectacle d&rsquo;impro familial, \u00e0 d\u00e9couvrir \u00e0 l&rsquo;espace Hyp\u00e9rion de 19\u00a0h \u00e0 20\u00a0h\u00a030 (r\u00e9servation au 04\u00a091\u00a049\u00a027\u00a088). Entre-temps, des ateliers d&rsquo;\u00e9veil \u00e0 la lecture, une fresque collaborative et des rencontres sont organis\u00e9s toute la journ\u00e9e d\u00e8s 9\u00a0h\u00a030, impasse Fissiaux et \u00e0 l&rsquo;espace Hyp\u00e9rion.<\/p>\n<p>Programme complet sur <a href=\"https:\/\/www.marseille4-5.fr\/news\/quartier-livre-2%e1%b5%89-edition\/\" target=\"_blank\" rel=\"noopener\">marseille4-5.fr<\/a><\/p>\n","protected":false},"excerpt":{"rendered":"Depuis ce lundi 6\u00a0octobre et jusqu&rsquo;au samedi 11, la lecture est en f\u00eate dans les 4e et 5e&hellip;\n","protected":false},"author":2,"featured_media":447083,"comment_status":"","ping_status":"","sticky":false,"template":"","format":"standard","meta":{"footnotes":""},"categories":[2814],"tags":[17,1111,11,3396,1446,1777,674,1011,27,4075,3871,1351,2003,884,12,882,5775,16,25],"class_list":{"0":"post-447082","1":"post","2":"type-post","3":"status-publish","4":"format-standard","5":"has-post-thumbnail","7":"category-marseille","8":"tag-17","9":"tag-actu","10":"tag-actualites","11":"tag-avec","12":"tag-dans","13":"tag-eu","14":"tag-europe","15":"tag-fr","16":"tag-france","17":"tag-jeunesse","18":"tag-lhonneur","19":"tag-litterature","20":"tag-livre","21":"tag-marseille","22":"tag-news","23":"tag-provence-alpes-cote-dazur","24":"tag-quartier","25":"tag-region","26":"tag-republique-francaise"},"share_on_mastodon":{"url":"https:\/\/pubeurope.com\/@fr\/115337759563298209","error":""},"_links":{"self":[{"href":"https:\/\/www.europesays.com\/fr\/wp-json\/wp\/v2\/posts\/447082","targetHints":{"allow":["GET"]}}],"collection":[{"href":"https:\/\/www.europesays.com\/fr\/wp-json\/wp\/v2\/posts"}],"about":[{"href":"https:\/\/www.europesays.com\/fr\/wp-json\/wp\/v2\/types\/post"}],"author":[{"embeddable":true,"href":"https:\/\/www.europesays.com\/fr\/wp-json\/wp\/v2\/users\/2"}],"replies":[{"embeddable":true,"href":"https:\/\/www.europesays.com\/fr\/wp-json\/wp\/v2\/comments?post=447082"}],"version-history":[{"count":0,"href":"https:\/\/www.europesays.com\/fr\/wp-json\/wp\/v2\/posts\/447082\/revisions"}],"wp:featuredmedia":[{"embeddable":true,"href":"https:\/\/www.europesays.com\/fr\/wp-json\/wp\/v2\/media\/447083"}],"wp:attachment":[{"href":"https:\/\/www.europesays.com\/fr\/wp-json\/wp\/v2\/media?parent=447082"}],"wp:term":[{"taxonomy":"category","embeddable":true,"href":"https:\/\/www.europesays.com\/fr\/wp-json\/wp\/v2\/categories?post=447082"},{"taxonomy":"post_tag","embeddable":true,"href":"https:\/\/www.europesays.com\/fr\/wp-json\/wp\/v2\/tags?post=447082"}],"curies":[{"name":"wp","href":"https:\/\/api.w.org\/{rel}","templated":true}]}}