{"id":447086,"date":"2025-10-08T09:09:10","date_gmt":"2025-10-08T09:09:10","guid":{"rendered":"https:\/\/www.europesays.com\/fr\/447086\/"},"modified":"2025-10-08T09:09:10","modified_gmt":"2025-10-08T09:09:10","slug":"peu-present-a-lyon-ce-grand-magasin-pour-animaux-ouvre-dans-cet-arrondissement","status":"publish","type":"post","link":"https:\/\/www.europesays.com\/fr\/447086\/","title":{"rendered":"Peu pr\u00e9sent \u00e0 Lyon, ce grand magasin pour animaux ouvre dans cet arrondissement"},"content":{"rendered":"<p>            Par<br \/>\n        <strong><br \/>\n            <a href=\"https:\/\/actu.fr\/auteur\/ludivine-caporal\" title=\"Consulter tous les articles de Ludivine Caporal\" target=\"_blank\" rel=\"noopener\">Ludivine Caporal<\/a><br \/>\n        <\/strong><\/p>\n<p>        Publi\u00e9 le<\/p>\n<p>            8 oct. 2025 \u00e0 9h16        <\/p>\n<p>\u00ab\u00a0Une s\u00e9lection exclusive de produits et accessoires de qualit\u00e9 pour chiens, chats et rongeurs\u00a0\u00bb, pr\u00e9sente le magasin.\u00a0<\/p>\n<p class=\" wall-content\">Apr\u00e8s <a href=\"https:\/\/actu.fr\/auvergne-rhone-alpes\/saint-priest_69290\" target=\"_blank\" rel=\"noopener\">Saint-Priest<\/a> et <a href=\"https:\/\/actu.fr\/tag\/croix-rousse\" target=\"_blank\" rel=\"noopener\">Croix-Rousse<\/a>, Animalis ouvre ses portes pour la premi\u00e8re fois dans le 6e arrondissement de <a href=\"https:\/\/actu.fr\/auvergne-rhone-alpes\/lyon_69123\" target=\"_blank\" rel=\"noopener\">Lyon<\/a>.<\/p>\n<p class=\" wall-content\">L\u2019animalerie s\u2019est install\u00e9e au <strong>42 rue de S\u00e8ze,<\/strong> un emplacement privil\u00e9gi\u00e9 qui devrait plaire aux nombreux propri\u00e9taires d\u2019animaux pr\u00e9sents dans le quartier. Jusqu\u2019ici, il faut dire que ces derniers ne b\u00e9n\u00e9ficiaient pas d\u2019un \u00e9norme choix en termes de magasin de proximit\u00e9 pour leurs boules de poils.\u00a0<\/p>\n<p>Des vendeurs form\u00e9s en conseil<\/p>\n<p class=\" wall-content\">Tr\u00e8s r\u00e9put\u00e9e en ligne, la boutique propose de nombreux articles, qu\u2019il s\u2019agisse d\u2019alimentation, de mobilier, de jouets ou d\u2019accessoires en tout genre. Pour les magasins en physique, comme celui de Lyon 6, des vendeurs \u00ab\u00a0experts et passionn\u00e9s\u00a0\u00bb sont \u00e0 la disposition des clients pour des conseils personnalis\u00e9s.<\/p>\n<p class=\" wall-content\">Le magasin de la rue de S\u00e8ze est ainsi, et d\u00e8s \u00e0 pr\u00e9sent, <strong>ouvert du lundi au samedi de 9h30 \u00e0 19h30.\u00a0<\/strong><\/p>\n<p class=\" wall-content\">Personnalisez votre actualit\u00e9 en ajoutant vos villes et m\u00e9dias en favori avec <a href=\"https:\/\/moncompte.actu.fr\" title=\"D\u00e9couvez Mon Actu\" rel=\"nofollow noopener\" data-trk=\"{&quot;cta&quot;:{&quot;action&quot;:&quot;https:\\\/\\\/moncompte.actu.fr&quot;,&quot;category&quot;:&quot;mon compte&quot;,&quot;from&quot;:&quot;article footer&quot;,&quot;name&quot;:&quot;Mon actu&quot;,&quot;type&quot;:&quot;cta&quot;}}\" target=\"_blank\">Mon Actu<\/a>.<\/p>\n","protected":false},"excerpt":{"rendered":"Par Ludivine Caporal Publi\u00e9 le 8 oct. 2025 \u00e0 9h16 \u00ab\u00a0Une s\u00e9lection exclusive de produits et accessoires de&hellip;\n","protected":false},"author":2,"featured_media":447087,"comment_status":"","ping_status":"","sticky":false,"template":"","format":"standard","meta":{"footnotes":""},"categories":[1889],"tags":[1111,11,1867,2430,215,33,1777,674,1011,27,2428,12,3147,25],"class_list":{"0":"post-447086","1":"post","2":"type-post","3":"status-publish","4":"format-standard","5":"has-post-thumbnail","7":"category-lyon","8":"tag-actu","9":"tag-actualites","10":"tag-animaux","11":"tag-auvergne-rhone-alpes","12":"tag-commerce","13":"tag-economie","14":"tag-eu","15":"tag-europe","16":"tag-fr","17":"tag-france","18":"tag-lyon","19":"tag-news","20":"tag-nouveaux-commerces","21":"tag-republique-francaise"},"share_on_mastodon":{"url":"https:\/\/pubeurope.com\/@fr\/115337767956463202","error":""},"_links":{"self":[{"href":"https:\/\/www.europesays.com\/fr\/wp-json\/wp\/v2\/posts\/447086","targetHints":{"allow":["GET"]}}],"collection":[{"href":"https:\/\/www.europesays.com\/fr\/wp-json\/wp\/v2\/posts"}],"about":[{"href":"https:\/\/www.europesays.com\/fr\/wp-json\/wp\/v2\/types\/post"}],"author":[{"embeddable":true,"href":"https:\/\/www.europesays.com\/fr\/wp-json\/wp\/v2\/users\/2"}],"replies":[{"embeddable":true,"href":"https:\/\/www.europesays.com\/fr\/wp-json\/wp\/v2\/comments?post=447086"}],"version-history":[{"count":0,"href":"https:\/\/www.europesays.com\/fr\/wp-json\/wp\/v2\/posts\/447086\/revisions"}],"wp:featuredmedia":[{"embeddable":true,"href":"https:\/\/www.europesays.com\/fr\/wp-json\/wp\/v2\/media\/447087"}],"wp:attachment":[{"href":"https:\/\/www.europesays.com\/fr\/wp-json\/wp\/v2\/media?parent=447086"}],"wp:term":[{"taxonomy":"category","embeddable":true,"href":"https:\/\/www.europesays.com\/fr\/wp-json\/wp\/v2\/categories?post=447086"},{"taxonomy":"post_tag","embeddable":true,"href":"https:\/\/www.europesays.com\/fr\/wp-json\/wp\/v2\/tags?post=447086"}],"curies":[{"name":"wp","href":"https:\/\/api.w.org\/{rel}","templated":true}]}}