{"id":447088,"date":"2025-10-08T09:10:42","date_gmt":"2025-10-08T09:10:42","guid":{"rendered":"https:\/\/www.europesays.com\/fr\/447088\/"},"modified":"2025-10-08T09:10:42","modified_gmt":"2025-10-08T09:10:42","slug":"pres-de-lyon-coup-denvoi-de-la-construction-de-la-maison-du-basket","status":"publish","type":"post","link":"https:\/\/www.europesays.com\/fr\/447088\/","title":{"rendered":"Pr\u00e8s de Lyon. Coup d\u2019envoi de la construction de la Maison du Basket"},"content":{"rendered":"<p>\t\t\t\t<img fetchpriority=\"high\" decoding=\"async\" width=\"900\" height=\"600\" src=\"https:\/\/www.europesays.com\/fr\/wp-content\/uploads\/2025\/10\/01-Actipole-Immobilier-09.25-MS.jpg\" alt=\"\" title=\"01 Actipole Immobilier 09.25 MS\"   class=\"wp-image-165293\"\/><\/p>\n<p>Photos \u00a9 Saby Maviel pour Lyon People <\/p>\n<p><strong>Texte\u00a0: Morgan Couturier \u2013<\/strong> Un an apr\u00e8s la pr\u00e9sentation du projet, la Maison du Basket a entam\u00e9 sa construction, avec la pose symbolique de sa premi\u00e8re pierre. Le complexe de 3460m2 esp\u00e8re d\u00e9sormais accueillir ses premiers shoots en septembre 2026.<\/p>\n<p>L\u2019impatience a beau \u00eatre un d\u00e9faut, on ne saura reprocher aux amateurs de ballon orange de c\u00e9der \u00e0 l\u2019excitation des premiers dribbles et des premi\u00e8res rencontres. Et m\u00eame si le pr\u00e9sident de la Ligue r\u00e9gionale de basket, <strong>Joel Scomparin<\/strong> leur avait donn\u00e9 rendez-vous dans deux ans, \u00e0 la pr\u00e9sentation du projet, en septembre 2024, la beaut\u00e9 de celui-ci rend l\u2019attente \u00e9videmment plus difficile \u00e0 supporter.<\/p>\n<p><a href=\"https:\/\/www.lyonpeople.com\/?attachment_id=165292\" rel=\"attachment wp-att-165292 noopener\" target=\"_blank\"><img loading=\"lazy\" decoding=\"async\" class=\"alignnone size-full wp-image-165292\" src=\"data:image\/svg+xml,%3Csvg%20xmlns=\" http:=\"\" alt=\"\" width=\"900\" height=\"638\" data-lazy- data-lazy- data-lazy-src=\"https:\/\/www.europesays.com\/fr\/wp-content\/uploads\/2025\/10\/03-Hoops-Maison-du-Basket-Rhone-Alpes.jpg\"\/><\/a><\/p>\n<p>Elle pourrait n\u00e9anmoins rapidement s\u2019estomper, alors que la premi\u00e8re pierre de ce vaste complexe de 3460m2, huit demi-terrains et 230m2 d\u2019espaces de r\u00e9ception vient d\u2019\u00eatre pos\u00e9e. Par la voix de <strong>Patrick Bouchet<\/strong>, les futurs pensionnaires ont m\u00eame pris date\u00a0: une livraison de cette Hoops Factory fin juillet 2026, pour une ouverture au mois de septembre.<\/p>\n<p>\u00ab\u00a0Ce projet est un v\u00e9ritable symbole de notre engagement pour le sport. Il sera aussi un lieu de vie et de partage\u00a0\u00bb, a ainsi pr\u00e9sent\u00e9 le directeur associ\u00e9 d\u2019Actipole Immobilier, sous les yeux du maire de Saint-Priest, <strong>Gilles Gascon<\/strong>, ravi de compl\u00e9ter son offre de sport, sur l\u2019avenue Mend\u00e8s-France, avec le soutien de la R\u00e9gion Auvergne Rh\u00f4ne-Alpes, repr\u00e9sent\u00e9e par <strong>Renaud Pfeffer<\/strong>.<\/p>\n<p><a href=\"https:\/\/www.lyonpeople.com\/?attachment_id=165294\" rel=\"attachment wp-att-165294 noopener\" target=\"_blank\"><img loading=\"lazy\" decoding=\"async\" class=\"alignnone size-full wp-image-165294\" src=\"data:image\/svg+xml,%3Csvg%20xmlns=\" http:=\"\" alt=\"\" width=\"900\" height=\"576\" data-lazy- data-lazy- data-lazy-src=\"https:\/\/www.europesays.com\/fr\/wp-content\/uploads\/2025\/10\/05-Actipole-Immobilier-09.25-MS.jpg\"\/><\/a><\/p>\n<p>\u00ab\u00a0La ferveur monte\u00a0\u00bb, dixit Joel Scomparin, sous le regard approbatif de <strong>Jean-Pierre Hunckler,<\/strong> pr\u00e9sident de la F\u00e9d\u00e9ration Fran\u00e7aise de Basket-Ball (FFBB). De quoi esp\u00e9rer un nouveau dicton\u00a0: premi\u00e8re pierre pluvieuse, construction heureuse\u00a0?<\/p>\n<p style=\"text-align: center;\"><strong>Saint-Priest<br \/>Vendredi 26 septembre 2025<\/strong><\/p>\n<p>                                <a href=\"https:\/\/www.europesays.com\/fr\/wp-content\/uploads\/2025\/10\/1-Actipole-Immobilier-09.25-MS.jpg\" title=\"1. Elodie Simonet et Marion Pellicer-Garcia (Actipole Immobilier)\" data-rl_title=\"1. Elodie Simonet et Marion Pellicer-Garcia (Actipole Immobilier)\" class=\"rl-gallery-link\" data-rl_caption=\"\" data-rel=\"lightbox-gallery-bGlnaHRib3gtZ2FsbGVyeS0w\" data-rl_><img loading=\"lazy\" decoding=\"async\" width=\"900\" height=\"612\" src=\"data:image\/svg+xml,%3Csvg%20xmlns=\" http:=\"\" class=\"attachment-large size-large\" alt=\"\" aria-describedby=\"gallery--165295\" data-lazy- data-lazy- data-lazy-src=\"https:\/\/www.europesays.com\/fr\/wp-content\/uploads\/2025\/10\/1-Actipole-Immobilier-09.25-MS.jpg\"\/><\/a><\/p>\n<p>\n                                 1. Elodie Simonet et Marion Pellicer-Garcia (Actipole Immobilier)<\/p>\n<p>                                <a href=\"https:\/\/www.europesays.com\/fr\/wp-content\/uploads\/2025\/10\/2-Actipole-Immobilier-09.25-MS.jpg\" title=\"2. Pascal Oris et Robert Mouangu\u00e9 (AS Saint-Priest)\" data-rl_title=\"2. Pascal Oris et Robert Mouangu\u00e9 (AS Saint-Priest)\" class=\"rl-gallery-link\" data-rl_caption=\"\" data-rel=\"lightbox-gallery-bGlnaHRib3gtZ2FsbGVyeS0w\" data-rl_><img loading=\"lazy\" decoding=\"async\" width=\"900\" height=\"620\" src=\"data:image\/svg+xml,%3Csvg%20xmlns=\" http:=\"\" class=\"attachment-large size-large\" alt=\"\" aria-describedby=\"gallery--165296\" data-lazy- data-lazy- data-lazy-src=\"https:\/\/www.europesays.com\/fr\/wp-content\/uploads\/2025\/10\/2-Actipole-Immobilier-09.25-MS.jpg\"\/><\/a><\/p>\n<p>\n                                2. Pascal Oris et Robert Mouangu\u00e9 (AS Saint-Priest)<\/p>\n<p><br style=\"clear: both\"\/><\/p>\n<p>                                <a href=\"https:\/\/www.europesays.com\/fr\/wp-content\/uploads\/2025\/10\/3-Actipole-Immobilier-09.25-MS.jpg\" title=\"3. Sandra Chiritian (Crumbs) et Julien Bourgeois (Dynamic View)\" data-rl_title=\"3. Sandra Chiritian (Crumbs) et Julien Bourgeois (Dynamic View)\" class=\"rl-gallery-link\" data-rl_caption=\"\" data-rel=\"lightbox-gallery-bGlnaHRib3gtZ2FsbGVyeS0w\" data-rl_><img loading=\"lazy\" decoding=\"async\" width=\"900\" height=\"600\" src=\"data:image\/svg+xml,%3Csvg%20xmlns=\" http:=\"\" class=\"attachment-large size-large\" alt=\"\" aria-describedby=\"gallery--165297\" data-lazy- data-lazy- data-lazy-src=\"https:\/\/www.europesays.com\/fr\/wp-content\/uploads\/2025\/10\/3-Actipole-Immobilier-09.25-MS.jpg\"\/><\/a><\/p>\n<p>\n                                3. Sandra Chiritian (Crumbs) et Julien Bourgeois (Dynamic View)<\/p>\n<p>                                <a href=\"https:\/\/www.europesays.com\/fr\/wp-content\/uploads\/2025\/10\/4-Actipole-Immobilier-09.25-MS.jpg\" title=\"4. Renaud Pfeffer, vice-pr\u00e9sident de la R\u00e9gion Auvergne-Rh\u00f4ne-Alpes, d\u00e9l\u00e9gu\u00e9 au sport et Jean-Pierre Hunckler, pr\u00e9sident de la F\u00e9d\u00e9ration Fran\u00e7aise de Basket-Ball (FFBB)\" data-rl_title=\"4. Renaud Pfeffer, vice-pr\u00e9sident de la R\u00e9gion Auvergne-Rh\u00f4ne-Alpes, d\u00e9l\u00e9gu\u00e9 au sport et Jean-Pierre Hunckler, pr\u00e9sident de la F\u00e9d\u00e9ration Fran\u00e7aise de Basket-Ball (FFBB)\" class=\"rl-gallery-link\" data-rl_caption=\"\" data-rel=\"lightbox-gallery-bGlnaHRib3gtZ2FsbGVyeS0w\" data-rl_><img loading=\"lazy\" decoding=\"async\" width=\"900\" height=\"635\" src=\"data:image\/svg+xml,%3Csvg%20xmlns=\" http:=\"\" class=\"attachment-large size-large\" alt=\"\" aria-describedby=\"gallery--165298\" data-lazy- data-lazy- data-lazy-src=\"https:\/\/www.europesays.com\/fr\/wp-content\/uploads\/2025\/10\/4-Actipole-Immobilier-09.25-MS.jpg\"\/><\/a><\/p>\n<p>\n                                4. Renaud Pfeffer, vice-pr\u00e9sident de la R\u00e9gion Auvergne-Rh\u00f4ne-Alpes, d\u00e9l\u00e9gu\u00e9 au sport et Jean-Pierre Hunckler, pr\u00e9sident de la F\u00e9d\u00e9ration Fran\u00e7aise de Basket-Ball (FFBB)<\/p>\n<p><br style=\"clear: both\"\/><\/p>\n<p>                                <a href=\"https:\/\/www.europesays.com\/fr\/wp-content\/uploads\/2025\/10\/5-Actipole-Immobilier-09.25-MS.jpg\" title=\"5. Patrick Bouchet (Actipole Immobilier), Renaud Pfeffer, vice-pr\u00e9sident de la R\u00e9gion Auvergne-Rh\u00f4ne-Alpes, d\u00e9l\u00e9gu\u00e9 au sport et Jean-Pierre Hunckler, pr\u00e9sident de la FFBB\" data-rl_title=\"5. Patrick Bouchet (Actipole Immobilier), Renaud Pfeffer, vice-pr\u00e9sident de la R\u00e9gion Auvergne-Rh\u00f4ne-Alpes, d\u00e9l\u00e9gu\u00e9 au sport et Jean-Pierre Hunckler, pr\u00e9sident de la FFBB\" class=\"rl-gallery-link\" data-rl_caption=\"\" data-rel=\"lightbox-gallery-bGlnaHRib3gtZ2FsbGVyeS0w\" data-rl_><img loading=\"lazy\" decoding=\"async\" width=\"900\" height=\"600\" src=\"data:image\/svg+xml,%3Csvg%20xmlns=\" http:=\"\" class=\"attachment-large size-large\" alt=\"\" aria-describedby=\"gallery--165299\" data-lazy- data-lazy- data-lazy-src=\"https:\/\/www.europesays.com\/fr\/wp-content\/uploads\/2025\/10\/5-Actipole-Immobilier-09.25-MS.jpg\"\/><\/a><\/p>\n<p>\n                                5. Patrick Bouchet (Actipole Immobilier), Renaud Pfeffer, vice-pr\u00e9sident de la R\u00e9gion Auvergne-Rh\u00f4ne-Alpes, d\u00e9l\u00e9gu\u00e9 au sport et Jean-Pierre Hunckler, pr\u00e9sident de la FFBB<\/p>\n<p>                                <a href=\"https:\/\/www.europesays.com\/fr\/wp-content\/uploads\/2025\/10\/6-Actipole-Immobilier-09.25-MS.jpg\" title=\"6. Yann Cabon (Club Sud Lyonnais Basket) et Arnaud Laverlochere (ASUL Basket)\" data-rl_title=\"6. Yann Cabon (Club Sud Lyonnais Basket) et Arnaud Laverlochere (ASUL Basket)\" class=\"rl-gallery-link\" data-rl_caption=\"\" data-rel=\"lightbox-gallery-bGlnaHRib3gtZ2FsbGVyeS0w\" data-rl_><img loading=\"lazy\" decoding=\"async\" width=\"900\" height=\"600\" src=\"data:image\/svg+xml,%3Csvg%20xmlns=\" http:=\"\" class=\"attachment-large size-large\" alt=\"\" aria-describedby=\"gallery--165300\" data-lazy- data-lazy- data-lazy-src=\"https:\/\/www.europesays.com\/fr\/wp-content\/uploads\/2025\/10\/6-Actipole-Immobilier-09.25-MS.jpg\"\/><\/a><\/p>\n<p>\n                                6. Yann Cabon (Club Sud Lyonnais Basket) et Arnaud Laverlochere (ASUL Basket)<\/p>\n<p><br style=\"clear: both\"\/><\/p>\n<p>                                <a href=\"https:\/\/www.europesays.com\/fr\/wp-content\/uploads\/2025\/10\/7-Actipole-Immobilier-09.25-MS.jpg\" title=\"7. Lucie Dumas, Cheikhou Dram\u00e9 et K\u00e9vin Dubreuil (Le Fort Francheteau)\" data-rl_title=\"7. Lucie Dumas, Cheikhou Dram\u00e9 et K\u00e9vin Dubreuil (Le Fort Francheteau)\" class=\"rl-gallery-link\" data-rl_caption=\"\" data-rel=\"lightbox-gallery-bGlnaHRib3gtZ2FsbGVyeS0w\" data-rl_><img loading=\"lazy\" decoding=\"async\" width=\"900\" height=\"600\" src=\"data:image\/svg+xml,%3Csvg%20xmlns=\" http:=\"\" class=\"attachment-large size-large\" alt=\"\" aria-describedby=\"gallery--165301\" data-lazy- data-lazy- data-lazy-src=\"https:\/\/www.europesays.com\/fr\/wp-content\/uploads\/2025\/10\/7-Actipole-Immobilier-09.25-MS.jpg\"\/><\/a><\/p>\n<p>\n                                7. Lucie Dumas, Cheikhou Dram\u00e9 et K\u00e9vin Dubreuil (Le Fort Francheteau)<\/p>\n<p>                                <a href=\"https:\/\/www.europesays.com\/fr\/wp-content\/uploads\/2025\/10\/8-Actipole-Immobilier-09.25-MS.jpg\" title=\"8. Jonathan Guyot (Genium Groupe) et Patrick Bouchet (Actipole Immobilier)\" data-rl_title=\"8. Jonathan Guyot (Genium Groupe) et Patrick Bouchet (Actipole Immobilier)\" class=\"rl-gallery-link\" data-rl_caption=\"\" data-rel=\"lightbox-gallery-bGlnaHRib3gtZ2FsbGVyeS0w\" data-rl_><img loading=\"lazy\" decoding=\"async\" width=\"900\" height=\"647\" src=\"data:image\/svg+xml,%3Csvg%20xmlns=\" http:=\"\" class=\"attachment-large size-large\" alt=\"\" aria-describedby=\"gallery--165302\" data-lazy- data-lazy- data-lazy-src=\"https:\/\/www.europesays.com\/fr\/wp-content\/uploads\/2025\/10\/8-Actipole-Immobilier-09.25-MS.jpg\"\/><\/a><\/p>\n<p>\n                                8. Jonathan Guyot (Genium Groupe) et Patrick Bouchet (Actipole Immobilier)<\/p>\n<p><br style=\"clear: both\"\/><\/p>\n<p>                                <a href=\"https:\/\/www.europesays.com\/fr\/wp-content\/uploads\/2025\/10\/9-Actipole-Immobilier-09.25-MS.jpg\" title=\"9. Joel Scomparin, pr\u00e9sident de la ligue AURA de basket et Patrick Bouchet (Actipole Immobilier)\" data-rl_title=\"9. Joel Scomparin, pr\u00e9sident de la ligue AURA de basket et Patrick Bouchet (Actipole Immobilier)\" class=\"rl-gallery-link\" data-rl_caption=\"\" data-rel=\"lightbox-gallery-bGlnaHRib3gtZ2FsbGVyeS0w\" data-rl_><img loading=\"lazy\" decoding=\"async\" width=\"900\" height=\"643\" src=\"data:image\/svg+xml,%3Csvg%20xmlns=\" http:=\"\" class=\"attachment-large size-large\" alt=\"\" aria-describedby=\"gallery--165303\" data-lazy- data-lazy- data-lazy-src=\"https:\/\/www.europesays.com\/fr\/wp-content\/uploads\/2025\/10\/9-Actipole-Immobilier-09.25-MS.jpg\"\/><\/a><\/p>\n<p>\n                                9. Joel Scomparin, pr\u00e9sident de la ligue AURA de basket et Patrick Bouchet (Actipole Immobilier)<\/p>\n<p>                                <a href=\"https:\/\/www.europesays.com\/fr\/wp-content\/uploads\/2025\/10\/10-Actipole-Immobilier-09.25-MS.jpg\" title=\"10. C\u00e9cile Piccin (Hoops Factory) et St\u00e9phanie Pioger, 1\u00e8re vice-pr\u00e9sidente de la FFBB\" data-rl_title=\"10. C\u00e9cile Piccin (Hoops Factory) et St\u00e9phanie Pioger, 1\u00e8re vice-pr\u00e9sidente de la FFBB\" class=\"rl-gallery-link\" data-rl_caption=\"\" data-rel=\"lightbox-gallery-bGlnaHRib3gtZ2FsbGVyeS0w\" data-rl_><img loading=\"lazy\" decoding=\"async\" width=\"900\" height=\"624\" src=\"data:image\/svg+xml,%3Csvg%20xmlns=\" http:=\"\" class=\"attachment-large size-large\" alt=\"\" aria-describedby=\"gallery--165304\" data-lazy- data-lazy- data-lazy-src=\"https:\/\/www.europesays.com\/fr\/wp-content\/uploads\/2025\/10\/10-Actipole-Immobilier-09.25-MS.jpg\"\/><\/a><\/p>\n<p>\n                                10. C\u00e9cile Piccin (Hoops Factory) et St\u00e9phanie Pioger, 1\u00e8re vice-pr\u00e9sidente de la FFBB<\/p>\n<p><br style=\"clear: both\"\/><\/p>\n<p>                                <a href=\"https:\/\/www.europesays.com\/fr\/wp-content\/uploads\/2025\/10\/11-Actipole-Immobilier-09.25-MS.jpg\" title=\"11. Jean-Marie Nedelec (Comit\u00e9 du Puy-de-D\u00f4me de Basket) et Michel Gilbert (Comit\u00e9 directeur de la Ligue Auvergne-Rh\u00f4ne-Alpes)\" data-rl_title=\"11. Jean-Marie Nedelec (Comit\u00e9 du Puy-de-D\u00f4me de Basket) et Michel Gilbert (Comit\u00e9 directeur de la Ligue Auvergne-Rh\u00f4ne-Alpes)\" class=\"rl-gallery-link\" data-rl_caption=\"\" data-rel=\"lightbox-gallery-bGlnaHRib3gtZ2FsbGVyeS0w\" data-rl_><img loading=\"lazy\" decoding=\"async\" width=\"900\" height=\"622\" src=\"data:image\/svg+xml,%3Csvg%20xmlns=\" http:=\"\" class=\"attachment-large size-large\" alt=\"\" aria-describedby=\"gallery--165305\" data-lazy- data-lazy- data-lazy-src=\"https:\/\/www.europesays.com\/fr\/wp-content\/uploads\/2025\/10\/11-Actipole-Immobilier-09.25-MS.jpg\"\/><\/a><\/p>\n<p>\n                                11. Jean-Marie Nedelec (Comit\u00e9 du Puy-de-D\u00f4me de Basket) et Michel Gilbert (Comit\u00e9 directeur de la Ligue Auvergne-Rh\u00f4ne-Alpes)<\/p>\n<p>                                <a href=\"https:\/\/www.europesays.com\/fr\/wp-content\/uploads\/2025\/10\/12-Actipole-Immobilier-09.25-MS.jpg\" title=\"12. Olivier Walldecabres (Comit\u00e9 de l&#039;Ain de Basket) et Alain Jantzen, pr\u00e9sident du Club de Charpennes Croix Luizet\" data-rl_title=\"12. Olivier Walldecabres (Comit\u00e9 de l&#039;Ain de Basket) et Alain Jantzen, pr\u00e9sident du Club de Charpennes Croix Luizet\" class=\"rl-gallery-link\" data-rl_caption=\"\" data-rel=\"lightbox-gallery-bGlnaHRib3gtZ2FsbGVyeS0w\" data-rl_><img loading=\"lazy\" decoding=\"async\" width=\"900\" height=\"606\" src=\"data:image\/svg+xml,%3Csvg%20xmlns=\" http:=\"\" class=\"attachment-large size-large\" alt=\"\" aria-describedby=\"gallery--165306\" data-lazy- data-lazy- data-lazy-src=\"https:\/\/www.europesays.com\/fr\/wp-content\/uploads\/2025\/10\/12-Actipole-Immobilier-09.25-MS.jpg\"\/><\/a><\/p>\n<p>\n                                12. Olivier Walldecabres (Comit\u00e9 de l\u2019Ain de Basket) et Alain Jantzen, pr\u00e9sident du Club de Charpennes Croix Luizet<\/p>\n<p><br style=\"clear: both\"\/><\/p>\n<p>                                <a href=\"https:\/\/www.europesays.com\/fr\/wp-content\/uploads\/2025\/10\/13-Actipole-Immobilier-09.25-MS.jpg\" title=\"13. Pierre-Yves Chassard, directeur de la Ligue Auvergne Rh\u00f4ne-Alpes de Basket, Jean Cellier (Ligue Auvergne Rh\u00f4ne-Alpes de Basket) et Adrien Bravo (Cr\u00e9dit Mutuel)\" data-rl_title=\"13. Pierre-Yves Chassard, directeur de la Ligue Auvergne Rh\u00f4ne-Alpes de Basket, Jean Cellier (Ligue Auvergne Rh\u00f4ne-Alpes de Basket) et Adrien Bravo (Cr\u00e9dit Mutuel)\" class=\"rl-gallery-link\" data-rl_caption=\"\" data-rel=\"lightbox-gallery-bGlnaHRib3gtZ2FsbGVyeS0w\" data-rl_><img loading=\"lazy\" decoding=\"async\" width=\"900\" height=\"600\" src=\"data:image\/svg+xml,%3Csvg%20xmlns=\" http:=\"\" class=\"attachment-large size-large\" alt=\"\" aria-describedby=\"gallery--165307\" data-lazy- data-lazy- data-lazy-src=\"https:\/\/www.europesays.com\/fr\/wp-content\/uploads\/2025\/10\/13-Actipole-Immobilier-09.25-MS.jpg\"\/><\/a><\/p>\n<p>\n                                13. Pierre-Yves Chassard, directeur de la Ligue Auvergne Rh\u00f4ne-Alpes de Basket, Jean Cellier (Ligue Auvergne Rh\u00f4ne-Alpes de Basket) et Adrien Bravo (Cr\u00e9dit Mutuel)<\/p>\n<p>                                <a href=\"https:\/\/www.europesays.com\/fr\/wp-content\/uploads\/2025\/10\/14-Actipole-Immobilier-09.25-MS.jpg\" title=\"14. R\u00e9mi Dubois (Recycle Ball), Valentin Girard (Ligue Auvergne Rh\u00f4ne-Alpes de Basket) et Christophe Cornet (Cr\u00e9dit Mutuel)\" data-rl_title=\"14. R\u00e9mi Dubois (Recycle Ball), Valentin Girard (Ligue Auvergne Rh\u00f4ne-Alpes de Basket) et Christophe Cornet (Cr\u00e9dit Mutuel)\" class=\"rl-gallery-link\" data-rl_caption=\"\" data-rel=\"lightbox-gallery-bGlnaHRib3gtZ2FsbGVyeS0w\" data-rl_><img loading=\"lazy\" decoding=\"async\" width=\"900\" height=\"600\" src=\"data:image\/svg+xml,%3Csvg%20xmlns=\" http:=\"\" class=\"attachment-large size-large\" alt=\"\" aria-describedby=\"gallery--165308\" data-lazy- data-lazy- data-lazy-src=\"https:\/\/www.europesays.com\/fr\/wp-content\/uploads\/2025\/10\/14-Actipole-Immobilier-09.25-MS.jpg\"\/><\/a><\/p>\n<p>\n                                14. R\u00e9mi Dubois (Recycle Ball), Valentin Girard (Ligue Auvergne Rh\u00f4ne-Alpes de Basket) et Christophe Cornet (Cr\u00e9dit Mutuel)<\/p>\n<p><br style=\"clear: both\"\/><\/p>\n<p>                                <a href=\"https:\/\/www.europesays.com\/fr\/wp-content\/uploads\/2025\/10\/15-Actipole-Immobilier-09.25-MS.jpg\" title=\"15. Camille Cohen Balme et C\u00e9lia Choron (Ligue Auvergne Rh\u00f4ne-Alpes de Basket-Ball)\" data-rl_title=\"15. Camille Cohen Balme et C\u00e9lia Choron (Ligue Auvergne Rh\u00f4ne-Alpes de Basket-Ball)\" class=\"rl-gallery-link\" data-rl_caption=\"\" data-rel=\"lightbox-gallery-bGlnaHRib3gtZ2FsbGVyeS0w\" data-rl_><img loading=\"lazy\" decoding=\"async\" width=\"900\" height=\"640\" src=\"data:image\/svg+xml,%3Csvg%20xmlns=\" http:=\"\" class=\"attachment-large size-large\" alt=\"\" aria-describedby=\"gallery--165309\" data-lazy- data-lazy- data-lazy-src=\"https:\/\/www.europesays.com\/fr\/wp-content\/uploads\/2025\/10\/15-Actipole-Immobilier-09.25-MS.jpg\"\/><\/a><\/p>\n<p>\n                                15. Camille Cohen Balme et C\u00e9lia Choron (Ligue Auvergne Rh\u00f4ne-Alpes de Basket-Ball) <\/p>\n<p>                                <a href=\"https:\/\/www.europesays.com\/fr\/wp-content\/uploads\/2025\/10\/16-Actipole-Immobilier-09.25-MS.jpg\" title=\"16. Julien Bourgeois (Dynamic View), l\u2019architecte Marc Favaro (Agence Afaa) et Marco Polisson (Lyon People)\" data-rl_title=\"16. Julien Bourgeois (Dynamic View), l\u2019architecte Marc Favaro (Agence Afaa) et Marco Polisson (Lyon People)\" class=\"rl-gallery-link\" data-rl_caption=\"\" data-rel=\"lightbox-gallery-bGlnaHRib3gtZ2FsbGVyeS0w\" data-rl_><img loading=\"lazy\" decoding=\"async\" width=\"900\" height=\"652\" src=\"data:image\/svg+xml,%3Csvg%20xmlns=\" http:=\"\" class=\"attachment-large size-large\" alt=\"\" aria-describedby=\"gallery--165310\" data-lazy- data-lazy- data-lazy-src=\"https:\/\/www.europesays.com\/fr\/wp-content\/uploads\/2025\/10\/16-Actipole-Immobilier-09.25-MS.jpg\"\/><\/a><\/p>\n<p>\n                                16. Julien Bourgeois (Dynamic View), l\u2019architecte Marc Favaro (Agence Afaa) et Marco Polisson (Lyon People)<\/p>\n<p><br style=\"clear: both\"\/><\/p>\n<p>                                <a href=\"https:\/\/www.europesays.com\/fr\/wp-content\/uploads\/2025\/10\/17-Actipole-Immobilier-09.25-MS.jpg\" title=\"17. Tiffany Joncour, d\u00e9put\u00e9e du Rh\u00f4ne et son collaborateur Tim Bouzon\" data-rl_title=\"17. Tiffany Joncour, d\u00e9put\u00e9e du Rh\u00f4ne et son collaborateur Tim Bouzon\" class=\"rl-gallery-link\" data-rl_caption=\"\" data-rel=\"lightbox-gallery-bGlnaHRib3gtZ2FsbGVyeS0w\" data-rl_><img loading=\"lazy\" decoding=\"async\" width=\"900\" height=\"654\" src=\"data:image\/svg+xml,%3Csvg%20xmlns=\" http:=\"\" class=\"attachment-large size-large\" alt=\"\" aria-describedby=\"gallery--165311\" data-lazy- data-lazy- data-lazy-src=\"https:\/\/www.europesays.com\/fr\/wp-content\/uploads\/2025\/10\/17-Actipole-Immobilier-09.25-MS.jpg\"\/><\/a><\/p>\n<p>\n                                17. Tiffany Joncour, d\u00e9put\u00e9e du Rh\u00f4ne et son collaborateur Tim Bouzon<\/p>\n<p>                                <a href=\"https:\/\/www.europesays.com\/fr\/wp-content\/uploads\/2025\/10\/18-Actipole-Immobilier-09.25-MS.jpg\" title=\"18. Jean-Pierre Hunckler, pr\u00e9sident de la FFBB, Nordine Grhib, directeur d\u00e9veloppement LDLC ASVEL et Gilbert Lamothe (CDOS)\" data-rl_title=\"18. Jean-Pierre Hunckler, pr\u00e9sident de la FFBB, Nordine Grhib, directeur d\u00e9veloppement LDLC ASVEL et Gilbert Lamothe (CDOS)\" class=\"rl-gallery-link\" data-rl_caption=\"\" data-rel=\"lightbox-gallery-bGlnaHRib3gtZ2FsbGVyeS0w\" data-rl_><img loading=\"lazy\" decoding=\"async\" width=\"900\" height=\"629\" src=\"data:image\/svg+xml,%3Csvg%20xmlns=\" http:=\"\" class=\"attachment-large size-large\" alt=\"\" aria-describedby=\"gallery--165312\" data-lazy- data-lazy- data-lazy-src=\"https:\/\/www.europesays.com\/fr\/wp-content\/uploads\/2025\/10\/18-Actipole-Immobilier-09.25-MS.jpg\"\/><\/a><\/p>\n<p>\n                                18. Jean-Pierre Hunckler, pr\u00e9sident de la FFBB, Nordine Grhib, directeur d\u00e9veloppement LDLC ASVEL et Gilbert Lamothe (CDOS)<\/p>\n<p><br style=\"clear: both\"\/><\/p>\n<p>                                <a href=\"https:\/\/www.europesays.com\/fr\/wp-content\/uploads\/2025\/10\/19-Actipole-Immobilier-09.25-MS.jpg\" title=\"19. Mathilde Becret, directrice administrative et financi\u00e8re d&#039;Actipole, Marie-Christine Bouveret (CIC Lyonnaise de Banque) et Myriam Demdoum (Banque Populaire Auvergne Rh\u00f4ne Alpes)\" data-rl_title=\"19. Mathilde Becret, directrice administrative et financi\u00e8re d&#039;Actipole, Marie-Christine Bouveret (CIC Lyonnaise de Banque) et Myriam Demdoum (Banque Populaire Auvergne Rh\u00f4ne Alpes)\" class=\"rl-gallery-link\" data-rl_caption=\"\" data-rel=\"lightbox-gallery-bGlnaHRib3gtZ2FsbGVyeS0w\" data-rl_><img loading=\"lazy\" decoding=\"async\" width=\"900\" height=\"630\" src=\"data:image\/svg+xml,%3Csvg%20xmlns=\" http:=\"\" class=\"attachment-large size-large\" alt=\"\" aria-describedby=\"gallery--165313\" data-lazy- data-lazy- data-lazy-src=\"https:\/\/www.europesays.com\/fr\/wp-content\/uploads\/2025\/10\/19-Actipole-Immobilier-09.25-MS.jpg\"\/><\/a><\/p>\n<p>\n                                19. Mathilde Becret, directrice administrative et financi\u00e8re d\u2019Actipole, Marie-Christine Bouveret (CIC Lyonnaise de Banque) et Myriam Demdoum (Banque Populaire Auvergne Rh\u00f4ne Alpes)<\/p>\n<p>                                <a href=\"https:\/\/www.europesays.com\/fr\/wp-content\/uploads\/2025\/10\/20-Actipole-Immobilier-09.25-MS.jpg\" title=\"20. Marc-Antoine Ginon, pr\u00e9sident du LOU Rugby, Philippe Bernard (service des sports de la R\u00e9gion Auvergne Rh\u00f4ne Alpes) et Laurent Scheiwe, adjoint au maire de Saint-Priest, d\u00e9l\u00e9gu\u00e9 aux sports\" data-rl_title=\"20. Marc-Antoine Ginon, pr\u00e9sident du LOU Rugby, Philippe Bernard (service des sports de la R\u00e9gion Auvergne Rh\u00f4ne Alpes) et Laurent Scheiwe, adjoint au maire de Saint-Priest, d\u00e9l\u00e9gu\u00e9 aux sports\" class=\"rl-gallery-link\" data-rl_caption=\"\" data-rel=\"lightbox-gallery-bGlnaHRib3gtZ2FsbGVyeS0w\" data-rl_><img loading=\"lazy\" decoding=\"async\" width=\"900\" height=\"604\" src=\"data:image\/svg+xml,%3Csvg%20xmlns=\" http:=\"\" class=\"attachment-large size-large\" alt=\"\" aria-describedby=\"gallery--165314\" data-lazy- data-lazy- data-lazy-src=\"https:\/\/www.europesays.com\/fr\/wp-content\/uploads\/2025\/10\/20-Actipole-Immobilier-09.25-MS.jpg\"\/><\/a><\/p>\n<p>\n                                20. Marc-Antoine Ginon, pr\u00e9sident du LOU Rugby, Philippe Bernard (service des sports de la R\u00e9gion Auvergne Rh\u00f4ne Alpes) et Laurent Scheiwe, adjoint au maire de Saint-Priest, d\u00e9l\u00e9gu\u00e9 aux sports <\/p>\n<p><br style=\"clear: both\"\/><\/p>\n<p>                                <a href=\"https:\/\/www.europesays.com\/fr\/wp-content\/uploads\/2025\/10\/21-Actipole-Immobilier-09.25-MS.jpg\" title=\"21. Marie-Christine Plasse, pr\u00e9sidente du Comit\u00e9 R\u00e9gional Olympique et Sportif Auvergne Rh\u00f4ne Alpes et Sandra Chiritian (Crumbs)\" data-rl_title=\"21. Marie-Christine Plasse, pr\u00e9sidente du Comit\u00e9 R\u00e9gional Olympique et Sportif Auvergne Rh\u00f4ne Alpes et Sandra Chiritian (Crumbs)\" class=\"rl-gallery-link\" data-rl_caption=\"\" data-rel=\"lightbox-gallery-bGlnaHRib3gtZ2FsbGVyeS0w\" data-rl_><img loading=\"lazy\" decoding=\"async\" width=\"900\" height=\"648\" src=\"data:image\/svg+xml,%3Csvg%20xmlns=\" http:=\"\" class=\"attachment-large size-large\" alt=\"\" aria-describedby=\"gallery--165315\" data-lazy- data-lazy- data-lazy-src=\"https:\/\/www.europesays.com\/fr\/wp-content\/uploads\/2025\/10\/21-Actipole-Immobilier-09.25-MS.jpg\"\/><\/a><\/p>\n<p>\n                                21. Marie-Christine Plasse, pr\u00e9sidente du Comit\u00e9 R\u00e9gional Olympique et Sportif Auvergne Rh\u00f4ne Alpes et Sandra Chiritian (Crumbs) <\/p>\n<p>                                <a href=\"https:\/\/www.europesays.com\/fr\/wp-content\/uploads\/2025\/10\/22-Actipole-Immobilier-09.25-MS.jpg\" title=\"22. Damien Delabre (Cabinet Axa), Matthieu Fleury (Axa Lyon Foch) et Joel Scomparin, pr\u00e9sident de la Ligue Auvergne Rh\u00f4ne-Alpes de Basket-Ball\" data-rl_title=\"22. Damien Delabre (Cabinet Axa), Matthieu Fleury (Axa Lyon Foch) et Joel Scomparin, pr\u00e9sident de la Ligue Auvergne Rh\u00f4ne-Alpes de Basket-Ball\" class=\"rl-gallery-link\" data-rl_caption=\"\" data-rel=\"lightbox-gallery-bGlnaHRib3gtZ2FsbGVyeS0w\" data-rl_><img loading=\"lazy\" decoding=\"async\" width=\"900\" height=\"630\" src=\"data:image\/svg+xml,%3Csvg%20xmlns=\" http:=\"\" class=\"attachment-large size-large\" alt=\"\" aria-describedby=\"gallery--165316\" data-lazy- data-lazy- data-lazy-src=\"https:\/\/www.europesays.com\/fr\/wp-content\/uploads\/2025\/10\/22-Actipole-Immobilier-09.25-MS.jpg\"\/><\/a><\/p>\n<p>\n                                22. Damien Delabre (Cabinet Axa), Matthieu Fleury (Axa Lyon Foch) et Joel Scomparin, pr\u00e9sident de la Ligue Auvergne Rh\u00f4ne-Alpes de Basket-Ball<\/p>\n<p><br style=\"clear: both\"\/><\/p>\n<p>                                <a href=\"https:\/\/www.europesays.com\/fr\/wp-content\/uploads\/2025\/10\/23-Actipole-Immobilier-09.25-MS.jpg\" title=\"23. Christophe Cornet (Cr\u00e9dit Mutuel), Myriam Demdoum (Banque Populaire Auvergne Rh\u00f4ne Alpes), Joel Scomparin, pr\u00e9sident de la Ligue Auvergne Rh\u00f4ne-Alpes de Basket-Ball, Jessica Di Vello (Cr\u00e9dit Mutuel) et St\u00e9phane Busson (Cr\u00e9dit Mutuel)\" data-rl_title=\"23. Christophe Cornet (Cr\u00e9dit Mutuel), Myriam Demdoum (Banque Populaire Auvergne Rh\u00f4ne Alpes), Joel Scomparin, pr\u00e9sident de la Ligue Auvergne Rh\u00f4ne-Alpes de Basket-Ball, Jessica Di Vello (Cr\u00e9dit Mutuel) et St\u00e9phane Busson (Cr\u00e9dit Mutuel)\" class=\"rl-gallery-link\" data-rl_caption=\"\" data-rel=\"lightbox-gallery-bGlnaHRib3gtZ2FsbGVyeS0w\" data-rl_><img loading=\"lazy\" decoding=\"async\" width=\"900\" height=\"600\" src=\"data:image\/svg+xml,%3Csvg%20xmlns=\" http:=\"\" class=\"attachment-large size-large\" alt=\"\" aria-describedby=\"gallery--165317\" data-lazy- data-lazy- data-lazy-src=\"https:\/\/www.europesays.com\/fr\/wp-content\/uploads\/2025\/10\/23-Actipole-Immobilier-09.25-MS.jpg\"\/><\/a><\/p>\n<p>\n                                23. Christophe Cornet (Cr\u00e9dit Mutuel), Myriam Demdoum (Banque Populaire Auvergne Rh\u00f4ne Alpes), Joel Scomparin, pr\u00e9sident de la Ligue Auvergne Rh\u00f4ne-Alpes de Basket-Ball, Jessica Di Vello (Cr\u00e9dit Mutuel) et St\u00e9phane Busson (Cr\u00e9dit Mutuel)<\/p>\n<p>                                <a href=\"https:\/\/www.europesays.com\/fr\/wp-content\/uploads\/2025\/10\/24-Actipole-Immobilier-09.25-MS.jpg\" title=\"24. Joel Scomparin, pr\u00e9sident de la Ligue Auvergne Rh\u00f4ne-Alpes de Basket-Ball entour\u00e9 de Thomas Bouvrande (Spalding) et Florent Reynaud (Sport Avenue Pro)\" data-rl_title=\"24. Joel Scomparin, pr\u00e9sident de la Ligue Auvergne Rh\u00f4ne-Alpes de Basket-Ball entour\u00e9 de Thomas Bouvrande (Spalding) et Florent Reynaud (Sport Avenue Pro)\" class=\"rl-gallery-link\" data-rl_caption=\"\" data-rel=\"lightbox-gallery-bGlnaHRib3gtZ2FsbGVyeS0w\" data-rl_><img loading=\"lazy\" decoding=\"async\" width=\"900\" height=\"652\" src=\"data:image\/svg+xml,%3Csvg%20xmlns=\" http:=\"\" class=\"attachment-large size-large\" alt=\"\" aria-describedby=\"gallery--165318\" data-lazy- data-lazy- data-lazy-src=\"https:\/\/www.europesays.com\/fr\/wp-content\/uploads\/2025\/10\/24-Actipole-Immobilier-09.25-MS.jpg\"\/><\/a><\/p>\n<p>\n                                24. Joel Scomparin, pr\u00e9sident de la Ligue Auvergne Rh\u00f4ne-Alpes de Basket-Ball entour\u00e9 de Thomas Bouvrande (Spalding) et Florent Reynaud (Sport Avenue Pro)<\/p>\n<p><br style=\"clear: both\"\/><\/p>\n<p>                                <a href=\"https:\/\/www.europesays.com\/fr\/wp-content\/uploads\/2025\/10\/25-Actipole-Immobilier-09.25-MS.jpg\" title=\"25. Patrick Bouchet (Actipole Immobilier), Joel Scomparin, pr\u00e9sident de la Ligue Auvergne Rh\u00f4ne-Alpes de Basket-Ball, Marie-Christine Plasse, pr\u00e9sidente du Comit\u00e9 R\u00e9gional Olympique et Sportif d&#039;Auvergne Rh\u00f4ne Alpes, Elodie Simonet (Actipole Immobilier), Renaud Pfeffer, vice-pr\u00e9sident de la R\u00e9gion Auvergne-Rh\u00f4ne-Alpes, d\u00e9l\u00e9gu\u00e9 au sport et Gilles Gason, maire de Saint-Priest\" data-rl_title=\"25. Patrick Bouchet (Actipole Immobilier), Joel Scomparin, pr\u00e9sident de la Ligue Auvergne Rh\u00f4ne-Alpes de Basket-Ball, Marie-Christine Plasse, pr\u00e9sidente du Comit\u00e9 R\u00e9gional Olympique et Sportif d&#039;Auvergne Rh\u00f4ne Alpes, Elodie Simonet (Actipole Immobilier), Renaud Pfeffer, vice-pr\u00e9sident de la R\u00e9gion Auvergne-Rh\u00f4ne-Alpes, d\u00e9l\u00e9gu\u00e9 au sport et Gilles Gason, maire de Saint-Priest\" class=\"rl-gallery-link\" data-rl_caption=\"\" data-rel=\"lightbox-gallery-bGlnaHRib3gtZ2FsbGVyeS0w\" data-rl_><img loading=\"lazy\" decoding=\"async\" width=\"900\" height=\"600\" src=\"data:image\/svg+xml,%3Csvg%20xmlns=\" http:=\"\" class=\"attachment-large size-large\" alt=\"\" aria-describedby=\"gallery--165319\" data-lazy- data-lazy- data-lazy-src=\"https:\/\/www.europesays.com\/fr\/wp-content\/uploads\/2025\/10\/25-Actipole-Immobilier-09.25-MS.jpg\"\/><\/a><\/p>\n<p>\n                                25. Patrick Bouchet (Actipole Immobilier), Joel Scomparin, pr\u00e9sident de la Ligue Auvergne Rh\u00f4ne-Alpes de Basket-Ball, Marie-Christine Plasse, pr\u00e9sidente du Comit\u00e9 R\u00e9gional Olympique et Sportif d\u2019Auvergne Rh\u00f4ne Alpes, Elodie Simonet (Actipole Immobilier), Renaud Pfeffer, vice-pr\u00e9sident de la R\u00e9gion Auvergne-Rh\u00f4ne-Alpes, d\u00e9l\u00e9gu\u00e9 au sport et Gilles Gason, maire de Saint-Priest<\/p>\n<p>                                <a href=\"https:\/\/www.europesays.com\/fr\/wp-content\/uploads\/2025\/10\/26-Actipole-Immobilier-09.25-MS.jpg\" title=\"26. L\u2019\u00e9quipe d\u2019Actipole Immobilier\" data-rl_title=\"26. L\u2019\u00e9quipe d\u2019Actipole Immobilier\" class=\"rl-gallery-link\" data-rl_caption=\"\" data-rel=\"lightbox-gallery-bGlnaHRib3gtZ2FsbGVyeS0w\" data-rl_><img loading=\"lazy\" decoding=\"async\" width=\"900\" height=\"589\" src=\"data:image\/svg+xml,%3Csvg%20xmlns=\" http:=\"\" class=\"attachment-large size-large\" alt=\"\" aria-describedby=\"gallery--165320\" data-lazy- data-lazy- data-lazy-src=\"https:\/\/www.europesays.com\/fr\/wp-content\/uploads\/2025\/10\/26-Actipole-Immobilier-09.25-MS.jpg\"\/><\/a><\/p>\n<p>\n                                26. L\u2019\u00e9quipe d\u2019Actipole Immobilier<\/p>\n<p><br style=\"clear: both\"\/><\/p>\n<p>                                <a href=\"https:\/\/www.europesays.com\/fr\/wp-content\/uploads\/2025\/10\/27-Actipole-Immobilier-09.25-MS.jpg\" title=\"27. Fr\u00e9d\u00e9ric Solas (Le Grini Basket Club), Jean-Pierre Hunckler, pr\u00e9sident de la FFBB, St\u00e9phanie Pioger, 1\u00e8re vice-pr\u00e9sidente de la FFBB et Arnaud Mounier, vice-pr\u00e9sident du Comit\u00e9 du Rh\u00f4ne de Basket-Ball\" data-rl_title=\"27. Fr\u00e9d\u00e9ric Solas (Le Grini Basket Club), Jean-Pierre Hunckler, pr\u00e9sident de la FFBB, St\u00e9phanie Pioger, 1\u00e8re vice-pr\u00e9sidente de la FFBB et Arnaud Mounier, vice-pr\u00e9sident du Comit\u00e9 du Rh\u00f4ne de Basket-Ball\" class=\"rl-gallery-link\" data-rl_caption=\"\" data-rel=\"lightbox-gallery-bGlnaHRib3gtZ2FsbGVyeS0w\" data-rl_><img loading=\"lazy\" decoding=\"async\" width=\"900\" height=\"610\" src=\"data:image\/svg+xml,%3Csvg%20xmlns=\" http:=\"\" class=\"attachment-large size-large\" alt=\"\" aria-describedby=\"gallery--165321\" data-lazy- data-lazy- data-lazy-src=\"https:\/\/www.europesays.com\/fr\/wp-content\/uploads\/2025\/10\/27-Actipole-Immobilier-09.25-MS.jpg\"\/><\/a><\/p>\n<p>\n                                27. Fr\u00e9d\u00e9ric Solas (Le Grini Basket Club), Jean-Pierre Hunckler, pr\u00e9sident de la FFBB, St\u00e9phanie Pioger, 1\u00e8re vice-pr\u00e9sidente de la FFBB et Arnaud Mounier, vice-pr\u00e9sident du Comit\u00e9 du Rh\u00f4ne de Basket-Ball <\/p>\n<p>                                <a href=\"https:\/\/www.europesays.com\/fr\/wp-content\/uploads\/2025\/10\/28-Actipole-Immobilier-09.25-MS.jpg\" title=\"28. Un d\u00e9licieux catering assur\u00e9 par Thomas, Istvan, Ruan et Romain Salles (Mobbar)\" data-rl_title=\"28. Un d\u00e9licieux catering assur\u00e9 par Thomas, Istvan, Ruan et Romain Salles (Mobbar)\" class=\"rl-gallery-link\" data-rl_caption=\"\" data-rel=\"lightbox-gallery-bGlnaHRib3gtZ2FsbGVyeS0w\" data-rl_><img loading=\"lazy\" decoding=\"async\" width=\"900\" height=\"611\" src=\"data:image\/svg+xml,%3Csvg%20xmlns=\" http:=\"\" class=\"attachment-large size-large\" alt=\"\" aria-describedby=\"gallery--165322\" data-lazy- data-lazy- data-lazy-src=\"https:\/\/www.europesays.com\/fr\/wp-content\/uploads\/2025\/10\/28-Actipole-Immobilier-09.25-MS.jpg\"\/><\/a><\/p>\n<p>\n                                28. Un d\u00e9licieux catering assur\u00e9 par Thomas, Istvan, Ruan et Romain Salles (Mobbar)<\/p>\n<p><br style=\"clear: both\"\/><\/p>\n<p>                                <a href=\"https:\/\/www.europesays.com\/fr\/wp-content\/uploads\/2025\/10\/29-Actipole-Immobilier-09.25-MS.jpg\" title=\"29. Gilles Gascon, maire de Saint-Priest, Marc-Antoine Ginon, pr\u00e9sident du LOU Rugby et Renaud Pfeffer, vice-pr\u00e9sident de la R\u00e9gion Auvergne-Rh\u00f4ne-Alpes, d\u00e9l\u00e9gu\u00e9 au sport\" data-rl_title=\"29. Gilles Gascon, maire de Saint-Priest, Marc-Antoine Ginon, pr\u00e9sident du LOU Rugby et Renaud Pfeffer, vice-pr\u00e9sident de la R\u00e9gion Auvergne-Rh\u00f4ne-Alpes, d\u00e9l\u00e9gu\u00e9 au sport\" class=\"rl-gallery-link\" data-rl_caption=\"\" data-rel=\"lightbox-gallery-bGlnaHRib3gtZ2FsbGVyeS0w\" data-rl_><img loading=\"lazy\" decoding=\"async\" width=\"900\" height=\"637\" src=\"data:image\/svg+xml,%3Csvg%20xmlns=\" http:=\"\" class=\"attachment-large size-large\" alt=\"\" aria-describedby=\"gallery--165323\" data-lazy- data-lazy- data-lazy-src=\"https:\/\/www.europesays.com\/fr\/wp-content\/uploads\/2025\/10\/29-Actipole-Immobilier-09.25-MS.jpg\"\/><\/a><\/p>\n<p>\n                                29. Gilles Gascon, maire de Saint-Priest, Marc-Antoine Ginon, pr\u00e9sident du LOU Rugby et Renaud Pfeffer, vice-pr\u00e9sident de la R\u00e9gion Auvergne-Rh\u00f4ne-Alpes, d\u00e9l\u00e9gu\u00e9 au sport<\/p>\n<p>                                <a href=\"https:\/\/www.europesays.com\/fr\/wp-content\/uploads\/2025\/10\/30-Actipole-Immobilier-09.25-MS.jpg\" title=\"30. Gilles Gascon, maire de Saint-Priest, Marc-Antoine Ginon, pr\u00e9sident du LOU Rugby, Marie-Christine Plasse, pr\u00e9sidente du Comit\u00e9 R\u00e9gional Olympique et Sportif d&#039;Auvergne Rh\u00f4ne Alpes et Renaud Pfeffer, vice-pr\u00e9sident de la R\u00e9gion Auvergne-Rh\u00f4ne-Alpes, d\u00e9l\u00e9gu\u00e9 au sport\" data-rl_title=\"30. Gilles Gascon, maire de Saint-Priest, Marc-Antoine Ginon, pr\u00e9sident du LOU Rugby, Marie-Christine Plasse, pr\u00e9sidente du Comit\u00e9 R\u00e9gional Olympique et Sportif d&#039;Auvergne Rh\u00f4ne Alpes et Renaud Pfeffer, vice-pr\u00e9sident de la R\u00e9gion Auvergne-Rh\u00f4ne-Alpes, d\u00e9l\u00e9gu\u00e9 au sport\" class=\"rl-gallery-link\" data-rl_caption=\"\" data-rel=\"lightbox-gallery-bGlnaHRib3gtZ2FsbGVyeS0w\" data-rl_><img loading=\"lazy\" decoding=\"async\" width=\"900\" height=\"648\" src=\"data:image\/svg+xml,%3Csvg%20xmlns=\" http:=\"\" class=\"attachment-large size-large\" alt=\"\" aria-describedby=\"gallery--165324\" data-lazy- data-lazy- data-lazy-src=\"https:\/\/www.europesays.com\/fr\/wp-content\/uploads\/2025\/10\/30-Actipole-Immobilier-09.25-MS.jpg\"\/><\/a><\/p>\n<p>\n                                30. Gilles Gascon, maire de Saint-Priest, Marc-Antoine Ginon, pr\u00e9sident du LOU Rugby, Marie-Christine Plasse, pr\u00e9sidente du Comit\u00e9 R\u00e9gional Olympique et Sportif d\u2019Auvergne Rh\u00f4ne Alpes et Renaud Pfeffer, vice-pr\u00e9sident de la R\u00e9gion Auvergne-Rh\u00f4ne-Alpes, d\u00e9l\u00e9gu\u00e9 au sport<\/p>\n<p><br style=\"clear: both\"\/><\/p>\n<p>                                <a href=\"https:\/\/www.europesays.com\/fr\/wp-content\/uploads\/2025\/10\/32-Actipole-Immobilier-09.25-MS.jpg\" title=\"31. Elodie Simonet (Actipole Immobilier)\" data-rl_title=\"31. Elodie Simonet (Actipole Immobilier)\" class=\"rl-gallery-link\" data-rl_caption=\"\" data-rel=\"lightbox-gallery-bGlnaHRib3gtZ2FsbGVyeS0w\" data-rl_><img loading=\"lazy\" decoding=\"async\" width=\"900\" height=\"621\" src=\"data:image\/svg+xml,%3Csvg%20xmlns=\" http:=\"\" class=\"attachment-large size-large\" alt=\"\" aria-describedby=\"gallery--165325\" data-lazy- data-lazy- data-lazy-src=\"https:\/\/www.europesays.com\/fr\/wp-content\/uploads\/2025\/10\/32-Actipole-Immobilier-09.25-MS.jpg\"\/><\/a><\/p>\n<p>\n                                31. Elodie Simonet (Actipole Immobilier)<\/p>\n<p>                                <a href=\"https:\/\/www.europesays.com\/fr\/wp-content\/uploads\/2025\/10\/33-Actipole-Immobilier-09.25-MS.jpg\" title=\"32. Gilles Gason, maire de Saint-Priest\" data-rl_title=\"32. Gilles Gason, maire de Saint-Priest\" class=\"rl-gallery-link\" data-rl_caption=\"\" data-rel=\"lightbox-gallery-bGlnaHRib3gtZ2FsbGVyeS0w\" data-rl_><img loading=\"lazy\" decoding=\"async\" width=\"900\" height=\"645\" src=\"data:image\/svg+xml,%3Csvg%20xmlns=\" http:=\"\" class=\"attachment-large size-large\" alt=\"\" aria-describedby=\"gallery--165326\" data-lazy- data-lazy- data-lazy-src=\"https:\/\/www.europesays.com\/fr\/wp-content\/uploads\/2025\/10\/33-Actipole-Immobilier-09.25-MS.jpg\"\/><\/a><\/p>\n<p>\n                                32. Gilles Gason, maire de Saint-Priest<\/p>\n<p><br style=\"clear: both\"\/><\/p>\n<p>                                <a href=\"https:\/\/www.europesays.com\/fr\/wp-content\/uploads\/2025\/10\/34-Actipole-Immobilier-09.25-MS.jpg\" title=\"33. Gilles Gason, maire de Saint-Priest\" data-rl_title=\"33. Gilles Gason, maire de Saint-Priest\" class=\"rl-gallery-link\" data-rl_caption=\"\" data-rel=\"lightbox-gallery-bGlnaHRib3gtZ2FsbGVyeS0w\" data-rl_><img loading=\"lazy\" decoding=\"async\" width=\"900\" height=\"622\" src=\"data:image\/svg+xml,%3Csvg%20xmlns=\" http:=\"\" class=\"attachment-large size-large\" alt=\"\" aria-describedby=\"gallery--165327\" data-lazy- data-lazy- data-lazy-src=\"https:\/\/www.europesays.com\/fr\/wp-content\/uploads\/2025\/10\/34-Actipole-Immobilier-09.25-MS.jpg\"\/><\/a><\/p>\n<p>\n                                33. Gilles Gason, maire de Saint-Priest<\/p>\n<p>                                <a href=\"https:\/\/www.europesays.com\/fr\/wp-content\/uploads\/2025\/10\/35-Actipole-Immobilier-09.25-MS.jpg\" title=\"34. Les supporters\" data-rl_title=\"34. Les supporters\" class=\"rl-gallery-link\" data-rl_caption=\"\" data-rel=\"lightbox-gallery-bGlnaHRib3gtZ2FsbGVyeS0w\" data-rl_><img loading=\"lazy\" decoding=\"async\" width=\"900\" height=\"600\" src=\"data:image\/svg+xml,%3Csvg%20xmlns=\" http:=\"\" class=\"attachment-large size-large\" alt=\"\" aria-describedby=\"gallery--165328\" data-lazy- data-lazy- data-lazy-src=\"https:\/\/www.europesays.com\/fr\/wp-content\/uploads\/2025\/10\/35-Actipole-Immobilier-09.25-MS.jpg\"\/><\/a><\/p>\n<p>\n                                34. Les supporters<\/p>\n<p><br style=\"clear: both\"\/><\/p>\n<p>                                <a href=\"https:\/\/www.europesays.com\/fr\/wp-content\/uploads\/2025\/10\/36-Actipole-Immobilier-09.25-MS.jpg\" title=\"35.\" data-rl_title=\"35.\" class=\"rl-gallery-link\" data-rl_caption=\"\" data-rel=\"lightbox-gallery-bGlnaHRib3gtZ2FsbGVyeS0w\" data-rl_><img loading=\"lazy\" decoding=\"async\" width=\"900\" height=\"600\" src=\"data:image\/svg+xml,%3Csvg%20xmlns=\" http:=\"\" class=\"attachment-large size-large\" alt=\"\" aria-describedby=\"gallery--165329\" data-lazy- data-lazy- data-lazy-src=\"https:\/\/www.europesays.com\/fr\/wp-content\/uploads\/2025\/10\/36-Actipole-Immobilier-09.25-MS.jpg\"\/><\/a><\/p>\n<p>\n                                35. <\/p>\n<p>                                <a href=\"https:\/\/www.europesays.com\/fr\/wp-content\/uploads\/2025\/10\/43-Actipole-Immobilier-09.25-MS.jpg\" title=\"36. Patrick Bouchet, directeur associ\u00e9 Actipole Immobilier\" data-rl_title=\"36. Patrick Bouchet, directeur associ\u00e9 Actipole Immobilier\" class=\"rl-gallery-link\" data-rl_caption=\"\" data-rel=\"lightbox-gallery-bGlnaHRib3gtZ2FsbGVyeS0w\" data-rl_><img loading=\"lazy\" decoding=\"async\" width=\"900\" height=\"634\" src=\"data:image\/svg+xml,%3Csvg%20xmlns=\" http:=\"\" class=\"attachment-large size-large\" alt=\"\" aria-describedby=\"gallery--165330\" data-lazy- data-lazy- data-lazy-src=\"https:\/\/www.europesays.com\/fr\/wp-content\/uploads\/2025\/10\/43-Actipole-Immobilier-09.25-MS.jpg\"\/><\/a><\/p>\n<p>\n                                36. Patrick Bouchet, directeur associ\u00e9 Actipole Immobilier<\/p>\n<p><br style=\"clear: both\"\/><\/p>\n<p>                                <a href=\"https:\/\/www.europesays.com\/fr\/wp-content\/uploads\/2025\/10\/47-Actipole-Immobilier-09.25-MS.jpg\" title=\"37. Joel Scomparin, pr\u00e9sident de la Ligue Auvergne Rh\u00f4ne-Alpes de Basket-Ball\" data-rl_title=\"37. Joel Scomparin, pr\u00e9sident de la Ligue Auvergne Rh\u00f4ne-Alpes de Basket-Ball\" class=\"rl-gallery-link\" data-rl_caption=\"\" data-rel=\"lightbox-gallery-bGlnaHRib3gtZ2FsbGVyeS0w\" data-rl_><img loading=\"lazy\" decoding=\"async\" width=\"900\" height=\"600\" src=\"data:image\/svg+xml,%3Csvg%20xmlns=\" http:=\"\" class=\"attachment-large size-large\" alt=\"\" aria-describedby=\"gallery--165331\" data-lazy- data-lazy- data-lazy-src=\"https:\/\/www.europesays.com\/fr\/wp-content\/uploads\/2025\/10\/47-Actipole-Immobilier-09.25-MS.jpg\"\/><\/a><\/p>\n<p>\n                                37. Joel Scomparin, pr\u00e9sident de la Ligue Auvergne Rh\u00f4ne-Alpes de Basket-Ball<\/p>\n<p>                                <a href=\"https:\/\/www.europesays.com\/fr\/wp-content\/uploads\/2025\/10\/52-Actipole-Immobilier-09.25-MS.jpg\" title=\"38. Jean-Pierre Hunckler, pr\u00e9sident de la F\u00e9d\u00e9ration Fran\u00e7aise de Basket-Ball (FFBB)\" data-rl_title=\"38. Jean-Pierre Hunckler, pr\u00e9sident de la F\u00e9d\u00e9ration Fran\u00e7aise de Basket-Ball (FFBB)\" class=\"rl-gallery-link\" data-rl_caption=\"\" data-rel=\"lightbox-gallery-bGlnaHRib3gtZ2FsbGVyeS0w\" data-rl_><img loading=\"lazy\" decoding=\"async\" width=\"900\" height=\"600\" src=\"data:image\/svg+xml,%3Csvg%20xmlns=\" http:=\"\" class=\"attachment-large size-large\" alt=\"\" aria-describedby=\"gallery--165332\" data-lazy- data-lazy- data-lazy-src=\"https:\/\/www.europesays.com\/fr\/wp-content\/uploads\/2025\/10\/52-Actipole-Immobilier-09.25-MS.jpg\"\/><\/a><\/p>\n<p>\n                                38. Jean-Pierre Hunckler, pr\u00e9sident de la F\u00e9d\u00e9ration Fran\u00e7aise de Basket-Ball (FFBB)<\/p>\n<p><br style=\"clear: both\"\/><\/p>\n<p>                                <a href=\"https:\/\/www.europesays.com\/fr\/wp-content\/uploads\/2025\/10\/57-Actipole-Immobilier-09.25-MS.jpg\" title=\"39. Renaud Pfeffer, vice-pr\u00e9sident de la R\u00e9gion Auvergne-Rh\u00f4ne-Alpes, d\u00e9l\u00e9gu\u00e9 au sport\" data-rl_title=\"39. Renaud Pfeffer, vice-pr\u00e9sident de la R\u00e9gion Auvergne-Rh\u00f4ne-Alpes, d\u00e9l\u00e9gu\u00e9 au sport\" class=\"rl-gallery-link\" data-rl_caption=\"\" data-rel=\"lightbox-gallery-bGlnaHRib3gtZ2FsbGVyeS0w\" data-rl_><img loading=\"lazy\" decoding=\"async\" width=\"900\" height=\"600\" src=\"data:image\/svg+xml,%3Csvg%20xmlns=\" http:=\"\" class=\"attachment-large size-large\" alt=\"\" aria-describedby=\"gallery--165333\" data-lazy- data-lazy- data-lazy-src=\"https:\/\/www.europesays.com\/fr\/wp-content\/uploads\/2025\/10\/57-Actipole-Immobilier-09.25-MS.jpg\"\/><\/a><\/p>\n<p>\n                                39. Renaud Pfeffer, vice-pr\u00e9sident de la R\u00e9gion Auvergne-Rh\u00f4ne-Alpes, d\u00e9l\u00e9gu\u00e9 au sport<\/p>\n<p>                        <br style=\"clear: both\"\/><\/p>\n","protected":false},"excerpt":{"rendered":"Photos \u00a9 Saby Maviel pour Lyon People Texte\u00a0: Morgan Couturier \u2013 Un an apr\u00e8s la pr\u00e9sentation du projet,&hellip;\n","protected":false},"author":2,"featured_media":447089,"comment_status":"","ping_status":"","sticky":false,"template":"","format":"standard","meta":{"footnotes":""},"categories":[1889],"tags":[4257,1111,47,4258,11,2430,1777,674,1011,27,2428,57292,12,25,4605],"class_list":{"0":"post-447088","1":"post","2":"type-post","3":"status-publish","4":"format-standard","5":"has-post-thumbnail","7":"category-lyon","8":"tag-0top","9":"tag-actu","10":"tag-actualite","11":"tag-actualite-lyon","12":"tag-actualites","13":"tag-auvergne-rhone-alpes","14":"tag-eu","15":"tag-europe","16":"tag-fr","17":"tag-france","18":"tag-lyon","19":"tag-maison-du-basket","20":"tag-news","21":"tag-republique-francaise","22":"tag-saint-priest"},"share_on_mastodon":{"url":"https:\/\/pubeurope.com\/@fr\/115337771772913115","error":""},"_links":{"self":[{"href":"https:\/\/www.europesays.com\/fr\/wp-json\/wp\/v2\/posts\/447088","targetHints":{"allow":["GET"]}}],"collection":[{"href":"https:\/\/www.europesays.com\/fr\/wp-json\/wp\/v2\/posts"}],"about":[{"href":"https:\/\/www.europesays.com\/fr\/wp-json\/wp\/v2\/types\/post"}],"author":[{"embeddable":true,"href":"https:\/\/www.europesays.com\/fr\/wp-json\/wp\/v2\/users\/2"}],"replies":[{"embeddable":true,"href":"https:\/\/www.europesays.com\/fr\/wp-json\/wp\/v2\/comments?post=447088"}],"version-history":[{"count":0,"href":"https:\/\/www.europesays.com\/fr\/wp-json\/wp\/v2\/posts\/447088\/revisions"}],"wp:featuredmedia":[{"embeddable":true,"href":"https:\/\/www.europesays.com\/fr\/wp-json\/wp\/v2\/media\/447089"}],"wp:attachment":[{"href":"https:\/\/www.europesays.com\/fr\/wp-json\/wp\/v2\/media?parent=447088"}],"wp:term":[{"taxonomy":"category","embeddable":true,"href":"https:\/\/www.europesays.com\/fr\/wp-json\/wp\/v2\/categories?post=447088"},{"taxonomy":"post_tag","embeddable":true,"href":"https:\/\/www.europesays.com\/fr\/wp-json\/wp\/v2\/tags?post=447088"}],"curies":[{"name":"wp","href":"https:\/\/api.w.org\/{rel}","templated":true}]}}