{"id":447093,"date":"2025-10-08T09:13:12","date_gmt":"2025-10-08T09:13:12","guid":{"rendered":"https:\/\/www.europesays.com\/fr\/447093\/"},"modified":"2025-10-08T09:13:12","modified_gmt":"2025-10-08T09:13:12","slug":"confronte-a-des-videos-accablantes-laccuse-estime-quil-y-a-deux-victimes-dans-laffaire","status":"publish","type":"post","link":"https:\/\/www.europesays.com\/fr\/447093\/","title":{"rendered":"confront\u00e9 \u00e0 des vid\u00e9os accablantes, l&rsquo;accus\u00e9 estime qu&rsquo;il y a \u00ab\u00a0deux victimes\u00a0\u00bb dans l&rsquo;affaire"},"content":{"rendered":"<p>Au troisi\u00e8me jour du proc\u00e8s en appel des viols inflig\u00e9s \u00e0 Gis\u00e8le Pelicot, mercredi 8 octobre, l&rsquo;<a href=\"https:\/\/www.franceinfo.fr\/faits-divers\/affaire-des-viols-de-mazan\/je-n-ai-jamais-force-qui-que-ce-soit-a-faire-quoi-que-ce-soit-au-proces-en-appel-des-viols-de-mazan-la-defense-de-l-accuse-mise-a-mal-par-dominique-pelicot_7537657.html\" rel=\"nofollow noopener\" target=\"_blank\">accus\u00e9 se pose en victime de Dominique Pelicot<\/a>. \u00ab\u00a0Pour moi, je n&rsquo;ai pas commis de viol\u00a0\u00bb, a insist\u00e9 Husamettin Dogan devant la cour d&rsquo;assises d&rsquo;appel du Gard, \u00e0 N\u00eemes. \u00ab\u00a0C&rsquo;est lui le manipulateur, ce n&rsquo;est pas moi. C&rsquo;est lui qui m&rsquo;a attir\u00e9 l\u00e0-bas\u00a0\u00bb, a-t-il poursuivi, confront\u00e9 aux vid\u00e9os sur lesquelles on le voit clairement p\u00e9n\u00e9trer \u00e0 de nombreuses reprises une victime endormie. Interrog\u00e9 par les avocats de Gis\u00e8le Pelicot, Husamettin Dogan estime qu&rsquo;il y a \u00ab\u00a0deux victimes\u00a0\u00bb dans ce dossier, m\u00eame si \u00ab\u00a0cette dame-l\u00e0 est plus victime que moi\u00a0\u00bb, dit-il. \u00ab\u00a0Elle est victime de toute cette machination cette dame, moi je n&rsquo;y suis pour rien\u00a0\u00bb, nie-t-il encore. La cour doit ensuite entendre le t\u00e9moignage de Gis\u00e8le Pelicot.\u00a0Suivez notre direct.<\/p>\n<p class=\"c-body__bullet\"> <strong>Le t\u00e9moignage de Gis\u00e8le Pelicot attendu. <\/strong>Rest\u00e9e discr\u00e8te depuis le d\u00e9but du proc\u00e8s face <a href=\"https:\/\/france3-regions.franceinfo.fr\/occitanie\/gard\/nimes\/viols-de-mazan-une-chorale-de-feministes-au-soutien-de-gisele-pelicot-a-la-sortie-du-tribunal-3229487.html\" rel=\"nofollow noopener\" target=\"_blank\">au public venu en nombre \u00e0 N\u00eemes la soutenir<\/a>, celle qui <a href=\"https:\/\/www.franceinfo.fr\/replay-radio\/ces-destins-qui-font-l-info\/gisele-pelicot-4-5-l-icone-feministe-mondiale_7380112.html\" rel=\"nofollow noopener\" target=\"_blank\">a acc\u00e9d\u00e9 au statut d&rsquo;ic\u00f4ne f\u00e9ministe<\/a> va devoir de nouveau s&rsquo;exprimer \u00ab\u00a0pour vraiment tourner la page\u00a0\u00bb. \u00ab\u00a0Elle aurait vraiment pr\u00e9f\u00e9r\u00e9 rester l\u00e0 o\u00f9 elle est et se concentrer sur sa nouvelle vie et sur son avenir. Mais elle doit en passer par l\u00e0\u00a0\u00bb, a expliqu\u00e9 l&rsquo;un de ses avocats, Antoine Camus.<\/p>\n<p class=\"c-body__bullet\"> <strong>Des vid\u00e9os visionn\u00e9es par la cour. <\/strong>Pas moins de 107\u00a0photos et 14\u00a0vid\u00e9os de cette soir\u00e9e du 28 juin 2019, lors de laquelle Husamettin Dogan s&rsquo;est rendu \u00e0 Mazan, sur invitation de Dominique Pelicot, ont \u00e9t\u00e9 retrouv\u00e9es sur un disque dur de celui-ci. Plusieurs d&rsquo;entre elles sont visionn\u00e9es mercredi, alors que les versions de Dominique Pelicot et de l&rsquo;accus\u00e9 de cette soir\u00e9e continuent de varier.<\/p>\n<p class=\"c-body__bullet\"> <strong>Un proc\u00e8s probablement prolong\u00e9 d&rsquo;une journ\u00e9e.<\/strong>\u00a0Apr\u00e8s l&rsquo;audition de Gis\u00e8le Pelicot, devraient d\u00e9buter, vraisemblablement dans l&rsquo;apr\u00e8s-midi, les plaidoiries de ses avocats suivies du r\u00e9quisitoire de l&rsquo;avocat g\u00e9n\u00e9ral. En premi\u00e8re instance, douze ans de prison avaient \u00e9t\u00e9 requis et l&rsquo;accus\u00e9 avait \u00e9t\u00e9 condamn\u00e9 \u00e0 neuf ans de r\u00e9clusion. Poursuivi pour \u00ab\u00a0viols aggrav\u00e9s\u00a0\u00bb, il risque un maximum de 20\u00a0ans de prison. Les plaidoiries des avocats de la d\u00e9fense pourraient elles avoir lieu en fin de journ\u00e9e ou \u00eatre d\u00e9cal\u00e9es \u00e0 jeudi, compte tenu du retard d\u00e9j\u00e0 pris par l&rsquo;audience.<\/p>\n","protected":false},"excerpt":{"rendered":"Au troisi\u00e8me jour du proc\u00e8s en appel des viols inflig\u00e9s \u00e0 Gis\u00e8le Pelicot, mercredi 8 octobre, l&rsquo;accus\u00e9 se&hellip;\n","protected":false},"author":2,"featured_media":447094,"comment_status":"","ping_status":"","sticky":false,"template":"","format":"standard","meta":{"footnotes":""},"categories":[1888],"tags":[1111,1928,11,1927,1777,674,1011,27,12,1926,626,1925,25],"class_list":{"0":"post-447093","1":"post","2":"type-post","3":"status-publish","4":"format-standard","5":"has-post-thumbnail","7":"category-paris","8":"tag-actu","9":"tag-actu-paris","10":"tag-actualites","11":"tag-actualites-paris","12":"tag-eu","13":"tag-europe","14":"tag-fr","15":"tag-france","16":"tag-news","17":"tag-news-paris","18":"tag-paris","19":"tag-paris-news","20":"tag-republique-francaise"},"share_on_mastodon":{"url":"https:\/\/pubeurope.com\/@fr\/115337783248532204","error":""},"_links":{"self":[{"href":"https:\/\/www.europesays.com\/fr\/wp-json\/wp\/v2\/posts\/447093","targetHints":{"allow":["GET"]}}],"collection":[{"href":"https:\/\/www.europesays.com\/fr\/wp-json\/wp\/v2\/posts"}],"about":[{"href":"https:\/\/www.europesays.com\/fr\/wp-json\/wp\/v2\/types\/post"}],"author":[{"embeddable":true,"href":"https:\/\/www.europesays.com\/fr\/wp-json\/wp\/v2\/users\/2"}],"replies":[{"embeddable":true,"href":"https:\/\/www.europesays.com\/fr\/wp-json\/wp\/v2\/comments?post=447093"}],"version-history":[{"count":0,"href":"https:\/\/www.europesays.com\/fr\/wp-json\/wp\/v2\/posts\/447093\/revisions"}],"wp:featuredmedia":[{"embeddable":true,"href":"https:\/\/www.europesays.com\/fr\/wp-json\/wp\/v2\/media\/447094"}],"wp:attachment":[{"href":"https:\/\/www.europesays.com\/fr\/wp-json\/wp\/v2\/media?parent=447093"}],"wp:term":[{"taxonomy":"category","embeddable":true,"href":"https:\/\/www.europesays.com\/fr\/wp-json\/wp\/v2\/categories?post=447093"},{"taxonomy":"post_tag","embeddable":true,"href":"https:\/\/www.europesays.com\/fr\/wp-json\/wp\/v2\/tags?post=447093"}],"curies":[{"name":"wp","href":"https:\/\/api.w.org\/{rel}","templated":true}]}}