{"id":447095,"date":"2025-10-08T09:14:15","date_gmt":"2025-10-08T09:14:15","guid":{"rendered":"https:\/\/www.europesays.com\/fr\/447095\/"},"modified":"2025-10-08T09:14:15","modified_gmt":"2025-10-08T09:14:15","slug":"la-suspension-de-la-reforme-des-retraites-une-piste-accueillie-favorablement-par-la-gauche-et-les-syndicats","status":"publish","type":"post","link":"https:\/\/www.europesays.com\/fr\/447095\/","title":{"rendered":"La suspension de la r\u00e9forme des retraites, une piste accueillie favorablement par la gauche et les syndicats"},"content":{"rendered":"<p>                         <img loading=\"lazy\" decoding=\"async\" src=\"https:\/\/www.europesays.com\/fr\/wp-content\/uploads\/2025\/10\/17bbbba_upload-1-1ktbxke7r6y2-abaca-968789-008.jpg\" alt=\"La ministre de l\u2019\u00e9ducation d\u00e9missionnaire Elisabeth Borne arrive \u00e0 une r\u00e9union au si\u00e8ge du parti Renaissance, \u00e0 Paris, le 6\u00a0octobre\u00a02025.\"   width=\"664\" height=\"443\"\/>    La ministre de l\u2019\u00e9ducation d\u00e9missionnaire Elisabeth Borne arrive \u00e0 une r\u00e9union au si\u00e8ge du parti Renaissance, \u00e0 Paris, le 6\u00a0octobre\u00a02025.  ALEXIS JUMEAU\/ABACA                 <\/p>\n<p class=\"article__paragraph  \">Un premier geste porteur d\u2019espoir apr\u00e8s deux ans et demi de lutte dans la rue et au Parlement. Tout en se gardant de crier victoire, les syndicats et la gauche accueillent, \u00e9videmment, de fa\u00e7on plus que favorable les propos de l\u2019ex-premi\u00e8re ministre Elisabeth Borne, qui s\u2019est dite ouverte, mardi 7\u00a0octobre, dans un <a href=\"https:\/\/www.leparisien.fr\/politique\/il-faut-savoir-ecouter-et-bouger-elisabeth-borne-favorable-a-une-suspension-de-sa-reforme-des-retraites-07-10-2025-QPRYIGY74NEJFLQQY54VPHPVWQ.php\" target=\"_blank\" rel=\"noopener nofollow\" title=\"Nouvelle fen\u00eatre\">entretien au Parisien<\/a>, \u00e0 l\u2019id\u00e9e de discussions sur une possible suspension de la r\u00e9forme des retraites. Les opposants \u00e0 la tr\u00e8s impopulaire loi du 14\u00a0avril\u00a02023, qui repousse progressivement de 62\u00a0ans \u00e0 64\u00a0ans l\u2019\u00e2ge d\u2019ouverture des droits \u00e0 une pension, veulent maintenant que cette prise de position, de la part de celle qui a port\u00e9 le texte incrimin\u00e9, se concr\u00e9tise, certains allant m\u00eame jusqu\u2019\u00e0 r\u00e9clamer la suppression de la mesure contest\u00e9e.<\/p>\n<p class=\"article__paragraph  \">Parmi les organisations de salari\u00e9s, c\u2019est Sophie Binet qui a r\u00e9agi publiquement la premi\u00e8re. Dans une d\u00e9claration \u00e0 l\u2019Agence France-Presse\u00a0(AFP) quelques minutes apr\u00e8s la mise en ligne de l\u2019interview de Mme\u00a0Borne, la secr\u00e9taire g\u00e9n\u00e9rale de la CGT a estim\u00e9 que l\u2019ancienne cheffe du gouvernement faisait \u00ab\u00a0volte-face\u00a0\u00bb, ce qui constitue un \u00ab\u00a0aveu\u00a0\u00bb\u00a0: la loi d\u2019avril\u00a02023 \u00ab\u00a0est un \u00e9chec\u00a0\u00bb, a-t-elle martel\u00e9. Son homologue de la CFDT, Marylise L\u00e9on, a, pour sa part, affirm\u00e9 \u00e0 l\u2019AFP que les affirmations de l\u2019ex-locataire de Matignon constituent \u00ab\u00a0un signal positif\u00a0\u00bb.<\/p>\n<p class=\"reading-mode-only \"><strong>Il vous reste 76.98% de cet article \u00e0 lire. La suite est r\u00e9serv\u00e9e aux abonn\u00e9s.<\/strong><\/p>\n","protected":false},"excerpt":{"rendered":"La ministre de l\u2019\u00e9ducation d\u00e9missionnaire Elisabeth Borne arrive \u00e0 une r\u00e9union au si\u00e8ge du parti Renaissance, \u00e0 Paris,&hellip;\n","protected":false},"author":2,"featured_media":447096,"comment_status":"","ping_status":"","sticky":false,"template":"","format":"standard","meta":{"footnotes":""},"categories":[1888],"tags":[1111,1928,11,1927,1777,674,1011,27,12,1926,626,1925,25],"class_list":{"0":"post-447095","1":"post","2":"type-post","3":"status-publish","4":"format-standard","5":"has-post-thumbnail","7":"category-paris","8":"tag-actu","9":"tag-actu-paris","10":"tag-actualites","11":"tag-actualites-paris","12":"tag-eu","13":"tag-europe","14":"tag-fr","15":"tag-france","16":"tag-news","17":"tag-news-paris","18":"tag-paris","19":"tag-paris-news","20":"tag-republique-francaise"},"share_on_mastodon":{"url":"https:\/\/pubeurope.com\/@fr\/115337787742175120","error":""},"_links":{"self":[{"href":"https:\/\/www.europesays.com\/fr\/wp-json\/wp\/v2\/posts\/447095","targetHints":{"allow":["GET"]}}],"collection":[{"href":"https:\/\/www.europesays.com\/fr\/wp-json\/wp\/v2\/posts"}],"about":[{"href":"https:\/\/www.europesays.com\/fr\/wp-json\/wp\/v2\/types\/post"}],"author":[{"embeddable":true,"href":"https:\/\/www.europesays.com\/fr\/wp-json\/wp\/v2\/users\/2"}],"replies":[{"embeddable":true,"href":"https:\/\/www.europesays.com\/fr\/wp-json\/wp\/v2\/comments?post=447095"}],"version-history":[{"count":0,"href":"https:\/\/www.europesays.com\/fr\/wp-json\/wp\/v2\/posts\/447095\/revisions"}],"wp:featuredmedia":[{"embeddable":true,"href":"https:\/\/www.europesays.com\/fr\/wp-json\/wp\/v2\/media\/447096"}],"wp:attachment":[{"href":"https:\/\/www.europesays.com\/fr\/wp-json\/wp\/v2\/media?parent=447095"}],"wp:term":[{"taxonomy":"category","embeddable":true,"href":"https:\/\/www.europesays.com\/fr\/wp-json\/wp\/v2\/categories?post=447095"},{"taxonomy":"post_tag","embeddable":true,"href":"https:\/\/www.europesays.com\/fr\/wp-json\/wp\/v2\/tags?post=447095"}],"curies":[{"name":"wp","href":"https:\/\/api.w.org\/{rel}","templated":true}]}}