{"id":447105,"date":"2025-10-08T09:19:15","date_gmt":"2025-10-08T09:19:15","guid":{"rendered":"https:\/\/www.europesays.com\/fr\/447105\/"},"modified":"2025-10-08T09:19:15","modified_gmt":"2025-10-08T09:19:15","slug":"lun-des-laureats-du-prix-nobel-de-physique-2025-allume-la-politique-scientifique-de-donald-trump","status":"publish","type":"post","link":"https:\/\/www.europesays.com\/fr\/447105\/","title":{"rendered":"L\u2019un des laur\u00e9ats du prix Nobel de physique 2025 allume la politique scientifique de Donald Trump"},"content":{"rendered":"<p><a href=\"https:\/\/www.20minutes.fr\/dossier\/donald_trump\" class=\"c-link c-link--is-underlined\" target=\"_blank\" rel=\"noopener\">Donald Trump<\/a> pourrait faire perdre des ann\u00e9es \u00e0 la <a href=\"https:\/\/www.20minutes.fr\/monde\/etats-unis\/4164568-20250721-profs-haut-niveau-menaces-trump-31-chercheurs-americains-feront-rentree-aix-marseille-septembre\" class=\"c-link c-link--is-underlined\" target=\"_blank\" rel=\"noopener\">recherche am\u00e9ricaine<\/a>. C\u2019est ce que pense un (tr\u00e8s r\u00e9cent) prix Nobel. Ce mardi, <a href=\"https:\/\/www.20minutes.fr\/high-tech\/sciences\/4177678-20251007-prix-nobel-physique-francais-michel-devoret-recompense-travaux-partages-mecanique-quantique\" class=\"c-link c-link--is-underlined\" target=\"_blank\" rel=\"noopener\">John Clarke<\/a>, l\u2019un des laur\u00e9ats du prix Nobel de physique 2025 (avec le Fran\u00e7ais Michel Devoret), a d\u00e9nonc\u00e9 les efforts de Donald Trump pour transformer le paysage scientifique aux <a href=\"https:\/\/www.20minutes.fr\/monde\/etats-unis\/\" class=\"c-link c-link--is-underlined\" target=\"_blank\" rel=\"noopener\">Etats-Unis<\/a>, qu\u2019il a qualifi\u00e9s de \u00ab\u00a0probl\u00e8me extr\u00eamement grave\u00a0\u00bb.<\/p>\n<p>La politique du pr\u00e9sident am\u00e9ricain en mati\u00e8re de science s\u2019est notamment traduite, depuis son retour \u00e0 la Maison-Blanche, en janvier, par des coupes drastiques dans les financements \u00e0 la recherche et des licenciements de scientifiques dans les organes f\u00e9d\u00e9raux.<\/p>\n<p>Des coupes importantes dans les financements<\/p>\n<p>\u00ab\u00a0Cela va paralyser une grande partie de la recherche scientifique aux Etats-Unis\u00a0\u00bb, a d\u00e9clar\u00e9 John Clarke \u00e0 l\u2019AFP, ajoutant qu\u2019il connaissait des personnes ayant subi des coupes importantes dans leurs financements.<\/p>\n<\/p>\n<p>Le chercheur britannique de 83 ans, qui s\u2019est vu d\u00e9cerner mardi le prix Nobel de physique avec deux autres scientifiques pour leurs d\u00e9couvertes en m\u00e9canique quantique, a soulign\u00e9 qu\u2019ils avaient eux-m\u00eames b\u00e9n\u00e9fici\u00e9 de ressources significatives \u00e0 l\u2019\u00e9poque de leurs travaux, il y a environ quatre d\u00e9cennies.<\/p>\n<p>\u00ab\u00a0Ce sera d\u00e9sastreux si cela continue\u00a0\u00bb, a encore mis en garde John Clarke, de l\u2019universit\u00e9 de <a href=\"https:\/\/www.20minutes.fr\/dossier\/californie\" class=\"c-link c-link--is-underlined\" target=\"_blank\" rel=\"noopener\">Californie<\/a> \u00e0 Berkeley.<\/p>\n<p>\u00ab\u00a0Une d\u00e9cennie pour revenir au niveau o\u00f9 nous \u00e9tions il y a six mois\u00a0\u00bb<\/p>\n<p>\u00ab\u00a0En supposant que le gouvernement actuel arrive finalement \u00e0 son terme, il pourrait falloir une d\u00e9cennie pour revenir au niveau o\u00f9 nous \u00e9tions il y a six mois\u00a0\u00bb, a-t-il jug\u00e9, ajoutant qu\u2019il s\u2019agissait d\u2019un \u00ab\u00a0\u00e9norme probl\u00e8me\u00a0\u00bb, \u00ab\u00a0totalement incompr\u00e9hensible pour quiconque est scientifique\u00a0\u00bb.<\/p>\n<p>L\u2019Am\u00e9ricaine <a href=\"https:\/\/www.20minutes.fr\/sante\/4177412-20251006-nobel-medecine-2025-trio-americain-japonais-recompense\" class=\"c-link c-link--is-underlined\" target=\"_blank\" rel=\"noopener\">Mary E. Brunkow<\/a>, co-laur\u00e9ate du prix Nobel de m\u00e9decine 2025 d\u00e9cern\u00e9 lundi, a \u00e9galement insist\u00e9 mardi sur l\u2019importance des financements publics pour la recherche scientifique.<\/p>\n<p>Plusieurs responsables du prix Nobel ont estim\u00e9 qu\u2019en s\u2019en prenant de la sorte \u00e0 la science, Donald Trump risquait de faire perdre \u00e0 son pays sa place de premi\u00e8re Nation dans la recherche scientifique, avec des r\u00e9percussions dans le monde entier.<\/p>\n","protected":false},"excerpt":{"rendered":"Donald Trump pourrait faire perdre des ann\u00e9es \u00e0 la recherche am\u00e9ricaine. C\u2019est ce que pense un (tr\u00e8s r\u00e9cent)&hellip;\n","protected":false},"author":2,"featured_media":447106,"comment_status":"","ping_status":"","sticky":false,"template":"","format":"standard","meta":{"footnotes":""},"categories":[1589],"tags":[47,11,75,73,1866,7078,74,12,57293,11088,959,4513,1864,1865,1863,308],"class_list":{"0":"post-447105","1":"post","2":"type-post","3":"status-publish","4":"format-standard","5":"has-post-thumbnail","7":"category-etats-unis","8":"tag-actualite","9":"tag-actualites","10":"tag-donald-trump","11":"tag-etats-unis","12":"tag-etats-unis-damerique","13":"tag-etude","14":"tag-monde","15":"tag-news","16":"tag-nobel","17":"tag-physique","18":"tag-recherche","19":"tag-scientifiques","20":"tag-united-states","21":"tag-united-states-of-america","22":"tag-us","23":"tag-usa"},"share_on_mastodon":{"url":"https:\/\/pubeurope.com\/@fr\/115337806698761017","error":""},"_links":{"self":[{"href":"https:\/\/www.europesays.com\/fr\/wp-json\/wp\/v2\/posts\/447105","targetHints":{"allow":["GET"]}}],"collection":[{"href":"https:\/\/www.europesays.com\/fr\/wp-json\/wp\/v2\/posts"}],"about":[{"href":"https:\/\/www.europesays.com\/fr\/wp-json\/wp\/v2\/types\/post"}],"author":[{"embeddable":true,"href":"https:\/\/www.europesays.com\/fr\/wp-json\/wp\/v2\/users\/2"}],"replies":[{"embeddable":true,"href":"https:\/\/www.europesays.com\/fr\/wp-json\/wp\/v2\/comments?post=447105"}],"version-history":[{"count":0,"href":"https:\/\/www.europesays.com\/fr\/wp-json\/wp\/v2\/posts\/447105\/revisions"}],"wp:featuredmedia":[{"embeddable":true,"href":"https:\/\/www.europesays.com\/fr\/wp-json\/wp\/v2\/media\/447106"}],"wp:attachment":[{"href":"https:\/\/www.europesays.com\/fr\/wp-json\/wp\/v2\/media?parent=447105"}],"wp:term":[{"taxonomy":"category","embeddable":true,"href":"https:\/\/www.europesays.com\/fr\/wp-json\/wp\/v2\/categories?post=447105"},{"taxonomy":"post_tag","embeddable":true,"href":"https:\/\/www.europesays.com\/fr\/wp-json\/wp\/v2\/tags?post=447105"}],"curies":[{"name":"wp","href":"https:\/\/api.w.org\/{rel}","templated":true}]}}