{"id":447109,"date":"2025-10-08T09:21:08","date_gmt":"2025-10-08T09:21:08","guid":{"rendered":"https:\/\/www.europesays.com\/fr\/447109\/"},"modified":"2025-10-08T09:21:08","modified_gmt":"2025-10-08T09:21:08","slug":"en-allemagne-des-centaines-de-jeunes-footballeurs-victimes-de-violences","status":"publish","type":"post","link":"https:\/\/www.europesays.com\/fr\/447109\/","title":{"rendered":"En Allemagne, des centaines de jeunes footballeurs victimes de violences"},"content":{"rendered":"\n<p>\u201cHorreur dans les vestiaires.\u201d Tel est l\u2019intitul\u00e9 d\u2019une <a class=\"ithalc\" data-ithal=\"lien_externe\" data-ithalc=\"[nav_article]\" target=\"_blank\" href=\"https:\/\/www.11freunde.de\/welt-des-fussballs\/jugendfussball-in-deutschland-missbrauch-und-gewalt-bringt-vereine-und-dfb-an-grenzen-a-5bbad890-18b3-47f6-8fa7-a2767c4be0dc\" rel=\"noopener\">enqu\u00eate men\u00e9e conjointement par la cellule d\u2019investigation <strong>Correctiv<\/strong> et le magazine mensuel sportif allemand <strong>11 Freunde<\/strong><\/a><strong>,<\/strong> publi\u00e9e le 23\u00a0septembre. Selon les journalistes \u00e0 l\u2019origine des investigations, des centaines de jeunes licenci\u00e9s dans des clubs de football allemands professionnels et amateurs ont subi des violences entre 1970 et\u00a02025. Des faits relevant du harc\u00e8lement, de la manipulation, voire, pour certains, d\u2019abus sexuels.<\/p>\n<p>Terrain de \u201cperformance, hi\u00e9rarchies et d\u00e9pendances\u201d, le sport fait partie de ces sph\u00e8res \u201cparticuli\u00e8rement sujettes aux abus\u201d. Dans un <a class=\"ithalc\" data-ithal=\"lien_externe\" data-ithalc=\"[nav_article]\" target=\"_blank\" href=\"https:\/\/www.zeit.de\/sport\/2025-09\/kindesmissbrauch-sport-verein-taeter-eltern-julia-gebrande-gxe\" rel=\"noopener\">entretien accord\u00e9 \u00e0 l\u2019hebdomadaire allemand <strong>Die Zeit<\/strong><\/a> le 5\u00a0octobre, Julia Gebrande, pr\u00e9sidente de la commission ind\u00e9pendante f\u00e9d\u00e9rale charg\u00e9e d\u2019enqu\u00eater sur les abus sexuels commis sur les enfants, souligne que la situation est particuli\u00e8rement pr\u00e9occupante dans le monde du ballon rond, \u201co\u00f9 les structures traditionnellement masculines permettent encore rarement des discussions ouvertes sur les enjeux d\u2019agressions sexuelles\u201d.<\/p>\n<p>En analysant les proc\u00e9dures p\u00e9nales en cours, l\u2019enqu\u00eate a recens\u00e9 plus de 100\u00a0personnes victimes de plus de 1\u00a0360 agressions entre 1970 et\u00a02025. Parall\u00e8lement, entre le 1er\u00a0mars et le 25\u00a0ao\u00fbt 2025, les journalistes ont recueilli <a class=\"ithalc\" data-ithal=\"lien_externe\" data-ithalc=\"[nav_article]\" target=\"_blank\" href=\"https:\/\/correctiv.org\/aktuelles\/gewalt-im-sport\/2025\/09\/23\/gewalt-fussball-trainer-missbrauch-recherche-kinder-jugendliche-dfb\/\" rel=\"noopener\">pr\u00e8s de 500 sig<\/a><\/p>\n","protected":false},"excerpt":{"rendered":"\u201cHorreur dans les vestiaires.\u201d Tel est l\u2019intitul\u00e9 d\u2019une enqu\u00eate men\u00e9e conjointement par la cellule d\u2019investigation Correctiv et le&hellip;\n","protected":false},"author":2,"featured_media":447110,"comment_status":"","ping_status":"","sticky":false,"template":"","format":"standard","meta":{"footnotes":""},"categories":[1587],"tags":[11,672,1804,1805,1803,1777,674,63,1801,29938,12,1802,1857,517,57294],"class_list":{"0":"post-447109","1":"post","2":"type-post","3":"status-publish","4":"format-standard","5":"has-post-thumbnail","7":"category-allemagne","8":"tag-actualites","9":"tag-allemagne","10":"tag-bundesrepublik-deutschland","11":"tag-de","12":"tag-deutschland","13":"tag-eu","14":"tag-europe","15":"tag-football","16":"tag-germany","17":"tag-harcu00e8lement-sexuel","18":"tag-news","19":"tag-republique-federale-dallemagne","20":"tag-sociu00e9tu00e9","21":"tag-sport","22":"tag-viols-et-agressions-sexuelles"},"share_on_mastodon":{"url":"https:\/\/pubeurope.com\/@fr\/115337814519655861","error":""},"_links":{"self":[{"href":"https:\/\/www.europesays.com\/fr\/wp-json\/wp\/v2\/posts\/447109","targetHints":{"allow":["GET"]}}],"collection":[{"href":"https:\/\/www.europesays.com\/fr\/wp-json\/wp\/v2\/posts"}],"about":[{"href":"https:\/\/www.europesays.com\/fr\/wp-json\/wp\/v2\/types\/post"}],"author":[{"embeddable":true,"href":"https:\/\/www.europesays.com\/fr\/wp-json\/wp\/v2\/users\/2"}],"replies":[{"embeddable":true,"href":"https:\/\/www.europesays.com\/fr\/wp-json\/wp\/v2\/comments?post=447109"}],"version-history":[{"count":0,"href":"https:\/\/www.europesays.com\/fr\/wp-json\/wp\/v2\/posts\/447109\/revisions"}],"wp:featuredmedia":[{"embeddable":true,"href":"https:\/\/www.europesays.com\/fr\/wp-json\/wp\/v2\/media\/447110"}],"wp:attachment":[{"href":"https:\/\/www.europesays.com\/fr\/wp-json\/wp\/v2\/media?parent=447109"}],"wp:term":[{"taxonomy":"category","embeddable":true,"href":"https:\/\/www.europesays.com\/fr\/wp-json\/wp\/v2\/categories?post=447109"},{"taxonomy":"post_tag","embeddable":true,"href":"https:\/\/www.europesays.com\/fr\/wp-json\/wp\/v2\/tags?post=447109"}],"curies":[{"name":"wp","href":"https:\/\/api.w.org\/{rel}","templated":true}]}}