{"id":447117,"date":"2025-10-08T09:26:14","date_gmt":"2025-10-08T09:26:14","guid":{"rendered":"https:\/\/www.europesays.com\/fr\/447117\/"},"modified":"2025-10-08T09:26:14","modified_gmt":"2025-10-08T09:26:14","slug":"la-droite-est-absolument-opposee-a-la-suspension-de-la-reforme-des-retraites-avertit-lentourage-de-bruno-retailleau","status":"publish","type":"post","link":"https:\/\/www.europesays.com\/fr\/447117\/","title":{"rendered":"\u00abLa droite est absolument oppos\u00e9e \u00e0 la suspension de la r\u00e9forme des retraites\u00bb, avertit l\u2019entourage de Bruno Retailleau"},"content":{"rendered":"<p><strong>INFO LE FIGARO &#8211; <\/strong>Une partie du camp pr\u00e9sidentiel ouvre la porte \u00e0 une suspension de la r\u00e9forme principale du quinquennat d\u2019Emmanuel Macron.<\/p>\n<p class=\"fig-paragraph\">Alors que le camp pr\u00e9sidentiel semble ouvrir la porte \u00e0\u00a0<a href=\"http:\/\/www.lefigaro.fr\/conjoncture\/l-heure-est-grave-ce-que-couterait-une-suspension-de-la-reforme-des-retraites-20250113\" target=\"_blank\" data-fig-type=\"Article\" rel=\"noopener\" data-gtm-custom-categorie=\"navigation\" data-gtm-custom-action=\"crossclick\" data-gtm-custom-label=\"Contextuel\" data-gtm-event=\"customEventSPE\" data-fig-domain=\"LEFIGARO\">une suspension de la r\u00e9forme des retraites<\/a>, sur fond d\u2019ultimes n\u00e9gociations entre S\u00e9bastien Lecornu et le secr\u00e9taire g\u00e9n\u00e9ral du Parti socialiste, Olivier Faure, l\u2019entourage de Bruno Retailleau pr\u00e9vient\u00a0: \u00abLa droite est absolument oppos\u00e9e \u00e0 la suspension de la r\u00e9forme des retraites. Il n\u2019a jamais \u00e9t\u00e9 question de c\u00e9der sur ce point.\u00bb<\/p>\n<p class=\"fig-paragraph\">Cet avertissement na\u00eet quelques instants apr\u00e8s la d\u00e9claration de l\u2019ex-premier ministre qui rencontre les forces de gauche, affirmant ce mercredi matin qu\u2019il y a une \u00abvolont\u00e9 partag\u00e9e d\u2019avoir un budget\u00bb \u00e9loignant les \u00abperspectives d\u2019une dissolution\u00bb. M\u00eame si S\u00e9bastien Lecornu n\u2019a pas \u00e9voqu\u00e9 la suspension de la r\u00e9forme principale du quinquennat d\u2019Emmanuel Macron, l\u2019ancienne premi\u00e8re ministre<a href=\"http:\/\/www.lefigaro.fr\/politique\/il-faut-savoir-ecouter-et-bouger-borne-ouvre-la-porte-a-une-suspension-de-sa-reforme-des-retraites-faure-salue-un-reveil-positif-20251007\" data-fig-type=\"NewsFlash\" data-gtm-custom-categorie=\"navigation\" data-gtm-custom-action=\"crossclick\" data-gtm-custom-label=\"Contextuel\" data-gtm-event=\"customEventSPE\" data-fig-domain=\"LEFIGARO\" target=\"_blank\" rel=\"noopener\">\u00a0\u00c9lisabeth Borne a jug\u00e9 dans Le Parisien<\/a>, la veille, que son camp devait \u00abavancer\u00bb et \u00absavoir \u00e9couter et bouger\u00bb sur le sujet.\u00a0Une mani\u00e8re de s\u2019attirer la bienveillance (c\u2019est-\u00e0-dire, au moins le principe d\u2019un accord\u2026<\/p>\n<p class=\"fig-premium-paywall__infos\">\n        Cet article est r\u00e9serv\u00e9 aux abonn\u00e9s.        Il vous reste 70% \u00e0 d\u00e9couvrir.\n    <\/p>\n<p>                <img  data- alt=\"Le Figaro\" class=\"fig-img--complete fig-img\"\/><\/p>\n<p class=\"fig-premium-paywall__title\">J-100, Le Figaro f\u00eate ses 200 ans<\/p>\n<p class=\"fig-premium-paywall__subtitle\">Offre anniversaire : 2\u20ac\/mois pendant 200 semaines<\/p>\n<p class=\"fig-premium-paywall__connect\">\n                D\u00e9j\u00e0 abonn\u00e9\u00a0?                <a class=\"fig-premium-paywall__connect-link\" href=\"https:\/\/connect.lefigaro.fr\/login?client=horizon_web&amp;type=main&amp;redirect_uri=https%3A%2F%2Fwww.lefigaro.fr%2Fpolitique%2Fla-droite-est-absolument-opposee-a-la-suspension-de-la-reforme-des-retraites-avertit-l-entourage-bruno-retailleau-20251008\" data-js-gtm=\"{&quot;customCategorie&quot;: &quot;conversion&quot;, &quot;customAction&quot;: &quot;before_Landing_Connexion_paywall_auto&quot;, &quot;customLabel&quot;: &quot;bGVmaWdhcm8uZnJfXzFmMGE0MWQ4LTYyNDktNjc1YS1hNjRmLTdkNjc4ZGFmZmE4M19fTmV3c0ZsYXNo_\u00abLa droite est absolument oppos\u00e9e \u00e0 la suspension de la r\u00e9forme des retraites\u00bb, avertit l\u2019entourage de Bruno Retailleau_606&quot;, &quot;customIDSPE&quot;: &quot;bGVmaWdhcm8uZnJfXzFmMGE0MWQ4LTYyNDktNjc1YS1hNjRmLTdkNjc4ZGFmZmE4M19fTmV3c0ZsYXNo&quot;, &quot;event&quot;: &quot;customEventSPE&quot;}\" target=\"_blank\" rel=\"noopener\"><br \/>\n                    Connectez-vous<br \/>\n                <\/a>\n            <\/p>\n","protected":false},"excerpt":{"rendered":"INFO LE FIGARO &#8211; Une partie du camp pr\u00e9sidentiel ouvre la porte \u00e0 une suspension de la r\u00e9forme&hellip;\n","protected":false},"author":2,"featured_media":447118,"comment_status":"","ping_status":"","sticky":false,"template":"","format":"standard","meta":{"footnotes":""},"categories":[2],"tags":[11,1013,1011,27,6319,12,25],"class_list":{"0":"post-447117","1":"post","2":"type-post","3":"status-publish","4":"format-standard","5":"has-post-thumbnail","7":"category-actualites","8":"tag-actualites","9":"tag-bruno-retailleau","10":"tag-fr","11":"tag-france","12":"tag-les-republicains","13":"tag-news","14":"tag-republique-francaise"},"share_on_mastodon":{"url":"https:\/\/pubeurope.com\/@fr\/115337834597515778","error":""},"_links":{"self":[{"href":"https:\/\/www.europesays.com\/fr\/wp-json\/wp\/v2\/posts\/447117","targetHints":{"allow":["GET"]}}],"collection":[{"href":"https:\/\/www.europesays.com\/fr\/wp-json\/wp\/v2\/posts"}],"about":[{"href":"https:\/\/www.europesays.com\/fr\/wp-json\/wp\/v2\/types\/post"}],"author":[{"embeddable":true,"href":"https:\/\/www.europesays.com\/fr\/wp-json\/wp\/v2\/users\/2"}],"replies":[{"embeddable":true,"href":"https:\/\/www.europesays.com\/fr\/wp-json\/wp\/v2\/comments?post=447117"}],"version-history":[{"count":0,"href":"https:\/\/www.europesays.com\/fr\/wp-json\/wp\/v2\/posts\/447117\/revisions"}],"wp:featuredmedia":[{"embeddable":true,"href":"https:\/\/www.europesays.com\/fr\/wp-json\/wp\/v2\/media\/447118"}],"wp:attachment":[{"href":"https:\/\/www.europesays.com\/fr\/wp-json\/wp\/v2\/media?parent=447117"}],"wp:term":[{"taxonomy":"category","embeddable":true,"href":"https:\/\/www.europesays.com\/fr\/wp-json\/wp\/v2\/categories?post=447117"},{"taxonomy":"post_tag","embeddable":true,"href":"https:\/\/www.europesays.com\/fr\/wp-json\/wp\/v2\/tags?post=447117"}],"curies":[{"name":"wp","href":"https:\/\/api.w.org\/{rel}","templated":true}]}}