{"id":447123,"date":"2025-10-08T09:29:13","date_gmt":"2025-10-08T09:29:13","guid":{"rendered":"https:\/\/www.europesays.com\/fr\/447123\/"},"modified":"2025-10-08T09:29:13","modified_gmt":"2025-10-08T09:29:13","slug":"quand-lorient-ma-sollicite-jai-accepte-a-condition-qua-domicile-je-puisse-faire-les-deux-clubs-didier-lawson-coache-deux-formations-de-volle","status":"publish","type":"post","link":"https:\/\/www.europesays.com\/fr\/447123\/","title":{"rendered":"\u00ab\u00a0Quand Lorient m\u2019a sollicit\u00e9, j\u2019ai accept\u00e9 \u00e0 condition qu\u2019\u00e0 domicile, je puisse faire les deux clubs\u00a0\u00bb\u00a0: Didier Lawson coache deux formations de volley de Nationale 3"},"content":{"rendered":"<p>Nationale 3.<\/p>\n<p>Avec sa casquette de double entra\u00eeneur de volley-ball, des femmes du Lanester les deux Rivi\u00e8res et des hommes du Patronage la\u00efque de Lorient, Didier Lawson n\u2019a pas ch\u00f4m\u00e9, dimanche apr\u00e8s-midi, entre la salle Jean-Zay et la salle omnisports du Moustoir. \ufeffDeux salles, deux ambiances en Nationale 3, avec <a href=\"https:\/\/www.letelegramme.fr\/sports\/volley\/n3f-dominees-par-montgermont-les-lanesteriennes-encore-trop-tendres-6903638.php\" target=\"_blank\" rel=\"nofollow noopener\">l\u2019apprentissage du L2R<\/a> face \u00e0 Montgermont (0-3) et <a href=\"https:\/\/www.letelegramme.fr\/sports\/volley\/on-ne-sinterdit-rien-on-fera-un-bilan-a-mi-saison-a-lorient-les-volleyeurs-promus-en-n3-comptent-bien-rester-sur-leur-dynamique-6902079.php\" target=\"_blank\" rel=\"nofollow noopener\">les ambitions<\/a> du PLL, avec un <a href=\"https:\/\/www.letelegramme.fr\/sports\/volley\/n3m-des-lorientais-prometteurs-face-a-rennes-6903657.php\" target=\"_blank\" rel=\"nofollow noopener\">succ\u00e8s sans appel face \u00e0 Rennes EC 3<\/a> (3-0).<\/p>\n<p>\u00ab Quand Lorient m\u2019a sollicit\u00e9, j\u2019ai accept\u00e9 avec plaisir, \u00e0 condition qu\u2019\u00e0 domicile je puisse faire les deux clubs. C\u2019est la passion, quand on aime, on ne compte pas ! \u00bb Son pr\u00e9sident lanest\u00e9rien, Jonathan Gardey, a valid\u00e9 le choix du technicien de 54 ans.<\/p>\n<p><img decoding=\"async\" src=\"https:\/\/www.europesays.com\/fr\/wp-content\/uploads\/2025\/10\/68e5ffea99a24e1d6402d176.1.jpeg\" width=\"480\" height=\"300\" class=\"web_golden_m\" loading=\"lazy\" alt=\"Didier Lawson reste positif en toutes circonstances et il ne cesse d\u2019encourager ses joueurs lorientais tant par la parole que par le geste.\"\/>Didier Lawson reste positif en toutes circonstances et il ne cesse d\u2019encourager ses joueurs lorientais tant par la parole que par le geste. (Photo Anne Le N\u00e9zet)\u00ab J\u2019avais d\u00e9j\u00e0 craqu\u00e9 \u00bb<\/p>\n<p>L\u2019entra\u00eeneur b\u00e9n\u00e9vole g\u00e8re certains de longue date. \u00ab Des joueurs ont \u00e9volu\u00e9 avec moi en N2 \u00e0 Clohars-Carno\u00ebt, en 2023 et en 2024. Ils m\u2019ont demand\u00e9 si je voulais tenter l\u2019aventure \u00e0 Lorient \u00bb. Et ce n\u2019est pas la premi\u00e8re fois. \u00ab Je m\u2019occupais des jeunes \u00e0 Vannes et de Clohars, j\u2019avais beaucoup h\u00e9sit\u00e9 avec la distance. Mais ces joueurs que j\u2019ai connus tout petits \u00e0 Vannes avaient d\u00e9j\u00e0 jou\u00e9 sur la corde sensible, et j\u2019avais d\u00e9j\u00e0 craqu\u00e9. \u00bb<\/p>\n<p>Entre ses Lorientais et ses Lanest\u00e9riennes, il n\u2019y a qu\u2019un point commun, \u00ab l\u2019aspect technique pur. \u00bb Sinon, \u00ab dans le volley f\u00e9minin, l\u2019aspect d\u00e9fensif est beaucoup plus important. Chez les gar\u00e7ons, c\u2019est r\u00e9ception, passe et boum ! \u00bb Les Lorientais ont ainsi gagn\u00e9, dimanche, avec quelques rappels \u00e0 l\u2019ordre. \u00ab L\u2019int\u00e9r\u00eat pour eux est qu\u2019un coach voit les choses, et donne des rep\u00e8res, pour \u00eatre encore plus efficaces. \u00bb Surtout en vue du d\u00e9placement du dauphin chez le leader Angers, le 19 octobre\ufeff.<\/p>\n<p>\u00ab Il est tr\u00e8s humain, on l\u2019aime beaucoup \u00bb<\/p>\n<p>C\u00f4t\u00e9 gestion humaine, le technicien tranche. \u00ab C\u2019est compl\u00e8tement diff\u00e9rent ! Chez les gar\u00e7ons, \u00e7a rentre plut\u00f4t dans le d\u00e9fi et ils vont sur la charge explosive. Chez les filles, il y a une partie gestion \u00e9motionnelle qui va vers la prise de confiance. \u00bb<\/p>\n<p>La capitaine, Jean Conan, appr\u00e9cie ses interventions. \u00ab Ce qu\u2019il dit est pertinent, mais on a parfois du mal \u00e0 l\u2019appliquer. Il est p\u00e9dagogue et il nous apporte beaucoup, m\u00eame aux anciennes. Il est tr\u00e8s humain, on l\u2019aime beaucoup. \u00bb<\/p>\n<p>Les propos distill\u00e9s pendant le match de Montgermont en attestent. \u00ab On se d\u00e9tend, on sourit. L\u2019essentiel, c\u2019est de se battre. C\u2019est bien, appelez vos ballons ! L\u2019activit\u00e9 d\u00e9fensive est int\u00e9ressante. \u00bb Ce professeur de sport en coll\u00e8ge justifie sa philosophie. \u00ab Ce doute c\u00f4t\u00e9 mental des filles, c\u2019est de la psychologie. C\u2019est cette charge soci\u00e9tale due \u00e0 l\u2019\u00e9ducation : le gar\u00e7on repr\u00e9sente la force, la fille la douceur. Il y a cette transposition dans tous les sports. \u00bb<\/p>\n<p>Didier Lawson court aussi quatre soirs en semaine pour les entra\u00eenements. \u00ab Ce n\u2019est pas du tout le m\u00eame rapport humain et psychologique, d\u2019o\u00f9 l\u2019int\u00e9r\u00eat d\u2019entra\u00eener des gar\u00e7ons et des filles \u00bb, sourit l\u2019int\u00e9ress\u00e9. Ce double coaching reste un exercice de haute vol\u00e9e.<\/p>\n","protected":false},"excerpt":{"rendered":"Nationale 3. Avec sa casquette de double entra\u00eeneur de volley-ball, des femmes du Lanester les deux Rivi\u00e8res et&hellip;\n","protected":false},"author":2,"featured_media":447124,"comment_status":"","ping_status":"","sticky":false,"template":"","format":"standard","meta":{"footnotes":""},"categories":[1417],"tags":[1011,27,6349,1781,60,1470,1469],"class_list":{"0":"post-447123","1":"post","2":"type-post","3":"status-publish","4":"format-standard","5":"has-post-thumbnail","7":"category-volley","8":"tag-fr","9":"tag-france","10":"tag-lanester","11":"tag-lorient","12":"tag-sports","13":"tag-volley","14":"tag-volleyball"},"share_on_mastodon":{"url":"https:\/\/pubeurope.com\/@fr\/115337846619680668","error":""},"_links":{"self":[{"href":"https:\/\/www.europesays.com\/fr\/wp-json\/wp\/v2\/posts\/447123","targetHints":{"allow":["GET"]}}],"collection":[{"href":"https:\/\/www.europesays.com\/fr\/wp-json\/wp\/v2\/posts"}],"about":[{"href":"https:\/\/www.europesays.com\/fr\/wp-json\/wp\/v2\/types\/post"}],"author":[{"embeddable":true,"href":"https:\/\/www.europesays.com\/fr\/wp-json\/wp\/v2\/users\/2"}],"replies":[{"embeddable":true,"href":"https:\/\/www.europesays.com\/fr\/wp-json\/wp\/v2\/comments?post=447123"}],"version-history":[{"count":0,"href":"https:\/\/www.europesays.com\/fr\/wp-json\/wp\/v2\/posts\/447123\/revisions"}],"wp:featuredmedia":[{"embeddable":true,"href":"https:\/\/www.europesays.com\/fr\/wp-json\/wp\/v2\/media\/447124"}],"wp:attachment":[{"href":"https:\/\/www.europesays.com\/fr\/wp-json\/wp\/v2\/media?parent=447123"}],"wp:term":[{"taxonomy":"category","embeddable":true,"href":"https:\/\/www.europesays.com\/fr\/wp-json\/wp\/v2\/categories?post=447123"},{"taxonomy":"post_tag","embeddable":true,"href":"https:\/\/www.europesays.com\/fr\/wp-json\/wp\/v2\/tags?post=447123"}],"curies":[{"name":"wp","href":"https:\/\/api.w.org\/{rel}","templated":true}]}}