{"id":447127,"date":"2025-10-08T09:31:17","date_gmt":"2025-10-08T09:31:17","guid":{"rendered":"https:\/\/www.europesays.com\/fr\/447127\/"},"modified":"2025-10-08T09:31:17","modified_gmt":"2025-10-08T09:31:17","slug":"mirra-andreeva-elimination-et-match-a-fleur-de-peau-pour-la-russe","status":"publish","type":"post","link":"https:\/\/www.europesays.com\/fr\/447127\/","title":{"rendered":"Mirra Andreeva : \u00e9limination et match \u00e0 fleur de peau pour la Russe"},"content":{"rendered":"<p data-testid=\"wcl-typoNewsPerex\" itemprop=\"description\">Laura Siegemund a cr\u00e9\u00e9 la surprise au tournoi WTA de Wuhan, en Chine, en se qualifiant pour les huiti\u00e8mes de finale. La joueuse de 37 ans originaire de Metzingen a battu la n\u00b05 mondiale Mirra Andreeva 6-7 (4), 6-3, 6-3 au terme d&rsquo;un combat acharn\u00e9. Elle a mieux ma\u00eetris\u00e9 ses \u00e9motions que la Russe de 18 ans, qui a fondu en larmes \u00e0 plusieurs reprises.<\/p>\n<p>\u00ab\u00a0<b>Je suis tr\u00e8s heureuse. Je ne pensais pas pouvoir survivre dans ces conditions<\/b>\u00ab\u00a0, a d\u00e9clar\u00e9 Siegemund en riant, faisant r\u00e9f\u00e9rence au temps chaud et humide :<b>\u00ab\u00a0Je suis contente d&rsquo;avoir gard\u00e9 ma concentration et d&rsquo;avoir jou\u00e9 solidement<\/b>\u00ab\u00a0.<\/p>\n<p><a href=\"https:\/\/www.flashscore.fr\/joueur\/siegemund-laura\/ETkoNgxJ\/\" target=\"_blank\" data-analytics-element=\"ARTICLE_TEXT_LINK\" data-analytics-alias=\"internal\" rel=\"nofollow noopener\">Laura Siegemund<\/a> affrontera en 8e de finale la Tch\u00e8que Karolina Muchova ou la Polonaise Magdalena Frech.<\/p>\n<p>Avec une participation aux quarts de finale de Wimbledon \u00e0 son actif, Siegemund a pris un bon d\u00e9part contre la favorite\u00a0<a href=\"https:\/\/www.flashscore.fr\/joueur\/andreeva-mirra\/lI6fOOat\/\" target=\"_blank\" data-analytics-element=\"ARTICLE_TEXT_LINK\" data-analytics-alias=\"internal\" rel=\"nofollow noopener\">Mirra Andreeva<\/a> et a mis la jeune femme de 18 ans sous pression avec son jeu variable. L&rsquo;Allemande a contre-attaqu\u00e9 avec une bonne longueur de fond de court et est mont\u00e9e au filet d\u00e8s que l&rsquo;occasion s&rsquo;est pr\u00e9sent\u00e9e. Vers la fin du premier set, Andreeva \u00e9tait visiblement en difficult\u00e9, frappant souvent le sol avec sa raquette et fondant en larmes \u00e0 plusieurs reprises, mais la t\u00eate de s\u00e9rie a assur\u00e9 le set dans le tie-break.<\/p>\n<p>Siegemund ne s&rsquo;est pas laiss\u00e9 d\u00e9courager. La 57e joueuse mondiale a jou\u00e9 de mani\u00e8re agressive, profitant \u00e9galement des nombreuses doubles fautes d&rsquo;Andreeva, qui luttait contre ses \u00e9motions, et a m\u00e9rit\u00e9 de remporter le deuxi\u00e8me set. Dans le troisi\u00e8me set, la volont\u00e9 d&rsquo;Andreeva, compl\u00e8tement frustr\u00e9e, a finalement \u00e9t\u00e9 break\u00e9e et Siegemund a r\u00e9ussi \u00e0 s&rsquo;imposer.<\/p>\n","protected":false},"excerpt":{"rendered":"Laura Siegemund a cr\u00e9\u00e9 la surprise au tournoi WTA de Wuhan, en Chine, en se qualifiant pour les&hellip;\n","protected":false},"author":2,"featured_media":447128,"comment_status":"","ping_status":"","sticky":false,"template":"","format":"standard","meta":{"footnotes":""},"categories":[1415],"tags":[1011,27,60,1467],"class_list":{"0":"post-447127","1":"post","2":"type-post","3":"status-publish","4":"format-standard","5":"has-post-thumbnail","7":"category-tennis","8":"tag-fr","9":"tag-france","10":"tag-sports","11":"tag-tennis"},"share_on_mastodon":{"url":"https:\/\/pubeurope.com\/@fr\/115337853833581513","error":""},"_links":{"self":[{"href":"https:\/\/www.europesays.com\/fr\/wp-json\/wp\/v2\/posts\/447127","targetHints":{"allow":["GET"]}}],"collection":[{"href":"https:\/\/www.europesays.com\/fr\/wp-json\/wp\/v2\/posts"}],"about":[{"href":"https:\/\/www.europesays.com\/fr\/wp-json\/wp\/v2\/types\/post"}],"author":[{"embeddable":true,"href":"https:\/\/www.europesays.com\/fr\/wp-json\/wp\/v2\/users\/2"}],"replies":[{"embeddable":true,"href":"https:\/\/www.europesays.com\/fr\/wp-json\/wp\/v2\/comments?post=447127"}],"version-history":[{"count":0,"href":"https:\/\/www.europesays.com\/fr\/wp-json\/wp\/v2\/posts\/447127\/revisions"}],"wp:featuredmedia":[{"embeddable":true,"href":"https:\/\/www.europesays.com\/fr\/wp-json\/wp\/v2\/media\/447128"}],"wp:attachment":[{"href":"https:\/\/www.europesays.com\/fr\/wp-json\/wp\/v2\/media?parent=447127"}],"wp:term":[{"taxonomy":"category","embeddable":true,"href":"https:\/\/www.europesays.com\/fr\/wp-json\/wp\/v2\/categories?post=447127"},{"taxonomy":"post_tag","embeddable":true,"href":"https:\/\/www.europesays.com\/fr\/wp-json\/wp\/v2\/tags?post=447127"}],"curies":[{"name":"wp","href":"https:\/\/api.w.org\/{rel}","templated":true}]}}