{"id":447131,"date":"2025-10-08T09:34:12","date_gmt":"2025-10-08T09:34:12","guid":{"rendered":"https:\/\/www.europesays.com\/fr\/447131\/"},"modified":"2025-10-08T09:34:12","modified_gmt":"2025-10-08T09:34:12","slug":"audi-recrute-le-chef-mecanicien-de-max-verstappen","status":"publish","type":"post","link":"https:\/\/www.europesays.com\/fr\/447131\/","title":{"rendered":"Audi recrute le chef m\u00e9canicien de Max Verstappen"},"content":{"rendered":"<p>Chef m\u00e9canicien de Max Verstappen depuis plusieurs ann\u00e9es, Matt Caller quittera l&rsquo;\u00e9curie Red Bull en fin de saison au profit de la nouvelle association Sauber \/ Audi F1.\u00a0<\/p>\n<p>Pr\u00e9sent au sein des effectifs du taureau ail\u00e9 depuis 2015, le britannique r\u00e9alise ses premiers pas au poste de m\u00e9canicien num\u00e9ro 2, responsable de la monoplace frapp\u00e9e du num\u00e9ro 33 du jeune n\u00e9erlandais.<\/p>\n<p>En raison de sa forte contribution aux multiples titres du pilote Red Bull, l&rsquo;\u00e9curie le promeut chef m\u00e9canicien en ao\u00fbt 2022.\u00a0<\/p>\n<p>Par le biais de ce recrutement initi\u00e9 par Jonathan Wheatley, ex-membre de la firme autrichienne et d\u00e9sormais directeur d&rsquo;\u00e9quipe chez Sauber \/ Audi F1, le constructeur allemand poursuit sa mont\u00e9e en puissance et pr\u00e9pare comme il se doit son entr\u00e9e en mati\u00e8re dans la plus haute sph\u00e8re du sport automobile.<\/p>\n<p>Le quadruple champion du monde perdra ainsi son bras droit, remplac\u00e9 d\u00e8s la saison prochaine par un nom qui n&rsquo;a pas encore \u00e9t\u00e9 d\u00e9voil\u00e9 par son \u00e9curie.<\/p>\n","protected":false},"excerpt":{"rendered":"Chef m\u00e9canicien de Max Verstappen depuis plusieurs ann\u00e9es, Matt Caller quittera l&rsquo;\u00e9curie Red Bull en fin de saison&hellip;\n","protected":false},"author":2,"featured_media":447132,"comment_status":"","ping_status":"","sticky":false,"template":"","format":"standard","meta":{"footnotes":""},"categories":[1412],"tags":[1451,1452,1453,1454,1455,1011,27,60],"class_list":{"0":"post-447131","1":"post","2":"type-post","3":"status-publish","4":"format-standard","5":"has-post-thumbnail","7":"category-f1","8":"tag-f1","9":"tag-formula-1","10":"tag-formula1","11":"tag-formule-1","12":"tag-formule1","13":"tag-fr","14":"tag-france","15":"tag-sports"},"share_on_mastodon":{"url":"https:\/\/pubeurope.com\/@fr\/115337865807427647","error":""},"_links":{"self":[{"href":"https:\/\/www.europesays.com\/fr\/wp-json\/wp\/v2\/posts\/447131","targetHints":{"allow":["GET"]}}],"collection":[{"href":"https:\/\/www.europesays.com\/fr\/wp-json\/wp\/v2\/posts"}],"about":[{"href":"https:\/\/www.europesays.com\/fr\/wp-json\/wp\/v2\/types\/post"}],"author":[{"embeddable":true,"href":"https:\/\/www.europesays.com\/fr\/wp-json\/wp\/v2\/users\/2"}],"replies":[{"embeddable":true,"href":"https:\/\/www.europesays.com\/fr\/wp-json\/wp\/v2\/comments?post=447131"}],"version-history":[{"count":0,"href":"https:\/\/www.europesays.com\/fr\/wp-json\/wp\/v2\/posts\/447131\/revisions"}],"wp:featuredmedia":[{"embeddable":true,"href":"https:\/\/www.europesays.com\/fr\/wp-json\/wp\/v2\/media\/447132"}],"wp:attachment":[{"href":"https:\/\/www.europesays.com\/fr\/wp-json\/wp\/v2\/media?parent=447131"}],"wp:term":[{"taxonomy":"category","embeddable":true,"href":"https:\/\/www.europesays.com\/fr\/wp-json\/wp\/v2\/categories?post=447131"},{"taxonomy":"post_tag","embeddable":true,"href":"https:\/\/www.europesays.com\/fr\/wp-json\/wp\/v2\/tags?post=447131"}],"curies":[{"name":"wp","href":"https:\/\/api.w.org\/{rel}","templated":true}]}}