{"id":447135,"date":"2025-10-08T09:36:10","date_gmt":"2025-10-08T09:36:10","guid":{"rendered":"https:\/\/www.europesays.com\/fr\/447135\/"},"modified":"2025-10-08T09:36:10","modified_gmt":"2025-10-08T09:36:10","slug":"transfert-au-psg-un-gros-buteur-proche-de-signer-il-dit-tout","status":"publish","type":"post","link":"https:\/\/www.europesays.com\/fr\/447135\/","title":{"rendered":"Transfert au PSG &#8211; Un gros buteur proche de signer : Il dit tout !"},"content":{"rendered":"<p>                    Guillaume de Saint Sauveur<br \/>\n                        &#8211;<\/p>\n<p>Journaliste<\/p>\n<p>Dipl\u00f4m\u00e9 d\u2019Ecole de Journalisme \u00e0 Paris. Sp\u00e9cialis\u00e9 football, et plus particuli\u00e8rement sur le mercato. Fan du PSG et du Stade Fran\u00e7ais.<\/p>\n<p class=\"heading\">Ancien buteur embl\u00e9matique de la s\u00e9lection du Portugal au d\u00e9but des ann\u00e9es 2000, Nuno Gomes semble \u00eatre pass\u00e9 tout proche d&rsquo;un transfert au PSG durant cette p\u00e9riode. Hugo Leal, son compatriote lusitanien pass\u00e9 justement par le PSG, se confie sur ce transfert avort\u00e9 de son ami dans la capitale fran\u00e7aise. <\/p>\n<p>Son nom ne parlera peut-\u00eatre pas aux plus jeunes, et pourtant, <strong>Nuno<\/strong> <strong>Gomes<\/strong> a \u00e9t\u00e9 l&rsquo;une des grandes attractions de l&rsquo;Euro 2000, lui qui brillait cet \u00e9t\u00e9-l\u00e0 \u00e0 la pointe de l&rsquo;attaque du Portugal. Il avait d&rsquo;ailleurs \u00e9t\u00e9 question d&rsquo;un transfert au <strong>PSG<\/strong> un an plus tard pour <strong>Gomes<\/strong>, qui \u00e9voluait du c\u00f4t\u00e9 de la <strong>Fiorentina<\/strong>, et son compatriote <strong>Hugo<\/strong> <strong>Leal<\/strong> confirme les discussions dans une interview livr\u00e9e \u00e0 Casa Football Podcast. <\/p>\n<p>                                            \u00ab Nuno Gomes \u00e9tait dans le viseur du Paris SG \u00bb<\/p>\n<p>\u00ab Tout commence en avril 2001, quand le Portugal joue un amical contre la France au Stade de France, que les Bleus remportent 4-0. \u00c0 l&rsquo;\u00e9poque, il se disait que Nuno Gomes \u00e9tait dans le viseur du Paris SG \u00bb, confie <strong>Hugo<\/strong> <strong>Leal<\/strong>, qui portera lui-m\u00eame un peu plus tard le maillot du <a href=\"https:\/\/le10sport.com\/football\/ligue1\/psg\/\" rel=\"nofollow noopener\" target=\"_blank\">PSG<\/a>. Mais \u00e0 ce moment pr\u00e9cis, il \u00e9tait surtout question d&rsquo;un transfert de <strong>Nuno<\/strong> <strong>Gomes<\/strong> en attaque. <\/p>\n<p>                                            \u00ab J&rsquo;ai finalement sign\u00e9 au PSG \u00bb<\/p>\n<p>\u00ab Moi, j&rsquo;\u00e9tais convoqu\u00e9 avec la s\u00e9lection, je n&rsquo;ai pas jou\u00e9 ce match, mais j&rsquo;\u00e9tais en chambre avec Nuno et je me souviens avoir parl\u00e9 de \u00e7a avec lui. J&rsquo;\u00e9tais loin de penser que c&rsquo;\u00e9tait moi qui allais finalement signer au Paris SG \u00bb, poursuit <strong>Hugo<\/strong> <strong>Leal<\/strong>, qui a fini par signer au <strong>PSG<\/strong> \u00e0 l&rsquo;\u00e9t\u00e9 2001. Et de son c\u00f4t\u00e9, <strong>Nuno<\/strong> <strong>Gomes<\/strong> ne portera jamais la tunique du club francilien&#8230; <\/p>\n","protected":false},"excerpt":{"rendered":"Guillaume de Saint Sauveur &#8211; Journaliste Dipl\u00f4m\u00e9 d\u2019Ecole de Journalisme \u00e0 Paris. Sp\u00e9cialis\u00e9 football, et plus particuli\u00e8rement sur&hellip;\n","protected":false},"author":2,"featured_media":56023,"comment_status":"","ping_status":"","sticky":false,"template":"","format":"standard","meta":{"footnotes":""},"categories":[1410],"tags":[63,1011,27,60],"class_list":{"0":"post-447135","1":"post","2":"type-post","3":"status-publish","4":"format-standard","5":"has-post-thumbnail","7":"category-football","8":"tag-football","9":"tag-fr","10":"tag-france","11":"tag-sports"},"share_on_mastodon":{"url":"https:\/\/pubeurope.com\/@fr\/115337873624485694","error":""},"_links":{"self":[{"href":"https:\/\/www.europesays.com\/fr\/wp-json\/wp\/v2\/posts\/447135","targetHints":{"allow":["GET"]}}],"collection":[{"href":"https:\/\/www.europesays.com\/fr\/wp-json\/wp\/v2\/posts"}],"about":[{"href":"https:\/\/www.europesays.com\/fr\/wp-json\/wp\/v2\/types\/post"}],"author":[{"embeddable":true,"href":"https:\/\/www.europesays.com\/fr\/wp-json\/wp\/v2\/users\/2"}],"replies":[{"embeddable":true,"href":"https:\/\/www.europesays.com\/fr\/wp-json\/wp\/v2\/comments?post=447135"}],"version-history":[{"count":0,"href":"https:\/\/www.europesays.com\/fr\/wp-json\/wp\/v2\/posts\/447135\/revisions"}],"wp:featuredmedia":[{"embeddable":true,"href":"https:\/\/www.europesays.com\/fr\/wp-json\/wp\/v2\/media\/56023"}],"wp:attachment":[{"href":"https:\/\/www.europesays.com\/fr\/wp-json\/wp\/v2\/media?parent=447135"}],"wp:term":[{"taxonomy":"category","embeddable":true,"href":"https:\/\/www.europesays.com\/fr\/wp-json\/wp\/v2\/categories?post=447135"},{"taxonomy":"post_tag","embeddable":true,"href":"https:\/\/www.europesays.com\/fr\/wp-json\/wp\/v2\/tags?post=447135"}],"curies":[{"name":"wp","href":"https:\/\/api.w.org\/{rel}","templated":true}]}}