{"id":447144,"date":"2025-10-08T09:41:10","date_gmt":"2025-10-08T09:41:10","guid":{"rendered":"https:\/\/www.europesays.com\/fr\/447144\/"},"modified":"2025-10-08T09:41:10","modified_gmt":"2025-10-08T09:41:10","slug":"mireille-mathieu-cette-question-sur-emmanuel-macron-ne-passe-pas-je-lai-rencontre","status":"publish","type":"post","link":"https:\/\/www.europesays.com\/fr\/447144\/","title":{"rendered":"Mireille Mathieu : cette question sur Emmanuel Macron ne passe pas, \u201cje l\u2019ai rencontr\u00e9\u2026\u201d"},"content":{"rendered":"<p>Soixante ans de carri\u00e8re, une voix toujours intacte et une<br \/>\n\u00e9nergie impressionnante : <a href=\"https:\/\/www.closermag.fr\/people\/mireille-mathieu-a-quoi-ressemble-son-hotel-particulier-de-neuilly-sur-seine-3584833\" target=\"_blank\" rel=\"noopener\"><br \/>\nMireille Mathieu<\/a> c\u00e9l\u00e8bre cette ann\u00e9e <strong>six d\u00e9cennies sur<br \/>\nsc\u00e8ne.<\/strong> \u00c0 79 ans, <a href=\"https:\/\/www.closermag.fr\/people\/je-voulais-pas-vous-faire-pleurer-bruce-toussaint-un-brin-gene-mireille-mathieu-fond-en-larmes-sur-son-plateau-3584968\" target=\"_blank\" rel=\"noopener\"><br \/>\nl\u2019ic\u00f4ne d\u2019Avignon<\/a> n\u2019a rien perdu de sa passion pour la chanson,<br \/>\nni de sa rigueur l\u00e9gendaire. Dans une interview accord\u00e9e au<br \/>\n<a href=\"https:\/\/www.leparisien.fr\/culture-loisirs\/musique\/je-suis-a-fond-sur-instagram-mireille-mathieu-fete-ses-60-ans-de-carriere-avec-un-best-of-et-trois-olympia-05-10-2025-BJL2CS2I3NHFFNDZD4LABH6ZKE.php?at_variant=photo&amp;at_creation=Le%20Parisien&amp;at_campaign=Partage%20Twitter%20CM&amp;at_medium=Social%20media\" target=\"_blank\" rel=\"nofollow noopener\">Parisien<\/a>, la<br \/>\nchanteuse revient sur ses projets et sur une question qui a fait<br \/>\nbeaucoup r\u00e9agir : <strong>sa rencontre avec Emmanuel<br \/>\nMacron.<\/strong><\/p>\n<p>L\u2019interpr\u00e8te de Mille colombes s\u2019appr\u00eate \u00e0 offrir \u00e0 son<br \/>\npublic un nouveau best of, enrichi de trois titres in\u00e9dits, ainsi<br \/>\nque trois concerts exceptionnels \u00e0 l\u2019Olympia en octobre. Un retour<br \/>\ntr\u00e8s attendu, qui s\u2019inscrit dans une tourn\u00e9e anniversaire c\u00e9l\u00e9brant<br \/>\n60 ans d\u2019une carri\u00e8re jalonn\u00e9e de succ\u00e8s plan\u00e9taires, de tourn\u00e9es<br \/>\ntriomphales et d\u2019innombrables collaborations prestigieuses. \u201cJe<br \/>\nsuis heureuse de retrouver mon public, c\u2019est ma plus belle<br \/>\nr\u00e9compense\u201d, a confi\u00e9 la chanteuse, \u00e9mue mais toujours tr\u00e8s<br \/>\ndiscr\u00e8te lorsqu\u2019il s\u2019agit de sa vie personnelle.<\/p>\n<p>Mireille Mathieu revient sur sa rencontre avec Emmanuel<br \/>\nMacron<\/p>\n<p>Mais c\u2019est une question en particulier, pos\u00e9e au d\u00e9tour de<br \/>\nl\u2019entretien, qui a fait couler beaucoup d\u2019encre. Interrog\u00e9e sur sa<br \/>\nrelation avec le <a href=\"https:\/\/www.closermag.fr\/people\/mireille-mathieu-proche-de-vladimir-poutine-elle-sen-prend-a-emmanuel-macron-3249200\" target=\"_blank\" rel=\"noopener\"><br \/>\npr\u00e9sident Emmanuel Macron,<\/a> Mireille Mathieu a pr\u00e9f\u00e9r\u00e9 couper<br \/>\ncourt. \u201cJe l\u2019ai rencontr\u00e9, <strong>je n\u2019ai rien \u00e0 en<br \/>\ndire.<\/strong> Je ne fais pas de politique, mais je suis<br \/>\ngaulliste\u201d, a-t-elle d\u00e9clar\u00e9, avec la franchise qu\u2019on lui<br \/>\nconna\u00eet. Avant de pr\u00e9ciser : \u201c<strong>J\u2019ai toujours<br \/>\nvot\u00e9,<\/strong> c\u2019est important de voter. Mais ce n\u2019est pas \u00e0 un<br \/>\nartiste de se prononcer. Je respecte tout le monde.\u201d Une mise<br \/>\nau point claire et nette, qui en dit long sur sa philosophie.<\/p>\n<p>Depuis ses d\u00e9buts, la <a href=\"https:\/\/www.closermag.fr\/people\/mireille-mathieu-en-grande-forme-lors-dun-repas-festif-la-scene-improbable-filmee-par-la-princesse-louise-de-belgique-3569319\" target=\"_blank\" rel=\"noopener\"><br \/>\nchanteuse Mireille Mathieu<\/a> s\u2019est toujours tenue \u00e0 l\u2019\u00e9cart des<br \/>\nd\u00e9bats politiques, pr\u00e9f\u00e9rant faire rayonner la France \u00e0 travers la<br \/>\nmusique. Fervente admiratrice du g\u00e9n\u00e9ral de Gaulle, elle revendique<br \/>\nun attachement ind\u00e9fectible \u00e0 son pays et \u00e0 ses valeurs. \u201cJe me<br \/>\nsens profond\u00e9ment fran\u00e7aise. Je chante pour la France, pas pour un<br \/>\nparti\u201d, avait-elle d\u00e9j\u00e0 expliqu\u00e9 dans une pr\u00e9c\u00e9dente<br \/>\ninterview.<\/p>\n<p>La chanteuse de retour sur sc\u00e8ne<\/p>\n<p>Aujourd\u2019hui encore, Mireille Mathieu continue d\u2019incarner une<br \/>\ncertaine id\u00e9e de la <a href=\"https:\/\/www.closermag.fr\/people\/mireille-mathieu-toutes-ces-fois-ou-elle-a-change-de-coiffure-et-abandonne-sa-coupe-iconique-3241100\" target=\"_blank\" rel=\"noopener\"><br \/>\nchanson fran\u00e7aise<\/a> : classique, populaire et intemporelle. De<br \/>\nParis en col\u00e8re \u00e0 Une femme amoureuse, son r\u00e9pertoire traverse les<br \/>\ng\u00e9n\u00e9rations et reste synonyme d\u2019\u00e9l\u00e9gance et de rigueur.<\/p>\n<p>Et si elle refuse d\u2019entrer dans les pol\u00e9miques, c\u2019est parce<br \/>\nqu\u2019elle pr\u00e9f\u00e8re que la musique parle \u00e0 sa place. <strong>\u201cMon<br \/>\npublic, c\u2019est ma famille\u201d,<\/strong> r\u00e9sume-t-elle simplement.<br \/>\nUne famille fid\u00e8le, qu\u2019elle retrouvera donc sur la sc\u00e8ne mythique<br \/>\nde l\u2019Olympia pour f\u00eater une carri\u00e8re exemplaire.<\/p>\n","protected":false},"excerpt":{"rendered":"Soixante ans de carri\u00e8re, une voix toujours intacte et une \u00e9nergie impressionnante : Mireille Mathieu c\u00e9l\u00e8bre cette ann\u00e9e&hellip;\n","protected":false},"author":2,"featured_media":447145,"comment_status":"","ping_status":"","sticky":false,"template":"","format":"standard","meta":{"footnotes":""},"categories":[1355],"tags":[58,1073,59,1011,27,19707,1361,873],"class_list":{"0":"post-447144","1":"post","2":"type-post","3":"status-publish","4":"format-standard","5":"has-post-thumbnail","7":"category-musique","8":"tag-divertissement","9":"tag-emmanuel-macron","10":"tag-entertainment","11":"tag-fr","12":"tag-france","13":"tag-mireille-mathieu","14":"tag-music","15":"tag-musique"},"share_on_mastodon":{"url":"https:\/\/pubeurope.com\/@fr\/115337893503677373","error":""},"_links":{"self":[{"href":"https:\/\/www.europesays.com\/fr\/wp-json\/wp\/v2\/posts\/447144","targetHints":{"allow":["GET"]}}],"collection":[{"href":"https:\/\/www.europesays.com\/fr\/wp-json\/wp\/v2\/posts"}],"about":[{"href":"https:\/\/www.europesays.com\/fr\/wp-json\/wp\/v2\/types\/post"}],"author":[{"embeddable":true,"href":"https:\/\/www.europesays.com\/fr\/wp-json\/wp\/v2\/users\/2"}],"replies":[{"embeddable":true,"href":"https:\/\/www.europesays.com\/fr\/wp-json\/wp\/v2\/comments?post=447144"}],"version-history":[{"count":0,"href":"https:\/\/www.europesays.com\/fr\/wp-json\/wp\/v2\/posts\/447144\/revisions"}],"wp:featuredmedia":[{"embeddable":true,"href":"https:\/\/www.europesays.com\/fr\/wp-json\/wp\/v2\/media\/447145"}],"wp:attachment":[{"href":"https:\/\/www.europesays.com\/fr\/wp-json\/wp\/v2\/media?parent=447144"}],"wp:term":[{"taxonomy":"category","embeddable":true,"href":"https:\/\/www.europesays.com\/fr\/wp-json\/wp\/v2\/categories?post=447144"},{"taxonomy":"post_tag","embeddable":true,"href":"https:\/\/www.europesays.com\/fr\/wp-json\/wp\/v2\/tags?post=447144"}],"curies":[{"name":"wp","href":"https:\/\/api.w.org\/{rel}","templated":true}]}}