{"id":44715,"date":"2025-04-22T19:26:09","date_gmt":"2025-04-22T19:26:09","guid":{"rendered":"https:\/\/www.europesays.com\/fr\/44715\/"},"modified":"2025-04-22T19:26:09","modified_gmt":"2025-04-22T19:26:09","slug":"une-association-soppose-au-plan-local-durbanisme-du-grand-nancy","status":"publish","type":"post","link":"https:\/\/www.europesays.com\/fr\/44715\/","title":{"rendered":"une association s\u2019oppose au plan local d\u2019urbanisme du Grand Nancy"},"content":{"rendered":"<p>L\u2019enqu\u00eate publique relative au Plan local d\u2019urbanisme intercommunal-habitat d\u00e9placement (PLUi-HD) du Grand Nancy est entr\u00e9e dans sa phase de consultation, <a href=\"https:\/\/www.estrepublicain.fr\/environnement\/2025\/04\/14\/l-avis-des-habitants-sur-le-plui-hd-est-attendu\" title=\"c.estrepublicain.fr\" target=\"_blank\" rel=\"noopener\">depuis le mercredi 2\u00a0avril et jusqu\u2019au vendredi 2\u00a0mai,<\/a> sous forme de permanences \u00e0 l\u2019h\u00f4tel de ville, o\u00f9 les habitants peuvent rencontrer l\u2019enqu\u00eateur Gilbert Jancovici.<\/p>\n<p>Samedi 19\u00a0avril il a re\u00e7u plusieurs personnes, dont une d\u00e9l\u00e9gation d\u2019une quinzaine d\u2019adh\u00e9rents de l\u2019association Sauvons nos coteaux, pr\u00e9sid\u00e9e par Marcel Gauzelin.<\/p>\n<p>  Des travaux jusqu\u2019en 2042<\/p>\n<p>\u00ab\u00a0Pour Ludres, le PLUi pr\u00e9voit en particulier un potentiel d\u2019urbanisation de six hectares, entre Sainte-Blaine et la m\u00e9diath\u00e8que, sur une zone de coteaux actuellement occup\u00e9e par la nature. Cela repr\u00e9sente 238 logements (tout type d\u2019habitats confondus\u00a0: logements sociaux, interm\u00e9diaires et individuels) et les voies de circulation correspondantes, avec un d\u00e9marrage de la premi\u00e8re phase des travaux d\u00e8s 2025.\u00a0\u00bb<\/p>\n<p>Trois phases de travaux sont pr\u00e9vues, menant les constructions jusqu\u2019en 2042.<\/p>\n<p>  Atteinte \u00e0 la biodiversit\u00e9<\/p>\n<p>L\u2019association a \u00e9t\u00e9 rejointe par 237 personnes s\u2019opposant au projet car, pour Ludres, cela signifie concr\u00e8tement une atteinte \u00e0 la biodiversit\u00e9 des coteaux. En effet, sur la zone concern\u00e9e se trouvent au moins 37 esp\u00e8ces d\u2019oiseaux, dont 27 sont prot\u00e9g\u00e9es.<\/p>\n<p>Pas moins de 17 esp\u00e8ces de papillons dont trois en r\u00e9gression et au moins 137 esp\u00e8ces de plantes compl\u00e8tent le tableau. \u00ab\u00a0Cela repr\u00e9sentera une modification majeure du cadre de vie, d\u00e9veloppe Marcel Gauzelin. Le paysage sera modifi\u00e9, la circulation automobile augment\u00e9e avec, en corollaire, celle du bruit et de la pollution, sans compter qu\u2019il n\u2019y aura plus d\u2019\u00eelot de fra\u00eecheur pendant les canicules.\u00a0\u00bb<\/p>\n<p>Le pr\u00e9sident pointe \u00e9galement \u00ab\u00a0une artificialisation irr\u00e9versible de terres autrefois d\u00e9volues aux vergers\u00a0\u00bb et conclut\u00a0: \u00ab\u00a0Nous nous opposons donc \u00e0 ce projet. Avec l\u2019association Flore 54, nous sommes en train de pr\u00e9voir des actions avec les habitants des communes voisines qui tout comme nous s\u2019y opposent.\u00bb<\/p>\n<p class=\"note\">Le prochain rendez-vous pour l\u2019enqu\u00eate publique se tiendra le vendredi 2\u00a0mai, en mairie, de 14\u00a0h \u00e0 16\u00a0h.<\/p>\n","protected":false},"excerpt":{"rendered":"L\u2019enqu\u00eate publique relative au Plan local d\u2019urbanisme intercommunal-habitat d\u00e9placement (PLUi-HD) du Grand Nancy est entr\u00e9e dans sa phase&hellip;\n","protected":false},"author":2,"featured_media":44716,"comment_status":"","ping_status":"","sticky":false,"template":"","format":"standard","meta":{"footnotes":""},"categories":[9635],"tags":[1111,11,1704,436,1777,674,1011,27,775,1908,11413,9649,1702,12,25,104],"class_list":{"0":"post-44715","1":"post","2":"type-post","3":"status-publish","4":"format-standard","5":"has-post-thumbnail","7":"category-nancy","8":"tag-actu","9":"tag-actualites","10":"tag-edition-nancy-et-agglomeration","11":"tag-environnement","12":"tag-eu","13":"tag-europe","14":"tag-fr","15":"tag-france","16":"tag-grand-est","17":"tag-logement","18":"tag-ludres","19":"tag-metropole-du-grand-nancy-54b2","20":"tag-nancy","21":"tag-news","22":"tag-republique-francaise","23":"tag-societe"},"share_on_mastodon":{"url":"https:\/\/pubeurope.com\/@fr\/114383263257918278","error":""},"_links":{"self":[{"href":"https:\/\/www.europesays.com\/fr\/wp-json\/wp\/v2\/posts\/44715","targetHints":{"allow":["GET"]}}],"collection":[{"href":"https:\/\/www.europesays.com\/fr\/wp-json\/wp\/v2\/posts"}],"about":[{"href":"https:\/\/www.europesays.com\/fr\/wp-json\/wp\/v2\/types\/post"}],"author":[{"embeddable":true,"href":"https:\/\/www.europesays.com\/fr\/wp-json\/wp\/v2\/users\/2"}],"replies":[{"embeddable":true,"href":"https:\/\/www.europesays.com\/fr\/wp-json\/wp\/v2\/comments?post=44715"}],"version-history":[{"count":0,"href":"https:\/\/www.europesays.com\/fr\/wp-json\/wp\/v2\/posts\/44715\/revisions"}],"wp:featuredmedia":[{"embeddable":true,"href":"https:\/\/www.europesays.com\/fr\/wp-json\/wp\/v2\/media\/44716"}],"wp:attachment":[{"href":"https:\/\/www.europesays.com\/fr\/wp-json\/wp\/v2\/media?parent=44715"}],"wp:term":[{"taxonomy":"category","embeddable":true,"href":"https:\/\/www.europesays.com\/fr\/wp-json\/wp\/v2\/categories?post=44715"},{"taxonomy":"post_tag","embeddable":true,"href":"https:\/\/www.europesays.com\/fr\/wp-json\/wp\/v2\/tags?post=44715"}],"curies":[{"name":"wp","href":"https:\/\/api.w.org\/{rel}","templated":true}]}}