{"id":447163,"date":"2025-10-08T09:51:13","date_gmt":"2025-10-08T09:51:13","guid":{"rendered":"https:\/\/www.europesays.com\/fr\/447163\/"},"modified":"2025-10-08T09:51:13","modified_gmt":"2025-10-08T09:51:13","slug":"les-forains-sont-a-pied-doeuvre-pour-installer-leurs-200-attractions","status":"publish","type":"post","link":"https:\/\/www.europesays.com\/fr\/447163\/","title":{"rendered":"les forains sont \u00e0 pied d\u2019\u0153uvre pour installer leurs 200 attractions"},"content":{"rendered":"<p>Samedi apr\u00e8s-midi, la vogue des Noix 2025 ouvrira officiellement et les rues de Firminy vont rev\u00eatir leurs tenues de f\u00eates. Depuis dimanche, les forains sont sur le pont afin que tout soit pr\u00eat pour le d\u00e9but des festivit\u00e9s.<\/p>\n<p>Si, pour l\u2019instant, les odeurs de bonbons et de p\u00e2tisseries, ainsi que les musiques populaires n\u2019emplissent pas les rues, sur les diff\u00e9rentes places de la ville, l\u2019installation bat son plein. Il faudra bien compter une semaine pour que les plus de 200 attractions soient en place.<\/p>\n<p>Avenue de la Gare, Yann Soulas, avec sa femme et son fils, monte le Magic Glass\u00a0: \u00ab\u00a0Ce sont les glaces qui sont lourdes. Il faut courir. J\u2019ai deux cents glaces \u00e0 porter, plus celles qui restent en fixe le long des murs, c\u2019est beaucoup. On fait \u00e7a en famille, avec mon fils et ma femme. Je n\u2019ai pas peur, \u00e7a va le faire, si on est parti pour ne pas y arriver, on fera du&#8230;<\/p>\n","protected":false},"excerpt":{"rendered":"Samedi apr\u00e8s-midi, la vogue des Noix 2025 ouvrira officiellement et les rues de Firminy vont rev\u00eatir leurs tenues&hellip;\n","protected":false},"author":2,"featured_media":447164,"comment_status":"","ping_status":"","sticky":false,"template":"","format":"standard","meta":{"footnotes":""},"categories":[9653],"tags":[1111,11,2430,1687,7539,1777,674,3326,10282,10283,1011,27,12,25,4001],"class_list":{"0":"post-447163","1":"post","2":"type-post","3":"status-publish","4":"format-standard","5":"has-post-thumbnail","7":"category-saint-etienne","8":"tag-actu","9":"tag-actualites","10":"tag-auvergne-rhone-alpes","11":"tag-culture-loisirs","12":"tag-edition-loire-sud","13":"tag-eu","14":"tag-europe","15":"tag-fete-locale","16":"tag-firminy","17":"tag-firminy-ville","18":"tag-fr","19":"tag-france","20":"tag-news","21":"tag-republique-francaise","22":"tag-saint-etienne"},"share_on_mastodon":{"url":"https:\/\/pubeurope.com\/@fr\/115337932758309907","error":""},"_links":{"self":[{"href":"https:\/\/www.europesays.com\/fr\/wp-json\/wp\/v2\/posts\/447163","targetHints":{"allow":["GET"]}}],"collection":[{"href":"https:\/\/www.europesays.com\/fr\/wp-json\/wp\/v2\/posts"}],"about":[{"href":"https:\/\/www.europesays.com\/fr\/wp-json\/wp\/v2\/types\/post"}],"author":[{"embeddable":true,"href":"https:\/\/www.europesays.com\/fr\/wp-json\/wp\/v2\/users\/2"}],"replies":[{"embeddable":true,"href":"https:\/\/www.europesays.com\/fr\/wp-json\/wp\/v2\/comments?post=447163"}],"version-history":[{"count":0,"href":"https:\/\/www.europesays.com\/fr\/wp-json\/wp\/v2\/posts\/447163\/revisions"}],"wp:featuredmedia":[{"embeddable":true,"href":"https:\/\/www.europesays.com\/fr\/wp-json\/wp\/v2\/media\/447164"}],"wp:attachment":[{"href":"https:\/\/www.europesays.com\/fr\/wp-json\/wp\/v2\/media?parent=447163"}],"wp:term":[{"taxonomy":"category","embeddable":true,"href":"https:\/\/www.europesays.com\/fr\/wp-json\/wp\/v2\/categories?post=447163"},{"taxonomy":"post_tag","embeddable":true,"href":"https:\/\/www.europesays.com\/fr\/wp-json\/wp\/v2\/tags?post=447163"}],"curies":[{"name":"wp","href":"https:\/\/api.w.org\/{rel}","templated":true}]}}