{"id":447165,"date":"2025-10-08T09:52:15","date_gmt":"2025-10-08T09:52:15","guid":{"rendered":"https:\/\/www.europesays.com\/fr\/447165\/"},"modified":"2025-10-08T09:52:15","modified_gmt":"2025-10-08T09:52:15","slug":"asse-un-poids-lourd-totalement-surprise-et-inedit-debarque-a-saint-etienne","status":"publish","type":"post","link":"https:\/\/www.europesays.com\/fr\/447165\/","title":{"rendered":"ASSE : un poids lourd totalement surprise et in\u00e9dit d\u00e9barque \u00e0 Saint-\u00c9tienne !"},"content":{"rendered":"<p><strong>Un nouveau renfort d\u00e9barque \u00e0 l\u2019AS Saint-\u00c9tienne et pas des moindres puisqu\u2019il s\u2019agir d\u2019un cadre en termes d\u2019\u00e9nergie. C\u2019est une grande premi\u00e8re dans le milieu du football.<\/strong><\/p>\n<p>L\u2019<a href=\"https:\/\/www.butfootballclub.fr\/622258-asse-mercato-stassin-lache-une-bombe-sur-son-avenir-cet-hiver\/\" target=\"_blank\" rel=\"noopener\">AS Saint-\u00c9tienne<\/a> franchit un cap dans ses partenariats. Le club for\u00e9zien vient d\u2019annoncer a annonc\u00e9 l\u2019arriv\u00e9e d\u2019Ohm \u00c9nergie comme nouveau sponsor sur la manche du maillot de l\u2019\u00e9quipe masculine, marquant le premier partenariat de l\u2019<a href=\"https:\/\/www.butfootballclub.fr\/622248-asse-rudi-garcia-critique-en-belgique-pour-la-non-selection-de-stassin\/\" target=\"_blank\" rel=\"noopener\">ASSE<\/a> avec un fournisseur d\u2019\u00e9nergie. Ohm \u00c9nergie, cr\u00e9\u00e9 en 2018 par Fran\u00e7ois Joubert, ancien cadre d\u2019EDF, s\u2019est rapidement impos\u00e9 sur le march\u00e9 fran\u00e7ais comme un acteur engag\u00e9 dans les \u00e9nergies renouvelables.\u00a0<\/p>\n<p>Le partenariat avec l\u2019ASSE ne se limite pas \u00e0 la visibilit\u00e9 sur le maillot : \u00e0 partir du 1er janvier 2026, le Centre sportif et administratif Robert Herbin sera aliment\u00e9 par l\u2019\u00e9nergie verte d\u2019Ohm \u00c9nergie. Le club pourra \u00e9galement compter sur une pr\u00e9sence accrue du sponsor dans le stade Geoffroy-Guichard, avec des affichages sur les \u00e9crans g\u00e9ants et le syst\u00e8me LED dynamique, renfor\u00e7ant la visibilit\u00e9 de la marque aupr\u00e8s des supporters et du public national. Avec pr\u00e8s de 300 000 clients, particuliers et professionnels, Ohm \u00c9nergie s\u2019affiche comme un partenaire strat\u00e9gique et innovant pour les Verts.<\/p>\n<p>Tout premier partenariat sportif pour Ohm \u00c9nergie<\/p>\n<p>Arnaud Jaouen, Directeur G\u00e9n\u00e9ral Adjoint de l\u2019<a href=\"https:\/\/www.butfootballclub.fr\/622148-lasse-possede-un-atout-monstrueux-qui-fait-peur-a-toute-la-ligue-2\/\" target=\"_blank\" rel=\"noopener\">ASSE<\/a>, souligne : \u00ab L\u2019AS Saint-\u00c9tienne est heureuse de signer avec Ohm \u00c9nergie son tout premier partenariat avec un fournisseur d\u2019\u00e9nergie. En promouvant une \u00e9nergie verte, locale et en circuit court, Ohm \u00c9nergie s\u2019inscrit parfaitement dans les valeurs du club et sa d\u00e9marche RSE Vert l\u2019Avenir. \u00bb<\/p>\n<p>Pour Fran\u00e7ois Joubert, Directeur G\u00e9n\u00e9ral d\u2019Ohm \u00c9nergie, ce partenariat est \u00e9galement une premi\u00e8re dans le sport : \u00ab Chez Ohm \u00c9nergie, nous sommes fiers de r\u00e9aliser notre tout premier partenariat sportif avec l\u2019AS Saint-\u00c9tienne. Cette alliance est un nouveau signe de notre engagement en faveur des territoires et nous permet de nous ancrer dans le bassin st\u00e9phanois. Il va assurer une visibilit\u00e9 nationale profitable \u00e0 notre marque tout en r\u00e9pondant aux attentes du club en mati\u00e8re de fourniture d\u2019\u00e9nergie. \u00bb<\/p>\n","protected":false},"excerpt":{"rendered":"Un nouveau renfort d\u00e9barque \u00e0 l\u2019AS Saint-\u00c9tienne et pas des moindres puisqu\u2019il s\u2019agir d\u2019un cadre en termes d\u2019\u00e9nergie.&hellip;\n","protected":false},"author":2,"featured_media":312760,"comment_status":"","ping_status":"","sticky":false,"template":"","format":"standard","meta":{"footnotes":""},"categories":[9653],"tags":[1111,11,2430,448,1777,674,63,1011,27,66,3388,12,25,4001,10662],"class_list":{"0":"post-447165","1":"post","2":"type-post","3":"status-publish","4":"format-standard","5":"has-post-thumbnail","7":"category-saint-etienne","8":"tag-actu","9":"tag-actualites","10":"tag-auvergne-rhone-alpes","11":"tag-champions-league","12":"tag-eu","13":"tag-europe","14":"tag-football","15":"tag-fr","16":"tag-france","17":"tag-ligue-1","18":"tag-matchs","19":"tag-news","20":"tag-republique-francaise","21":"tag-saint-etienne","22":"tag-transferts"},"share_on_mastodon":{"url":"https:\/\/pubeurope.com\/@fr\/115337936757093359","error":""},"_links":{"self":[{"href":"https:\/\/www.europesays.com\/fr\/wp-json\/wp\/v2\/posts\/447165","targetHints":{"allow":["GET"]}}],"collection":[{"href":"https:\/\/www.europesays.com\/fr\/wp-json\/wp\/v2\/posts"}],"about":[{"href":"https:\/\/www.europesays.com\/fr\/wp-json\/wp\/v2\/types\/post"}],"author":[{"embeddable":true,"href":"https:\/\/www.europesays.com\/fr\/wp-json\/wp\/v2\/users\/2"}],"replies":[{"embeddable":true,"href":"https:\/\/www.europesays.com\/fr\/wp-json\/wp\/v2\/comments?post=447165"}],"version-history":[{"count":0,"href":"https:\/\/www.europesays.com\/fr\/wp-json\/wp\/v2\/posts\/447165\/revisions"}],"wp:featuredmedia":[{"embeddable":true,"href":"https:\/\/www.europesays.com\/fr\/wp-json\/wp\/v2\/media\/312760"}],"wp:attachment":[{"href":"https:\/\/www.europesays.com\/fr\/wp-json\/wp\/v2\/media?parent=447165"}],"wp:term":[{"taxonomy":"category","embeddable":true,"href":"https:\/\/www.europesays.com\/fr\/wp-json\/wp\/v2\/categories?post=447165"},{"taxonomy":"post_tag","embeddable":true,"href":"https:\/\/www.europesays.com\/fr\/wp-json\/wp\/v2\/tags?post=447165"}],"curies":[{"name":"wp","href":"https:\/\/api.w.org\/{rel}","templated":true}]}}