{"id":44717,"date":"2025-04-22T19:27:17","date_gmt":"2025-04-22T19:27:17","guid":{"rendered":"https:\/\/www.europesays.com\/fr\/44717\/"},"modified":"2025-04-22T19:27:17","modified_gmt":"2025-04-22T19:27:17","slug":"nancy-de-meilleures-conditions-de-travail-sur-le-campus-universitaire-carnot","status":"publish","type":"post","link":"https:\/\/www.europesays.com\/fr\/44717\/","title":{"rendered":"Nancy. De meilleures conditions de travail sur le campus universitaire Carnot"},"content":{"rendered":"<p>Selon H\u00e9l\u00e8ne Boulanger, le campus y gagne sur tous les plans\u2026 \u00ab\u00a0Un meilleur confort pour les usagers, une r\u00e9duction de notre empreinte environnementale, et une valorisation de ce patrimoine architectural\u00a0\u00bb, r\u00e9sumait <a href=\"https:\/\/www.estrepublicain.fr\/education\/2024\/01\/20\/helene-boulanger-l-universite-c-est-ma-vie\" target=\"_blank\" rel=\"nofollow noopener\">la pr\u00e9sidente de l\u2019Universit\u00e9 de Lorraine,<\/a> tout sourire ce mardi apr\u00e8s-midi face \u00e0 un parterre d\u2019invit\u00e9s et de partenaires, venus visiter <a href=\"https:\/\/www.estrepublicain.fr\/education\/2025\/01\/21\/plus-de-250-ans-d-histoire-5-465-etudiants-zoom-sur-le-campus-carnot\" target=\"_blank\" rel=\"nofollow noopener\"> un campus Carnot<\/a> avantageusement transform\u00e9.<\/p>\n<p>Cal\u00e9 depuis toujours entre la rue de la Ravinelle et l\u2019ensemble Carnot\/L\u00e9opold, o\u00f9 <a href=\"https:\/\/www.estrepublicain.fr\/culture-loisirs\/2025\/03\/28\/premiers-sourires-sur-la-foire-attractive-2025-a-nancy\" target=\"_blank\" rel=\"nofollow noopener\">la foire attractive bat actuellement son plein<\/a> , ce campus d\u00e9di\u00e9 principalement au droit, aux sciences \u00e9conomiques et \u00e0 la gestion mais abritant aussi trois laboratoires, une biblioth\u00e8que somptueuse ou encore l\u2019Institut r\u00e9gional du Travail, avait visiblement bien besoin de ce lifting, re\u00e7u pour 7,5M\u20ac d\u2019argent public au total, \u00e9manant de l\u2019\u00c9tat et des collectivit\u00e9s publiques.<\/p>\n<p>  Plus de monde \u00e0 la caf\u00e9t\u2019<\/p>\n<p> Commenc\u00e9s en juillet\u00a02022 apr\u00e8s deux ann\u00e9es pr\u00e9paratoires, entre d\u00e9marches administratives et concours d\u2019architectes, les travaux auront permis de r\u00e9habiliter 2770 m2 de surface tr\u00e8s pr\u00e9cis\u00e9ment, et de construire un b\u00e2timent de liaison de quelque 300 m2. \u00ab\u00a0Cette r\u00e9novation vise aussi \u00e0 permettre aux diff\u00e9rents usagers de mieux se rencontrer\u00a0\u00bb, ajoutait H\u00e9l\u00e8ne Boulanger, \u00ab\u00a0gr\u00e2ce \u00e0 des espaces mutualis\u00e9s.\u00a0\u00bb Des espaces, en l\u2019occurrence, au c\u0153ur d\u2019un vaste ensemble englobant huit b\u00e2timents, dont les plus anciens ont vu le jour au XIX e \u00a0si\u00e8cle.<\/p>\n<p>Nouveaux escaliers, patio paysager, espaces plus fonctionnels et accessibilit\u00e9 am\u00e9lior\u00e9e\u00a0: toutes les conditions sont donc r\u00e9unies, selon la pr\u00e9sidente de l\u2019UL, pour permettre \u00e0 chacun de bien travailler, mais pas que. Les espaces de restauration n\u2019ont en effet pas \u00e9t\u00e9 oubli\u00e9s\u00a0: <a href=\"https:\/\/www.estrepublicain.fr\/education\/2024\/09\/06\/reamenage-le-resto-u-du-cours-leopold-a-ete-inaugure\" target=\"_blank\" rel=\"nofollow noopener\"> la caf\u00e9t\u00e9ria du CROUS, revue et corrig\u00e9e elle aussi,<\/a> semble bien profiter de sa nouvelle configuration. Termin\u00e9e un peu plus t\u00f4t et r\u00e9ceptionn\u00e9e en septembre dernier, elle a d\u00e9j\u00e0 gagn\u00e9 des adeptes, selon le directeur du CROUS Fr\u00e9d\u00e9ric L\u00e9onard. \u00ab\u00a0En trois mois, nous avons servi 900 repas de plus, compar\u00e9 \u00e0 la m\u00eame p\u00e9riode de l\u2019ann\u00e9e derni\u00e8re. Ces travaux auront permis de fluidifier les flux et d\u2019am\u00e9liorer la logistique.\u00a0\u00bb<\/p>\n<p>Une logistique forc\u00e9ment capitale, au restaurant universitaire comme sur le reste du site\u00a0: au fil de l\u2019ann\u00e9e, le campus accueille quelque 5300 \u00e9tudiants et environ 700 personnels, toutes fonctions confondues.<\/p>\n","protected":false},"excerpt":{"rendered":"Selon H\u00e9l\u00e8ne Boulanger, le campus y gagne sur tous les plans\u2026 \u00ab\u00a0Un meilleur confort pour les usagers, une&hellip;\n","protected":false},"author":2,"featured_media":44718,"comment_status":"","ping_status":"","sticky":false,"template":"","format":"standard","meta":{"footnotes":""},"categories":[9635],"tags":[1111,11,1704,1057,4854,1777,674,1011,27,775,1702,1703,12,25],"class_list":{"0":"post-44717","1":"post","2":"type-post","3":"status-publish","4":"format-standard","5":"has-post-thumbnail","7":"category-nancy","8":"tag-actu","9":"tag-actualites","10":"tag-edition-nancy-et-agglomeration","11":"tag-education","12":"tag-enseignement-superieur","13":"tag-eu","14":"tag-europe","15":"tag-fr","16":"tag-france","17":"tag-grand-est","18":"tag-nancy","19":"tag-nancy-ville-54b","20":"tag-news","21":"tag-republique-francaise"},"share_on_mastodon":{"url":"https:\/\/pubeurope.com\/@fr\/114383267039070435","error":""},"_links":{"self":[{"href":"https:\/\/www.europesays.com\/fr\/wp-json\/wp\/v2\/posts\/44717","targetHints":{"allow":["GET"]}}],"collection":[{"href":"https:\/\/www.europesays.com\/fr\/wp-json\/wp\/v2\/posts"}],"about":[{"href":"https:\/\/www.europesays.com\/fr\/wp-json\/wp\/v2\/types\/post"}],"author":[{"embeddable":true,"href":"https:\/\/www.europesays.com\/fr\/wp-json\/wp\/v2\/users\/2"}],"replies":[{"embeddable":true,"href":"https:\/\/www.europesays.com\/fr\/wp-json\/wp\/v2\/comments?post=44717"}],"version-history":[{"count":0,"href":"https:\/\/www.europesays.com\/fr\/wp-json\/wp\/v2\/posts\/44717\/revisions"}],"wp:featuredmedia":[{"embeddable":true,"href":"https:\/\/www.europesays.com\/fr\/wp-json\/wp\/v2\/media\/44718"}],"wp:attachment":[{"href":"https:\/\/www.europesays.com\/fr\/wp-json\/wp\/v2\/media?parent=44717"}],"wp:term":[{"taxonomy":"category","embeddable":true,"href":"https:\/\/www.europesays.com\/fr\/wp-json\/wp\/v2\/categories?post=44717"},{"taxonomy":"post_tag","embeddable":true,"href":"https:\/\/www.europesays.com\/fr\/wp-json\/wp\/v2\/tags?post=44717"}],"curies":[{"name":"wp","href":"https:\/\/api.w.org\/{rel}","templated":true}]}}