{"id":447174,"date":"2025-10-08T09:57:12","date_gmt":"2025-10-08T09:57:12","guid":{"rendered":"https:\/\/www.europesays.com\/fr\/447174\/"},"modified":"2025-10-08T09:57:12","modified_gmt":"2025-10-08T09:57:12","slug":"chaque-enqueteur-gere-environ-300-dossiers","status":"publish","type":"post","link":"https:\/\/www.europesays.com\/fr\/447174\/","title":{"rendered":"chaque enqu\u00eateur g\u00e8re environ 300 dossiers"},"content":{"rendered":"<p>            Par<br \/>\n        <strong><br \/>\n            <a href=\"https:\/\/actu.fr\/auteur\/jm-aubert\" title=\"Consulter tous les articles de Jean-Marc Aubert\" target=\"_blank\" rel=\"noopener\">Jean-Marc Aubert<\/a><br \/>\n        <\/strong><\/p>\n<p>        Publi\u00e9 le<\/p>\n<p>            8 oct. 2025 \u00e0 11h02<br \/>\n        ; mis \u00e0 jour le 8 oct. 2025 \u00e0 11h45    <\/p>\n<p>Spectaculaire et inattendue : le <strong>syndicat Un1t\u00e9<\/strong> a lanc\u00e9 une action de tractage ce mercredi 8 octobre 2025, \u00e0 10h30 \u00e0 <strong>Montpellier,<\/strong> dans le cadre d\u2019une op\u00e9ration nationale, pour d\u00e9noncer la crise qui frappe les services d\u2019enqu\u00eate. Objectif : <strong>alerter les citoyens sur cette situation critique<\/strong> qui retarde, voire paralyse le d\u00e9roulement \u00a0normal de proc\u00e9dures judiciaires. Ces policiers en col\u00e8re ont commenc\u00e9 leur pr\u00e9sence sur la voie publique devant la gare SNCF Saint-Roch, puis sur la place de la Com\u00e9die, avant de se rendre sur les marches de l\u2019ancien palais de justice abritant la cour d\u2019appel, rue Foch, en passant devant la pr\u00e9fecture de l\u2019H\u00e9rault.<\/p>\n<p>    <a href=\"https:\/\/www.google.com\/maps\/embed?pb=!1m18!1m12!1m3!1d4858.939279219187!2d3.8783384073060043!3d43.60357031853006!2m3!1f0!2f0!3f0!3m2!1i1024!2i768!4f13.1!3m3!1m2!1s0x12b6af1f2b86d625%3A0xe60e13888646d3ab!2sGare%20de%20Montpellier%20Saint%20Roch!5e0!3m2!1sfr!2sfr!4v1759905558921!5m2!1sfr!2sfr\" title=\"Ouvrie le lien\" target=\"_blank\" rel=\"noopener\">Cliquez ici pour visualiser le contenu<\/a><\/p>\n<p class=\" wall-content\">\u00ab\u00a0Au commissariat central de Montpellier, chaque enqu\u00eateur du Service local de police judiciaire, le Slpj, g\u00e8re environ 300 dossiers, c\u2019est inadmissible. La priorit\u00e9 est donn\u00e9e aux affaires urgentes et prioritaires notamment lorsque ces policiers h\u00e9ritent de dossiers durant leur permanence du week-end et des jours f\u00e9ri\u00e9s et du coup, ils sont dans l\u2019incapacit\u00e9 de traiter ceux qui \u00a0s\u2019empilent depuis deux, voire plus de trois ans, des proc\u00e9dures anciennes o\u00f9 il faut poursuivre les investigations par des convocations de personnes et leur audition, faute de temps pour les mener \u00e0 leur terme. Ces dossiers doivent \u00eatre remis soit au procureur de la R\u00e9publique, soit \u00e0 des juges d\u2019instruction.\u00a0Double lenteur donc dans la machine polici\u00e8re et judiciaire qui est gripp\u00e9e, la crise est profonde et n\u2019est pas r\u00e9gl\u00e9e en d\u00e9pit de nos alertes r\u00e9guli\u00e8res au minist\u00e8re de l\u2019Int\u00e9rieur\u00a0\u00bb, analyse\u00a0<strong>Bruno Bartoccetti,<\/strong> le d\u00e9l\u00e9gu\u00e9 d\u2019Unit\u00e9 de la zone sud, bas\u00e9 \u00e0 Montpellier.<\/p>\n<p>    <img   decoding=\"async\" loading=\"lazy\" src=\"https:\/\/www.europesays.com\/fr\/wp-content\/uploads\/2025\/10\/nzmzndu4ztatodayms00ngm3lwiymmytmtvjowqyytrhnwu1-dgpn-sicop-policier-brassard-1200px-960x576.jpg\" alt=\"Un enqu\u00eateur d'un service d'investigation sur le terrain. Ces policiers sont au bout du rouleau \" width=\"960\" height=\"576\"\/><br \/>\n    Un enqu\u00eateur d\u2019un service d\u2019investigation sur le terrain. Ces policiers sont au bout du rouleau (\u00a9Sicop)Policiers au bout du rouleau<\/p>\n<p class=\" wall-content\"><strong>M\u00e9tropolitain<\/strong> a r\u00e9v\u00e9l\u00e9 en mars dernier cette <a href=\"https:\/\/actu.fr\/occitanie\/montpellier_34172\/herault-crise-dans-les-services-d-enquete-de-police-des-actions-annoncees-par-le-syndicat-un1te_62323399.html\" target=\"_blank\" rel=\"noopener\">grave situation \u00e0 la direction interd\u00e9partementale de la police nationale de l\u2019H\u00e9rault<\/a> -DIPN 34- et \u00e9voqu\u00e9 que les enqu\u00eateurs du Service interd\u00e9partemental de la police judiciaire de Montpellier, le Slpj, rattach\u00e9s \u00e0 la DIPN sont \u00e9galement mal lotis. Dans ces unit\u00e9s de terrain, les policiers ne comptent plus leurs heures, diurnes et nocturnes, notamment dans les lourdes affaires de <strong>narcotrafic<\/strong>, demandant des surveillances, des planques, des filatures, des perquisitions et des gardes \u00e0 vue pouvant atteindre 96h. Alors que la lutte contre les narcotrafiquants arm\u00e9s jusqu\u2019aux dents constitue une priorit\u00e9 du ministre de l\u2019int\u00e9rieur -d\u00e9missionnaire en pleine crise politique- la mission de ces femmes et de ces hommes qui les traquent devient quasiment impossible. Constat d\u2019Un1t\u00e9 : \u00ab\u00a0les moyens ne sont plus \u00e0 la hauteur de cette criminalit\u00e9 organis\u00e9e et dangereuse\u00a0\u00bb.<\/p>\n<p>    <img   decoding=\"async\" loading=\"lazy\" src=\"https:\/\/www.europesays.com\/fr\/wp-content\/uploads\/2025\/10\/0-93-5-960x640.jpeg\" alt=\"\u00c0 gauche, Bruno Mengibar d\u00e9l\u00e9gu\u00e9 d'Un1t\u00e9 Police 34 devant la gare SNCF Saint-Roch\" width=\"960\" height=\"640\"\/><br \/>\n    \u00c0 gauche, Bruno Mengibar d\u00e9l\u00e9gu\u00e9 d\u2019Un1t\u00e9 Police 34 devant la gare SNCF Saint-Roch (\u00a9M\u00e9tropolitain)Vid\u00e9os : en ce moment sur Actu<\/p>\n<p class=\" wall-content\">Autre r\u00e9alit\u00e9 qui inqui\u00e8te : \u00ab\u00a0au Slpj de Montpellier, en raison de ce travail acharn\u00e9 au quotidien, de nombreux enqu\u00eateurs us\u00e9s et au bout du rouleau sont en arr\u00eat-maladie et leur absence se ressent sur son bon fonctionnement. Et les Slpj des commissariats de B\u00e9ziers, Agde et S\u00e8te sont log\u00e9s \u00e0 la m\u00eame enseigne, car ils sont \u00e9galement en manque cruel de personnel charg\u00e9 des investigations\u00a0\u00bb, assurent Bruno Bartoccetti et Bruno Mengibar, d\u00e9l\u00e9gu\u00e9 d\u2019Un1t\u00e9 de l\u2019H\u00e9rault.<\/p>\n<p>Votre r\u00e9gion, votre actu !<\/p>\n<p>Recevez chaque jour les infos qui comptent pour vous.<\/p>\n<p>\t<a href=\"https:\/\/actu.fr\/newsletter\" class=\"ac-btn ac-btn--corner ac-btn--medium ac-btn--blue800\" target=\"_blank\" rel=\"noopener\">S&rsquo;incrire<\/a><\/p>\n<p class=\" wall-content\">Les deux responsables syndicaux d\u00e9noncent, par ailleurs, que les renforts du minist\u00e8re de l\u2019Int\u00e9rieur des policiers obtenus dans le d\u00e9partement le 1er septembre dernier sont nettement insuffisants : sur les 60, seuls 35 sont op\u00e9rationnels, notamment en raison de d\u00e9parts \u00e0 la retraite\u00a0\u00bb.\u00a0\u00a0Sous le slogan \u00ab\u00a0Victimes abandonn\u00e9es, et si c\u2019\u00e9tait vous\u00a0?\u00a0\u00bb, ces policiers crient leur col\u00e8re sur ce manque criant d\u2019enqu\u00eateurs qui perdure et des moyens jug\u00e9s obsol\u00e8tes, r\u00e9clamant<strong> un plan d\u2019urgence<\/strong> coupl\u00e9 \u00e0 une r\u00e9forme structurelle du traitement des enqu\u00eates.\u00a0\u00ab\u00a0Sans enqu\u00eate, pas de justice, sans justice, le chaos menace\u00a0\u00bb insiste Un1t\u00e9.<\/p>\n<p class=\" wall-content\">\n<p class=\" wall-content\">\u00ab\u00a0La population est victime de nos difficult\u00e9s \u00e0 couvrir les proc\u00e9dures dans les d\u00e9lais, avec des cons\u00e9quences inqui\u00e9tantes : certains dossiers sont frapp\u00e9s de prescription. Ce n\u2019est plus supportable pour le citoyen, ni pour l\u2019enqu\u00eateur. Nous demandons des moyens suppl\u00e9mentaires et un indemnitaire \u00e0 la hauteur pour encourager les policiers \u00e0 se diriger vers les services de l\u2019investigation, de moins en moins choisi par ceux qui sortent des \u00e9coles de police\u00a0\u00bb, souligne Bruno Bartoccetti.<\/p>\n<p class=\" wall-content\">Selon le syndicat, la r\u00e9alit\u00e9 dans l\u2019H\u00e9rault est identique \u00e0 celle du territoire avec \u00ab\u00a0plus de trois millions de proc\u00e9dures judiciaires en souffrance, car en attente de traitement \u00e0 l\u2019\u00e9chelle nationale, avec au moins 2\u00a0000 enqu\u00eateurs qui manqueraient \u00e0 l\u2019appel pour faire face aux besoins, sans compter des outils informatiques obsol\u00e8tes, des proc\u00e9dures toujours plus contraignantes et une charge de travail devenue insoutenable\u00a0\u00bb.<\/p>\n<p class=\" wall-content\">Cette action des policiers survient en pleine crise politique au sommet de l\u2019\u00c9tat : \u00ab\u00a0Peu importe la composition du prochain gouvernement, nous ne sommes pas l\u00e0 pour f\u00e9liciter les nouvelles fonctions du Premier ministre et des ministres nomm\u00e9s, mais bel et bien pour exiger une reconnaissance de notre m\u00e9tier\u00a0\u00bb, pr\u00e9viennent d\u2019une seule voix Bruno Bartoccetti et Bruno Mengibar. Ce mercredi matin, cette action in\u00e9dite de distribution de flyers n\u2019est pas pass\u00e9e inaper\u00e7ue dans les rues de Montpellier.<\/p>\n<p class=\" wall-content\">Personnalisez votre actualit\u00e9 en ajoutant vos villes et m\u00e9dias en favori avec <a href=\"https:\/\/moncompte.actu.fr\" title=\"D\u00e9couvez Mon Actu\" rel=\"nofollow noopener\" data-trk=\"{&quot;cta&quot;:{&quot;action&quot;:&quot;https:\\\/\\\/moncompte.actu.fr&quot;,&quot;category&quot;:&quot;mon compte&quot;,&quot;from&quot;:&quot;article footer&quot;,&quot;name&quot;:&quot;Mon actu&quot;,&quot;type&quot;:&quot;cta&quot;}}\" target=\"_blank\">Mon Actu<\/a>.<\/p>\n","protected":false},"excerpt":{"rendered":"Par Jean-Marc Aubert Publi\u00e9 le 8 oct. 2025 \u00e0 11h02 ; mis \u00e0 jour le 8 oct. 2025&hellip;\n","protected":false},"author":2,"featured_media":447175,"comment_status":"","ping_status":"","sticky":false,"template":"","format":"standard","meta":{"footnotes":""},"categories":[9599],"tags":[1111,11,1777,674,118,1011,27,2208,12,2680,1072,25,3427],"class_list":{"0":"post-447174","1":"post","2":"type-post","3":"status-publish","4":"format-standard","5":"has-post-thumbnail","7":"category-montpellier","8":"tag-actu","9":"tag-actualites","10":"tag-eu","11":"tag-europe","12":"tag-faits-divers","13":"tag-fr","14":"tag-france","15":"tag-montpellier","16":"tag-news","17":"tag-occitanie","18":"tag-police","19":"tag-republique-francaise","20":"tag-syndicats"},"share_on_mastodon":{"url":"https:\/\/pubeurope.com\/@fr\/115337956516652729","error":""},"_links":{"self":[{"href":"https:\/\/www.europesays.com\/fr\/wp-json\/wp\/v2\/posts\/447174","targetHints":{"allow":["GET"]}}],"collection":[{"href":"https:\/\/www.europesays.com\/fr\/wp-json\/wp\/v2\/posts"}],"about":[{"href":"https:\/\/www.europesays.com\/fr\/wp-json\/wp\/v2\/types\/post"}],"author":[{"embeddable":true,"href":"https:\/\/www.europesays.com\/fr\/wp-json\/wp\/v2\/users\/2"}],"replies":[{"embeddable":true,"href":"https:\/\/www.europesays.com\/fr\/wp-json\/wp\/v2\/comments?post=447174"}],"version-history":[{"count":0,"href":"https:\/\/www.europesays.com\/fr\/wp-json\/wp\/v2\/posts\/447174\/revisions"}],"wp:featuredmedia":[{"embeddable":true,"href":"https:\/\/www.europesays.com\/fr\/wp-json\/wp\/v2\/media\/447175"}],"wp:attachment":[{"href":"https:\/\/www.europesays.com\/fr\/wp-json\/wp\/v2\/media?parent=447174"}],"wp:term":[{"taxonomy":"category","embeddable":true,"href":"https:\/\/www.europesays.com\/fr\/wp-json\/wp\/v2\/categories?post=447174"},{"taxonomy":"post_tag","embeddable":true,"href":"https:\/\/www.europesays.com\/fr\/wp-json\/wp\/v2\/tags?post=447174"}],"curies":[{"name":"wp","href":"https:\/\/api.w.org\/{rel}","templated":true}]}}