{"id":447180,"date":"2025-10-08T10:00:11","date_gmt":"2025-10-08T10:00:11","guid":{"rendered":"https:\/\/www.europesays.com\/fr\/447180\/"},"modified":"2025-10-08T10:00:11","modified_gmt":"2025-10-08T10:00:11","slug":"en-pleine-rue-a-rouen-il-se-prepare-un-rail-de-ketamine-sous-les-yeux-des-policiers","status":"publish","type":"post","link":"https:\/\/www.europesays.com\/fr\/447180\/","title":{"rendered":"En pleine rue \u00e0 Rouen, il se pr\u00e9pare un rail de k\u00e9tamine&#8230; sous les yeux des policiers"},"content":{"rendered":"<p>            Par<br \/>\n        <strong><br \/>\n            <a href=\"https:\/\/actu.fr\/auteur\/adrien-filoche\" title=\"Consulter tous les articles de Adrien Filoche\" target=\"_blank\" rel=\"noopener\">Adrien Filoche<\/a><br \/>\n        <\/strong><\/p>\n<p>        Publi\u00e9 le<\/p>\n<p>            8 oct. 2025 \u00e0 11h50        <\/p>\n<p>Un homme de 32 ans a \u00e9t\u00e9 interpell\u00e9 le mercredi 8 octobre 2025 en pleine nuit sur la commune de <a href=\"https:\/\/actu.fr\/normandie\/rouen_76540\" target=\"_blank\" rel=\"noopener\">Rouen (Seine-Maritime)<\/a>. Il a \u00e9t\u00e9 surpris par des policiers en train de <strong>consommer de la drogue sur la voie publique<\/strong>, en l\u2019occurrence de <strong>la k\u00e9tamine.<\/strong><\/p>\n<p>\u00ab Un trait de poudre blanch\u00e2tre sur son t\u00e9l\u00e9phone \u00bb<\/p>\n<p class=\" wall-content\">Il est 1h40 lorsque des policiers en patrouille dans le centre-ville au niveau de la place de la Basse Veille Tour aper\u00e7oivent plusieurs hommes au niveau d\u2019un escalier. Selon une source polici\u00e8re, ces derniers \u00ab\u00a0se pr\u00e9parent \u00e0 la consommation de stup\u00e9fiants\u00a0\u00bb.<\/p>\n<p class=\" wall-content\">Les agents interviennent et remarquent un individu en train de \u00ab\u00a0se confectionner \u00e0 l\u2019aide d\u2019une carte un trait de poudre blanch\u00e2tre sur son t\u00e9l\u00e9phone\u00a0\u00bb. Lorsqu\u2019il aper\u00e7oit les forces de l\u2019ordre, il donne dans la panique un coup sur son t\u00e9l\u00e9phone et \u00e9parpille la poudre.\u00a0<\/p>\n<p class=\" wall-content\">Finalement, il accepte de remettre un sachet contenant de la k\u00e9tamine. \u00c2g\u00e9 de 32 ans, il est interpell\u00e9 et ramen\u00e9 \u00e0 l\u2019h\u00f4tel de police.\u00a0<\/p>\n<p>Suivez l\u2019actualit\u00e9 de Rouen sur <a href=\"https:\/\/www.whatsapp.com\/channel\/0029VaKfnf99hXF2ddApFB1D\" target=\"_blank\" rel=\"noopener\">notre cha\u00eene WhatsApp<\/a> et sur <a href=\"https:\/\/www.tiktok.com\/@76actu.fr?lang=fr\" target=\"_blank\" rel=\"noopener\">notre compte TikTok<\/a><\/p>\n<p class=\" wall-content\">Personnalisez votre actualit\u00e9 en ajoutant vos villes et m\u00e9dias en favori avec <a href=\"https:\/\/moncompte.actu.fr\" title=\"D\u00e9couvez Mon Actu\" rel=\"nofollow noopener\" data-trk=\"{&quot;cta&quot;:{&quot;action&quot;:&quot;https:\\\/\\\/moncompte.actu.fr&quot;,&quot;category&quot;:&quot;mon compte&quot;,&quot;from&quot;:&quot;article footer&quot;,&quot;name&quot;:&quot;Mon actu&quot;,&quot;type&quot;:&quot;cta&quot;}}\" target=\"_blank\">Mon Actu<\/a>.<\/p>\n<p>                    <script async src=\"\/\/www.tiktok.com\/embed.js\"><\/script><\/p>\n","protected":false},"excerpt":{"rendered":"Par Adrien Filoche Publi\u00e9 le 8 oct. 2025 \u00e0 11h50 Un homme de 32 ans a \u00e9t\u00e9 interpell\u00e9&hellip;\n","protected":false},"author":2,"featured_media":447181,"comment_status":"","ping_status":"","sticky":false,"template":"","format":"standard","meta":{"footnotes":""},"categories":[9587],"tags":[1111,11,1052,1777,674,118,1011,27,12,5161,1072,25,9590],"class_list":{"0":"post-447180","1":"post","2":"type-post","3":"status-publish","4":"format-standard","5":"has-post-thumbnail","7":"category-rouen","8":"tag-actu","9":"tag-actualites","10":"tag-drogue","11":"tag-eu","12":"tag-europe","13":"tag-faits-divers","14":"tag-fr","15":"tag-france","16":"tag-news","17":"tag-normandie","18":"tag-police","19":"tag-republique-francaise","20":"tag-rouen"},"share_on_mastodon":{"url":"https:\/\/pubeurope.com\/@fr\/115337967906614084","error":""},"_links":{"self":[{"href":"https:\/\/www.europesays.com\/fr\/wp-json\/wp\/v2\/posts\/447180","targetHints":{"allow":["GET"]}}],"collection":[{"href":"https:\/\/www.europesays.com\/fr\/wp-json\/wp\/v2\/posts"}],"about":[{"href":"https:\/\/www.europesays.com\/fr\/wp-json\/wp\/v2\/types\/post"}],"author":[{"embeddable":true,"href":"https:\/\/www.europesays.com\/fr\/wp-json\/wp\/v2\/users\/2"}],"replies":[{"embeddable":true,"href":"https:\/\/www.europesays.com\/fr\/wp-json\/wp\/v2\/comments?post=447180"}],"version-history":[{"count":0,"href":"https:\/\/www.europesays.com\/fr\/wp-json\/wp\/v2\/posts\/447180\/revisions"}],"wp:featuredmedia":[{"embeddable":true,"href":"https:\/\/www.europesays.com\/fr\/wp-json\/wp\/v2\/media\/447181"}],"wp:attachment":[{"href":"https:\/\/www.europesays.com\/fr\/wp-json\/wp\/v2\/media?parent=447180"}],"wp:term":[{"taxonomy":"category","embeddable":true,"href":"https:\/\/www.europesays.com\/fr\/wp-json\/wp\/v2\/categories?post=447180"},{"taxonomy":"post_tag","embeddable":true,"href":"https:\/\/www.europesays.com\/fr\/wp-json\/wp\/v2\/tags?post=447180"}],"curies":[{"name":"wp","href":"https:\/\/api.w.org\/{rel}","templated":true}]}}