{"id":447182,"date":"2025-10-08T10:02:20","date_gmt":"2025-10-08T10:02:20","guid":{"rendered":"https:\/\/www.europesays.com\/fr\/447182\/"},"modified":"2025-10-08T10:02:20","modified_gmt":"2025-10-08T10:02:20","slug":"qui-en-veut-aux-etablissements-de-grenoble","status":"publish","type":"post","link":"https:\/\/www.europesays.com\/fr\/447182\/","title":{"rendered":"qui en veut aux \u00e9tablissements de Grenoble ?"},"content":{"rendered":"<p itemprop=\"description\"><strong>Et de trois.<\/strong><\/p>\n<p>La s\u00e9rie est inqui\u00e9tante, et si aucun lien n&rsquo;est pour le moment \u00e9tabli, les enqu\u00eateurs grenoblois prennent les affaires tr\u00e8s au s\u00e9rieux.<\/p>\n<p>Car dans la nuit de dimanche \u00e0 lundi, un nouveau bar a \u00e9t\u00e9 victime d&rsquo;une tentative d&rsquo;incendie. Apr\u00e8s Le Monkey&rsquo;s Caf\u00e9 et Le Madness la semaine derni\u00e8re, c&rsquo;est au tour du Bar des Br\u00e4u, 3 rue Millet, d&rsquo;avoir \u00e9t\u00e9 cibl\u00e9 par un individu arriv\u00e9 sur place en trottinette.<\/p>\n<p>Selon le Dauphin\u00e9 Lib\u00e9r\u00e9, l&rsquo;homme a cass\u00e9 la vitre de l&rsquo;\u00e9tablissement avant de jeter une sorte de cocktail Molotov \u00e0 l&rsquo;int\u00e9rieur. Ce dernier s&rsquo;est toutefois rapidement \u00e9teint tout seul, n&rsquo;occasionnant pas de d\u00e9part de feu.<\/p>\n<p>La police tente donc d&rsquo;identifier ce pyromane, et ainsi pouvoir d\u00e9terminer s&rsquo;il s&rsquo;agit d&rsquo;un seul ou m\u00eame homme qui fait trembler les bars de Grenoble.<\/p>\n","protected":false},"excerpt":{"rendered":"Et de trois. La s\u00e9rie est inqui\u00e9tante, et si aucun lien n&rsquo;est pour le moment \u00e9tabli, les enqu\u00eateurs&hellip;\n","protected":false},"author":2,"featured_media":447183,"comment_status":"","ping_status":"","sticky":false,"template":"","format":"standard","meta":{"footnotes":""},"categories":[9566],"tags":[1111,11,7733,8279,2430,7736,650,7734,2889,2263,1777,674,1011,27,2731,8280,6417,1114,108,4662,12,3725,1825,25,7737],"class_list":{"0":"post-447182","1":"post","2":"type-post","3":"status-publish","4":"format-standard","5":"has-post-thumbnail","7":"category-grenoble","8":"tag-actu","9":"tag-actualites","10":"tag-alpes","11":"tag-alpes1","12":"tag-auvergne-rhone-alpes","13":"tag-cds","14":"tag-cinema","15":"tag-ecoute","16":"tag-emission","17":"tag-equipe","18":"tag-eu","19":"tag-europe","20":"tag-fr","21":"tag-france","22":"tag-grenoble","23":"tag-haute","24":"tag-information","25":"tag-infos","26":"tag-isere","27":"tag-journal","28":"tag-news","29":"tag-podcast","30":"tag-radio","31":"tag-republique-francaise","32":"tag-winamp"},"share_on_mastodon":{"url":"https:\/\/pubeurope.com\/@fr\/115337975940946770","error":""},"_links":{"self":[{"href":"https:\/\/www.europesays.com\/fr\/wp-json\/wp\/v2\/posts\/447182","targetHints":{"allow":["GET"]}}],"collection":[{"href":"https:\/\/www.europesays.com\/fr\/wp-json\/wp\/v2\/posts"}],"about":[{"href":"https:\/\/www.europesays.com\/fr\/wp-json\/wp\/v2\/types\/post"}],"author":[{"embeddable":true,"href":"https:\/\/www.europesays.com\/fr\/wp-json\/wp\/v2\/users\/2"}],"replies":[{"embeddable":true,"href":"https:\/\/www.europesays.com\/fr\/wp-json\/wp\/v2\/comments?post=447182"}],"version-history":[{"count":0,"href":"https:\/\/www.europesays.com\/fr\/wp-json\/wp\/v2\/posts\/447182\/revisions"}],"wp:featuredmedia":[{"embeddable":true,"href":"https:\/\/www.europesays.com\/fr\/wp-json\/wp\/v2\/media\/447183"}],"wp:attachment":[{"href":"https:\/\/www.europesays.com\/fr\/wp-json\/wp\/v2\/media?parent=447182"}],"wp:term":[{"taxonomy":"category","embeddable":true,"href":"https:\/\/www.europesays.com\/fr\/wp-json\/wp\/v2\/categories?post=447182"},{"taxonomy":"post_tag","embeddable":true,"href":"https:\/\/www.europesays.com\/fr\/wp-json\/wp\/v2\/tags?post=447182"}],"curies":[{"name":"wp","href":"https:\/\/api.w.org\/{rel}","templated":true}]}}