{"id":447184,"date":"2025-10-08T10:03:11","date_gmt":"2025-10-08T10:03:11","guid":{"rendered":"https:\/\/www.europesays.com\/fr\/447184\/"},"modified":"2025-10-08T10:03:11","modified_gmt":"2025-10-08T10:03:11","slug":"transferts-pro-d2-jeff-dubois-en-route-vers-grenoble","status":"publish","type":"post","link":"https:\/\/www.europesays.com\/fr\/447184\/","title":{"rendered":"Transferts. Pro D2 &#8211; Jeff Dubois en route vers Grenoble"},"content":{"rendered":"<p>\n                Sans club depuis son d\u00e9part de Dax cet \u00e9t\u00e9, Jeff Dubois a donn\u00e9 son accord pour devenir entra\u00eeneur de Grenoble, qui doit d\u00e9sormais acter officiellement la fin de mission de Nicolas Nadau.\n            <\/p>\n<p>Jeff Dubois \u00e0 Grenoble, c\u2019est imminent. Sans club depuis cet \u00e9t\u00e9 et son d\u00e9part de Dax, le technicien doit s\u2019engager dans les toutes prochaines heures en Is\u00e8re, o\u00f9 il va devenir entra\u00eeneur principal du FCG. Nous \u00e9voquions dans notre \u00e9dition de lundi les contacts entre les diff\u00e9rentes parties, mais elles ont trouv\u00e9 un accord ces derni\u00e8res heures.<\/p>\n<p>Son arriv\u00e9e va se faire dans un contexte un brin tendu puisqu\u2019au pied des Alpes, la semaine pass\u00e9e a \u00e9t\u00e9 marqu\u00e9e par la mise \u00e0 pied de Nicolas Nadau, apr\u00e8s ses propos \u00e0 l\u2019encontre du m\u00e9decin du club lors de la rencontre opposant Grenoble \u00e0 Brive.<br \/>Tr\u00e8s vite, les joueurs de Grenoble, attach\u00e9s \u00e0 leur entra\u00eeneur, avaient menac\u00e9 de ne pas participer \u00e0 la rencontre face \u00e0 Provence, vendredi dernier, avant de finalement se r\u00e9tracter. En parall\u00e8le, Nicolas Nadau \u00e9tait re\u00e7u par sa direction en fin de semaine derni\u00e8re, dans le cadre de la proc\u00e9dure l\u00e9gale suivant sa mise \u00e0 pied. Les r\u00e9unions se sont ensuite poursuivies du c\u00f4t\u00e9 de Grenoble et la direction a finalement tranch\u00e9.<\/p>\n<p>Un contrat 2+1<\/p>\n<p>Dans les prochaines heures, Patrick Goffi doit indiquer \u00e0 Nicolas Nadau la fin de sa mission en tant qu\u2019entra\u00eeneur du FCG, les modalit\u00e9s administratives n\u2019\u00e9tant, \u00e0 ce jour, pas encore r\u00e9gl\u00e9es. Son rempla\u00e7ant, Jeff Dubois, doit s\u2019engager pour les deux prochaines saisons (plus une ann\u00e9e en option).<br \/>Contact\u00e9, ce mercredi, en fin de matin\u00e9e, le pr\u00e9sident Patrick Goffi d\u00e9ment l\u2019information, mais l\u2019officialisation devrait intervenir dans les prochains jours. Fin connaisseur du Pro D2, Jeff Dubois va donc retrouver un nouveau club dans la division, apr\u00e8s des passages \u00e0 Montauban (2018-2020), Bayonne (2021-2022) et Dax (2022-2025).<br \/>Apr\u00e8s avoir emmen\u00e9 l\u2019US Dax en phase finale de Pro D2, sur la saison 2023-2024, il avait connu un second exercice plus compliqu\u00e9 et avait \u00e9t\u00e9 pouss\u00e9 vers la sortie par la direction du club, en fin de saison derni\u00e8re.<\/p>\n","protected":false},"excerpt":{"rendered":"Sans club depuis son d\u00e9part de Dax cet \u00e9t\u00e9, Jeff Dubois a donn\u00e9 son accord pour devenir entra\u00eeneur&hellip;\n","protected":false},"author":2,"featured_media":447185,"comment_status":"","ping_status":"","sticky":false,"template":"","format":"standard","meta":{"footnotes":""},"categories":[9566],"tags":[1111,11,2430,1777,674,1011,27,2731,12,25],"class_list":{"0":"post-447184","1":"post","2":"type-post","3":"status-publish","4":"format-standard","5":"has-post-thumbnail","7":"category-grenoble","8":"tag-actu","9":"tag-actualites","10":"tag-auvergne-rhone-alpes","11":"tag-eu","12":"tag-europe","13":"tag-fr","14":"tag-france","15":"tag-grenoble","16":"tag-news","17":"tag-republique-francaise"},"share_on_mastodon":{"url":"https:\/\/pubeurope.com\/@fr\/115337980360218410","error":""},"_links":{"self":[{"href":"https:\/\/www.europesays.com\/fr\/wp-json\/wp\/v2\/posts\/447184","targetHints":{"allow":["GET"]}}],"collection":[{"href":"https:\/\/www.europesays.com\/fr\/wp-json\/wp\/v2\/posts"}],"about":[{"href":"https:\/\/www.europesays.com\/fr\/wp-json\/wp\/v2\/types\/post"}],"author":[{"embeddable":true,"href":"https:\/\/www.europesays.com\/fr\/wp-json\/wp\/v2\/users\/2"}],"replies":[{"embeddable":true,"href":"https:\/\/www.europesays.com\/fr\/wp-json\/wp\/v2\/comments?post=447184"}],"version-history":[{"count":0,"href":"https:\/\/www.europesays.com\/fr\/wp-json\/wp\/v2\/posts\/447184\/revisions"}],"wp:featuredmedia":[{"embeddable":true,"href":"https:\/\/www.europesays.com\/fr\/wp-json\/wp\/v2\/media\/447185"}],"wp:attachment":[{"href":"https:\/\/www.europesays.com\/fr\/wp-json\/wp\/v2\/media?parent=447184"}],"wp:term":[{"taxonomy":"category","embeddable":true,"href":"https:\/\/www.europesays.com\/fr\/wp-json\/wp\/v2\/categories?post=447184"},{"taxonomy":"post_tag","embeddable":true,"href":"https:\/\/www.europesays.com\/fr\/wp-json\/wp\/v2\/tags?post=447184"}],"curies":[{"name":"wp","href":"https:\/\/api.w.org\/{rel}","templated":true}]}}