{"id":447190,"date":"2025-10-08T10:06:18","date_gmt":"2025-10-08T10:06:18","guid":{"rendered":"https:\/\/www.europesays.com\/fr\/447190\/"},"modified":"2025-10-08T10:06:18","modified_gmt":"2025-10-08T10:06:18","slug":"loktoberfest-sinstalle-place-de-zurich-ce-week-end-voici-le-programme","status":"publish","type":"post","link":"https:\/\/www.europesays.com\/fr\/447190\/","title":{"rendered":"l&rsquo;Oktoberfest s&rsquo;installe place de Zurich ce week-end, voici le programme"},"content":{"rendered":"<p>            Par<br \/>\n        <strong><br \/>\n            <a href=\"https:\/\/actu.fr\/auteur\/ivan-capecchi\" title=\"Consulter tous les articles de Ivan CAPECCHI\" target=\"_blank\" rel=\"noopener\">Ivan CAPECCHI<\/a><br \/>\n        <\/strong><\/p>\n<p>        Publi\u00e9 le<\/p>\n<p>            8 oct. 2025 \u00e0 9h59        <\/p>\n<p>Tout ce week-end, la <strong>place de Zurich<\/strong> \u00e0 <strong>Strasbourg<\/strong> accueillera l\u2019<strong>OFFtoberFest<\/strong>, une f\u00eate inspir\u00e9e de l\u2019<a href=\"https:\/\/actu.fr\/tag\/oktoberfest\" target=\"_blank\" rel=\"noopener\">Oktoberfest<\/a>, vou\u00e9e \u00e0 symboliser l\u2019amiti\u00e9 franco-allemande.<\/p>\n<p>Bi\u00e8res et street food \u00e0 l\u2019honneur<\/p>\n<p class=\" wall-content\">\u00c0 cette occasion, vous pourrez d\u00e9guster des bi\u00e8res bien s\u00fbr (<strong>Meteor<\/strong> pour la France et <strong>Dinkelacker<\/strong> pour l\u2019<a href=\"https:\/\/actu.fr\/tag\/allemagne\" target=\"_blank\" rel=\"noopener\">Allemagne<\/a>), mais aussi une <strong>offre compl\u00e8te de street food<\/strong>\u2009: des schnitzels, des currywursts, du k\u00e4sekuchen, des dampfnudeln, des sp\u00e4tzle, des tartes flamb\u00e9es, des bretzels et autres knacks et saucisses blanches.<\/p>\n<p class=\" wall-content\">Samedi \u00e0 partir de 18h, aura lieu une <strong>Schlager party<\/strong>, une soir\u00e9e festive o\u00f9 l\u2019on danse et chante sur des tubes populaires allemands au style entra\u00eenant, souvent kitsch et convivial.<\/p>\n<p>OFFtoberFest<br \/>Place de Zurich<br \/>Samedi, de 11h \u00e0 22h \/ Schlager party \u00e0 partir de 18h<br \/>Dimanche, de 11h \u00e0 20h<br \/>Acc\u00e8s gratuit mais d\u00e9gustations payantes<\/p>\n<p class=\" wall-content\">Personnalisez votre actualit\u00e9 en ajoutant vos villes et m\u00e9dias en favori avec <a href=\"https:\/\/moncompte.actu.fr\" title=\"D\u00e9couvez Mon Actu\" rel=\"nofollow noopener\" data-trk=\"{&quot;cta&quot;:{&quot;action&quot;:&quot;https:\\\/\\\/moncompte.actu.fr&quot;,&quot;category&quot;:&quot;mon compte&quot;,&quot;from&quot;:&quot;article footer&quot;,&quot;name&quot;:&quot;Mon actu&quot;,&quot;type&quot;:&quot;cta&quot;}}\" target=\"_blank\">Mon Actu<\/a>.<\/p>\n","protected":false},"excerpt":{"rendered":"Par Ivan CAPECCHI Publi\u00e9 le 8 oct. 2025 \u00e0 9h59 Tout ce week-end, la place de Zurich \u00e0&hellip;\n","protected":false},"author":2,"featured_media":447191,"comment_status":"","ping_status":"","sticky":false,"template":"","format":"standard","meta":{"footnotes":""},"categories":[2820],"tags":[1111,11,672,1777,674,1011,27,775,1652,12,41611,25,640],"class_list":{"0":"post-447190","1":"post","2":"type-post","3":"status-publish","4":"format-standard","5":"has-post-thumbnail","7":"category-strasbourg","8":"tag-actu","9":"tag-actualites","10":"tag-allemagne","11":"tag-eu","12":"tag-europe","13":"tag-fr","14":"tag-france","15":"tag-grand-est","16":"tag-loisirs-culture","17":"tag-news","18":"tag-oktoberfest","19":"tag-republique-francaise","20":"tag-strasbourg"},"share_on_mastodon":{"url":"https:\/\/pubeurope.com\/@fr\/115337991563139780","error":""},"_links":{"self":[{"href":"https:\/\/www.europesays.com\/fr\/wp-json\/wp\/v2\/posts\/447190","targetHints":{"allow":["GET"]}}],"collection":[{"href":"https:\/\/www.europesays.com\/fr\/wp-json\/wp\/v2\/posts"}],"about":[{"href":"https:\/\/www.europesays.com\/fr\/wp-json\/wp\/v2\/types\/post"}],"author":[{"embeddable":true,"href":"https:\/\/www.europesays.com\/fr\/wp-json\/wp\/v2\/users\/2"}],"replies":[{"embeddable":true,"href":"https:\/\/www.europesays.com\/fr\/wp-json\/wp\/v2\/comments?post=447190"}],"version-history":[{"count":0,"href":"https:\/\/www.europesays.com\/fr\/wp-json\/wp\/v2\/posts\/447190\/revisions"}],"wp:featuredmedia":[{"embeddable":true,"href":"https:\/\/www.europesays.com\/fr\/wp-json\/wp\/v2\/media\/447191"}],"wp:attachment":[{"href":"https:\/\/www.europesays.com\/fr\/wp-json\/wp\/v2\/media?parent=447190"}],"wp:term":[{"taxonomy":"category","embeddable":true,"href":"https:\/\/www.europesays.com\/fr\/wp-json\/wp\/v2\/categories?post=447190"},{"taxonomy":"post_tag","embeddable":true,"href":"https:\/\/www.europesays.com\/fr\/wp-json\/wp\/v2\/tags?post=447190"}],"curies":[{"name":"wp","href":"https:\/\/api.w.org\/{rel}","templated":true}]}}