{"id":447194,"date":"2025-10-08T10:08:13","date_gmt":"2025-10-08T10:08:13","guid":{"rendered":"https:\/\/www.europesays.com\/fr\/447194\/"},"modified":"2025-10-08T10:08:13","modified_gmt":"2025-10-08T10:08:13","slug":"nice-ces-parcs-et-jardins-fermes-au-public-pendant-plusieurs-jours-voici-pourquoi","status":"publish","type":"post","link":"https:\/\/www.europesays.com\/fr\/447194\/","title":{"rendered":"Nice. Ces parcs et jardins ferm\u00e9s au public pendant plusieurs jours : voici pourquoi"},"content":{"rendered":"<p>            Par<br \/>\n        <strong><br \/>\n            <a href=\"https:\/\/actu.fr\/auteur\/arthur-frand\" title=\"Consulter tous les articles de Arthur Frand\" target=\"_blank\" rel=\"noopener\">Arthur Frand<\/a><br \/>\n        <\/strong><\/p>\n<p>        Publi\u00e9 le<\/p>\n<p>            8 oct. 2025 \u00e0 11h28<br \/>\n        ; mis \u00e0 jour le 8 oct. 2025 \u00e0 11h35    <\/p>\n<p>Pr\u00e9sent depuis plusieurs ann\u00e9es en Provence-Alpes-C\u00f4te d\u2019Azur, le moustique tigre est d\u00e9sormais bien install\u00e9 sur le territoire. Alors que les cas de Chikungunya se <strong>sont multipli\u00e9s<\/strong> \u00e0 Antibes (<a href=\"https:\/\/actu.fr\/provence-alpes-cote-d-azur\/alpes-maritimes_06\" target=\"_blank\" rel=\"noopener\">Alpes-Maritimes<\/a>), principal foyer de contamination lors du mois de septembre\u00a02025, la lutte pour emp\u00eacher <strong>la prolif\u00e9ration de ce moustique<\/strong> \u00e0 Nice est bien r\u00e9elle.\u00a0<\/p>\n<p>Une d\u00e9moustication men\u00e9e par un op\u00e9rateur de l\u2019ARS Paca<\/p>\n<p class=\" wall-content\">En cons\u00e9quence, une op\u00e9ration de d\u00e9moustication <b>a lieu <\/b>ce mercredi 8 octobre 2025 dans le centre de Nice. Selon les informations d\u2019Actu Nice, elle est men\u00e9e par l\u2019Entente interd\u00e9partementale pour la d\u00e9moustication du littoral m\u00e9diterran\u00e9en (l\u2019EID m\u00e9diterran\u00e9e) en <strong>lien avec l\u2019ARS<\/strong> Provence-Alpes-C\u00f4te-d\u2019Azur.<\/p>\n<p>Trois parcs et jardins ferm\u00e9s jusqu\u2019au 11 octobre<\/p>\n<p class=\" wall-content\">Plusieurs parcs et jardins seront ferm\u00e9s du<strong> 8 au 10\u00a0octobre inclus<\/strong> pour la s\u00e9curit\u00e9 du public. Voici lesquels\u2009:<\/p>\n<ul class=\" wall-content\">\n<li>Square Mozart<\/li>\n<li>Parc Jean Moreno<\/li>\n<li>Square Alziari de Malaussena<\/li>\n<\/ul>\n<p>    <img   decoding=\"async\" loading=\"lazy\" src=\"https:\/\/www.europesays.com\/fr\/wp-content\/uploads\/2025\/10\/whatsapp-image-2025-10-08-at-105657-1-960x640.jpeg\" alt=\"D\u00e9moustication\" width=\"960\" height=\"640\"\/><br \/>\n    Une d\u00e9moustication est en cours ce 8\u00a0octobre au Parc Jean Moreno \u00e0 Nice. (\u00a9Arthur Frand \/ actu Nice)<\/p>\n<p class=\" wall-content\">Ces trois parcs et jardins ne seront \u00e0 nouveau accessibles au public qu\u2019\u00e0 partir de ce samedi 11\u00a0octobre.<\/p>\n<p>16 cas de Chikunkunya \u00e0 Nice<\/p>\n<p class=\" wall-content\">De son c\u00f4t\u00e9, la Ville de Nice a d\u00e9j\u00e0 mis <a href=\"https:\/\/actu.fr\/provence-alpes-cote-d-azur\/nice_06088\/tres-present-a-antibes-le-chikungunya-peut-il-aussi-infester-la-ville-de-nice_63219107.html\" target=\"_blank\" rel=\"noopener\">plusieurs mesures en place<\/a> depuis le mois de juin\u2009: des pi\u00e8ges pondoirs (66 pi\u00e8ges passifs) dans les quartiers les plus touch\u00e9s et dans les structures qui accueillent des personnes fragiles (EHPAD et cr\u00e8ches), des pi\u00e8ges innovants de suivi de population, un survol par drone des zones infest\u00e9es pour rep\u00e9rer la pr\u00e9sence d\u2019eaux stagnantes et une mise \u00e0 disposition de sable dans les cimeti\u00e8res pour mettre au fond des coupelles.<\/p>\n<p>Votre r\u00e9gion, votre actu !<\/p>\n<p>Recevez chaque jour les infos qui comptent pour vous.<\/p>\n<p>\t<a href=\"https:\/\/actu.fr\/newsletter\" class=\"ac-btn ac-btn--corner ac-btn--medium ac-btn--blue800\" target=\"_blank\" rel=\"noopener\">S&rsquo;incrire<\/a><\/p>\n<p class=\" wall-content\">Le 28 septembre dernier, 16 cas autochtones de chikungunya avaient \u00e9t\u00e9 recens\u00e9s \u00e0 Nice par l\u2019ARS.<\/p>\n<p class=\" wall-content\">Personnalisez votre actualit\u00e9 en ajoutant vos villes et m\u00e9dias en favori avec <a href=\"https:\/\/moncompte.actu.fr\" title=\"D\u00e9couvez Mon Actu\" rel=\"nofollow noopener\" data-trk=\"{&quot;cta&quot;:{&quot;action&quot;:&quot;https:\\\/\\\/moncompte.actu.fr&quot;,&quot;category&quot;:&quot;mon compte&quot;,&quot;from&quot;:&quot;article footer&quot;,&quot;name&quot;:&quot;Mon actu&quot;,&quot;type&quot;:&quot;cta&quot;}}\" target=\"_blank\">Mon Actu<\/a>.<\/p>\n","protected":false},"excerpt":{"rendered":"Par Arthur Frand Publi\u00e9 le 8 oct. 2025 \u00e0 11h28 ; mis \u00e0 jour le 8 oct. 2025&hellip;\n","protected":false},"author":2,"featured_media":447195,"comment_status":"","ping_status":"","sticky":false,"template":"","format":"standard","meta":{"footnotes":""},"categories":[2819],"tags":[1111,11,1777,674,1011,27,2856,12,2401,882,25,104],"class_list":{"0":"post-447194","1":"post","2":"type-post","3":"status-publish","4":"format-standard","5":"has-post-thumbnail","7":"category-nice","8":"tag-actu","9":"tag-actualites","10":"tag-eu","11":"tag-europe","12":"tag-fr","13":"tag-france","14":"tag-moustique-tigre","15":"tag-news","16":"tag-nice","17":"tag-provence-alpes-cote-dazur","18":"tag-republique-francaise","19":"tag-societe"},"share_on_mastodon":{"url":"https:\/\/pubeurope.com\/@fr\/115337999503774718","error":""},"_links":{"self":[{"href":"https:\/\/www.europesays.com\/fr\/wp-json\/wp\/v2\/posts\/447194","targetHints":{"allow":["GET"]}}],"collection":[{"href":"https:\/\/www.europesays.com\/fr\/wp-json\/wp\/v2\/posts"}],"about":[{"href":"https:\/\/www.europesays.com\/fr\/wp-json\/wp\/v2\/types\/post"}],"author":[{"embeddable":true,"href":"https:\/\/www.europesays.com\/fr\/wp-json\/wp\/v2\/users\/2"}],"replies":[{"embeddable":true,"href":"https:\/\/www.europesays.com\/fr\/wp-json\/wp\/v2\/comments?post=447194"}],"version-history":[{"count":0,"href":"https:\/\/www.europesays.com\/fr\/wp-json\/wp\/v2\/posts\/447194\/revisions"}],"wp:featuredmedia":[{"embeddable":true,"href":"https:\/\/www.europesays.com\/fr\/wp-json\/wp\/v2\/media\/447195"}],"wp:attachment":[{"href":"https:\/\/www.europesays.com\/fr\/wp-json\/wp\/v2\/media?parent=447194"}],"wp:term":[{"taxonomy":"category","embeddable":true,"href":"https:\/\/www.europesays.com\/fr\/wp-json\/wp\/v2\/categories?post=447194"},{"taxonomy":"post_tag","embeddable":true,"href":"https:\/\/www.europesays.com\/fr\/wp-json\/wp\/v2\/tags?post=447194"}],"curies":[{"name":"wp","href":"https:\/\/api.w.org\/{rel}","templated":true}]}}