{"id":44721,"date":"2025-04-22T19:29:24","date_gmt":"2025-04-22T19:29:24","guid":{"rendered":"https:\/\/www.europesays.com\/fr\/44721\/"},"modified":"2025-04-22T19:29:24","modified_gmt":"2025-04-22T19:29:24","slug":"hyeres-toulon-linsubmersible-le7-info","status":"publish","type":"post","link":"https:\/\/www.europesays.com\/fr\/44721\/","title":{"rendered":"Hy\u00e8res-Toulon l\u2019insubmersible | Le7.info"},"content":{"rendered":"<p>                                                                            <img decoding=\"async\" src=\"https:\/\/www.europesays.com\/fr\/wp-content\/uploads\/2025\/04\/68073221c105c.jpeg\" alt=\"Hy\u00e8res-Toulon l\u2019insubmersible\"\/><\/p>\n<p>                                                                            Apr\u00e8s Blois \u00e0 l\u2019Arena, le PB86 accueille Hy\u00e8res-Toulon vendredi \u00e0 Saint-Eloi. Souvent touch\u00e9 jamais (compl\u00e8tement) coul\u00e9, le club varois est un mod\u00e8le de r\u00e9surrection. Cinq trucs \u00e0 savoir sur le HTV.<\/p>\n<p>                                                                                                    <img decoding=\"async\" src=\"https:\/\/www.europesays.com\/fr\/wp-content\/uploads\/2025\/04\/5ea1dbf7dce48.jpeg\" alt=\"Arnault Varanne\"\/><\/p>\n<p class=\"author__social\">Partager sur :<br \/>\n                                            <a href=\"https:\/\/twitter.com\/share?url=https:\/\/www.le7.info\/article\/25373-hyeres-toulon-linsubmersible\" title=\"Partager sur twitter\" target=\"_blank\" rel=\"noopener\"><\/a><br \/>\n                                            <a href=\"https:\/\/www.facebook.com\/sharer\/sharer.php?u=https:\/\/www.le7.info\/article\/25373-hyeres-toulon-linsubmersible\" title=\"Partager sur facebook\" target=\"_blank\" rel=\"noopener\"><\/a>\n                                        <\/p>\n<p>1. Un club historique \u2029du basket fran\u00e7ais&#8230;\u2029N\u00e9 dans les ann\u00e9es 90 du rapprochement entre le Club sportif varois et l\u2019Omni Sport hy\u00e9rois, Hy\u00e8res-Toulon Var a vite grimp\u00e9 les \u00e9chelons pour acc\u00e9der \u00e0 la Pro B puis la Pro A en 1996, sous la coupe de Pierre Galle puis Jean-Louis Borg. Entre le milieu des ann\u00e9es 90 et 2016, le club aura pass\u00e9 un quart de si\u00e8cle dans l\u2019Elite ou son antichambre, avec trois participations aux play-offs en 2005, 2008 et 2011 et une coupe d\u2019Europe disput\u00e9e en 2009. C\u2019est l\u2019\u00e9poque des William Dumas -actuel manager g\u00e9n\u00e9ral-, Sean Colson, Tony Williams et autre Vincent Masingue, avec Alain Weisz en coach prestigieux sur le banc.<\/p>\n<p>2. &#8230; mais soumis \u00e0 des turbulences financi\u00e8res \u2029La vie n\u2019est pas un long fleuve tranquille sur les bords de la M\u00e9diterran\u00e9e o\u00f9 le vent souffle fort ! A plusieurs reprises, Hy\u00e8res-Toulon a bu la tasse financi\u00e8rement, notamment en 2012 (r\u00e9trogradation en Pro B) et 2018, ou le HTV a carr\u00e9ment d\u00e9gringol\u00e9 en Nationale 3. Le club est reparti sur des bases plus saines en 2021, a grimp\u00e9 en Nationale 2, Nationale 1, puis Pro B au printemps 2024 apr\u00e8s un parcours remarquable.<\/p>\n<p>3. Paris Basket lui dit merci ! \u2029Qualifi\u00e9 pour les play-offs d\u2019Euroligue la semaine derni\u00e8re, Paris Basket n\u2019existerait pas sans Hy\u00e8res-Toulon. Avant de dispara\u00eetre du monde professionnel, le club varois a en effet revendu ses droits sportifs \u00e0 l\u2019investisseur David Kahn en juillet 2018, ce qui a permis \u00e0 son homologue de la capitale de d\u00e9marrer en Pro B la saison suivante.<\/p>\n<p>4. Au bon souvenir \u2029de Mathis Keita \u2029Hy\u00e8res-Toulon et Poitiers ont un point commun : Mathis Keita. L\u2019ex-camarade de promo d\u2019Evan Fournier \u00e0 l\u2019Insep a port\u00e9 le maillot du PB86 en 2020-2021, la saison de la descente du club en Nationale 1. Keita a ensuite enfil\u00e9 la tunique du Sluc Nancy qu\u2019il a contribu\u00e9 \u00e0 faire monter en JeepElite. Apr\u00e8s un passage par Ch\u00e2lons-Reims, le meneur v\u00e9t\u00e9ran fait les beaux jours du HTV depuis la rentr\u00e9e derni\u00e8re, avec cependant des stats en baisse par rapport \u00e0 ses standards en carri\u00e8re (6pts, 2,4rbds, 2,7pds). Pour l\u2019anecdote, l\u2019arri\u00e8re Tony Dobbins a \u00e9galement port\u00e9 les deux maillots, passant du Var au Poitou en 2011 (deux saisons \u00e0 Poitiers).<\/p>\n<p>5. Des talents \u00e0 revendre \u2029N\u00e9 \u00e0 Saint-Tropez, Axel Julien a \u00e9volu\u00e9 au HTV jusqu\u2019en 2014-2015. L\u2019international fran\u00e7ais, aujourd\u2019hui \u00e0 la JDA Dijon, arbore toujours le num\u00e9ro 83 en r\u00e9f\u00e9rence \u00e0 son d\u00e9partement de naissance. Louis Labeyrie (Kazan) a \u00e9galement fr\u00e9quent\u00e9 l\u2019Espace 3000 le temps d\u2019une saison cauchemardesque, en 2011-2012, ponctu\u00e9e par seulement trois victoires&#8230; dont une face \u00e0 Poitiers en novembre 2011. Il \u00e9voluait aux c\u00f4t\u00e9s d\u2019un certain Alexis Ajin\u00e7a, futur joueur de NBA. Citons encore Eric C\u00e9rase, Franck Bouteille, Makan Dioumassi et Moustapha Sonko, Sur le banc, Pierre Galle, Jean-Louis Borg, Alain Weisz, Laurent Legname ou encore Laurent Sciarra sont des figures du basket tricolore.<\/p>\n<p>                                <script async src=\"https:\/\/platform.twitter.com\/widgets.js\" charset=\"utf-8\"><\/script><\/p>\n","protected":false},"excerpt":{"rendered":"Apr\u00e8s Blois \u00e0 l\u2019Arena, le PB86 accueille Hy\u00e8res-Toulon vendredi \u00e0 Saint-Eloi. Souvent touch\u00e9 jamais (compl\u00e8tement) coul\u00e9, le club&hellip;\n","protected":false},"author":2,"featured_media":44722,"comment_status":"","ping_status":"","sticky":false,"template":"","format":"standard","meta":{"footnotes":""},"categories":[9619],"tags":[1111,11,1777,674,1011,27,13267,12,882,25,2310],"class_list":{"0":"post-44721","1":"post","2":"type-post","3":"status-publish","4":"format-standard","5":"has-post-thumbnail","7":"category-toulon","8":"tag-actu","9":"tag-actualites","10":"tag-eu","11":"tag-europe","12":"tag-fr","13":"tag-france","14":"tag-le-7-actualite-vienne-poitiers-chatellerault","15":"tag-news","16":"tag-provence-alpes-cote-dazur","17":"tag-republique-francaise","18":"tag-toulon"},"share_on_mastodon":{"url":"https:\/\/pubeurope.com\/@fr\/114383274901773658","error":""},"_links":{"self":[{"href":"https:\/\/www.europesays.com\/fr\/wp-json\/wp\/v2\/posts\/44721","targetHints":{"allow":["GET"]}}],"collection":[{"href":"https:\/\/www.europesays.com\/fr\/wp-json\/wp\/v2\/posts"}],"about":[{"href":"https:\/\/www.europesays.com\/fr\/wp-json\/wp\/v2\/types\/post"}],"author":[{"embeddable":true,"href":"https:\/\/www.europesays.com\/fr\/wp-json\/wp\/v2\/users\/2"}],"replies":[{"embeddable":true,"href":"https:\/\/www.europesays.com\/fr\/wp-json\/wp\/v2\/comments?post=44721"}],"version-history":[{"count":0,"href":"https:\/\/www.europesays.com\/fr\/wp-json\/wp\/v2\/posts\/44721\/revisions"}],"wp:featuredmedia":[{"embeddable":true,"href":"https:\/\/www.europesays.com\/fr\/wp-json\/wp\/v2\/media\/44722"}],"wp:attachment":[{"href":"https:\/\/www.europesays.com\/fr\/wp-json\/wp\/v2\/media?parent=44721"}],"wp:term":[{"taxonomy":"category","embeddable":true,"href":"https:\/\/www.europesays.com\/fr\/wp-json\/wp\/v2\/categories?post=44721"},{"taxonomy":"post_tag","embeddable":true,"href":"https:\/\/www.europesays.com\/fr\/wp-json\/wp\/v2\/tags?post=44721"}],"curies":[{"name":"wp","href":"https:\/\/api.w.org\/{rel}","templated":true}]}}