{"id":447210,"date":"2025-10-08T10:16:10","date_gmt":"2025-10-08T10:16:10","guid":{"rendered":"https:\/\/www.europesays.com\/fr\/447210\/"},"modified":"2025-10-08T10:16:10","modified_gmt":"2025-10-08T10:16:10","slug":"nord-voici-les-brocantes-braderies-et-vide-greniers-organises-le-week-end-des-11-et-12-octobre","status":"publish","type":"post","link":"https:\/\/www.europesays.com\/fr\/447210\/","title":{"rendered":"Nord. Voici les brocantes, braderies et vide-greniers organis\u00e9s le week-end des 11 et 12 octobre"},"content":{"rendered":"<p>            Par<br \/>\n        <strong><br \/>\n            <a href=\"https:\/\/actu.fr\/auteur\/hervine-mahaud\" title=\"Consulter tous les articles de Hervine Mahaud\" target=\"_blank\" rel=\"noopener\">Hervine Mahaud<\/a><br \/>\n        <\/strong><\/p>\n<p>        Publi\u00e9 le<\/p>\n<p>            8 oct. 2025 \u00e0 11h46        <\/p>\n<p>Envie de profiter de votre week-end pour partir \u00e0 la chasse aux <b>bonnes affaires<\/b> ? Direction les <b>brocantes, braderies, vide-greniers et bourses<\/b> organis\u00e9s dans le <b>Nord<\/b> samedi 11 et dimanche 12 octobre 2025. Pour compl\u00e9ter cette liste, retrouvez les march\u00e9s aux puces organis\u00e9s dans le Pas-de-Calais aux m\u00eames dates.<\/p>\n<p>Samedi 11 octobre 2025<\/p>\n<p class=\" wall-content\"><b>Autour de Lille<\/b><\/p>\n<ul class=\" wall-content\">\n<li><b>Carnin<\/b> \u2013 Bourse aux v\u00eatements et jouets, de 8h00 \u00e0 16h00. Salle des f\u00eates Roger Salengro, Grand Place. 50 exposants.<\/li>\n<li><b>Faches-Thumesnil<\/b> \u2013 Bourse aux v\u00eatements d\u2019hiver, de 9h30 \u00e0 17h30. Centre social des 5 Bonniers, 20 avenue de Bordeaux.<\/li>\n<li><b>Lille<\/b> \u2013 Vente solidaire de v\u00eatements, de 11h00 \u00e0 16h30. Salle de l\u2019Entraide protestante, 68 rue du March\u00e9.<\/li>\n<li><b>Loos<\/b> \u2013 Vente de livres, vinyles, CD, DVD, timbres, cartes postales, de 10h00 \u00e0 17h00. Enfance et Vie, 109 rue du Docteur Calmette.<\/li>\n<li><b>Marcq-en-Bar\u0153ul<\/b> \u2013 Bourse accessoires de 9h00 \u00e0 18h00. Centre Social et Culturel, 69 boulevard Clemenceau.<\/li>\n<li><b>Neuville-en-Ferrain<\/b> \u2013 Bourse aux v\u00eatements de 10h00 \u00e0 12h00 et de 14h00 \u00e0 17h30. Zone industrielle, salon Rocheville, rue du Vertuquet.<\/li>\n<li><b>Templemars<\/b> \u2013 Bourse aux jouets de 14h00 \u00e0 18h00. Salle Blezel, rue Chevalier de la Barre.<\/li>\n<li><b>Villeneuve-d\u2019Ascq<\/b> \u2013 Vide-greniers de 10h00 \u00e0 17h00. \u00c9cole primaire Bossuet, 4 all\u00e9e de la Basoche. 100 exposants.<\/li>\n<li><b>Wattrelos<\/b> \u2013 Puces des couturi\u00e8res de 10h00 \u00e0 17h00. Maison du Projet Laini\u00e8re, 151 rue d\u2019Oran. 50 exposants.<\/li>\n<\/ul>\n<p class=\" wall-content\"><b>Autour de Douai<\/b><\/p>\n<ul class=\" wall-content\">\n<li><b>Somain<\/b> \u2013 Brocante de 8h00 \u00e0 16h00. Rue Eug\u00e8ne Dutouquet, rue des Fr\u00e8res Bouhour, rue du 8 Mai 1945, rue Gustave Moreau. 250 exposants.<\/li>\n<li><b>Vred<\/b> \u2013 Salon des collectionneurs de 10h00 \u00e0 18h30. Foyer rural, avenue du foyer rural. 20 exposants.<\/li>\n<\/ul>\n<p class=\" wall-content\"><b>Autour de Valenciennes<\/b><\/p>\n<ul class=\" wall-content\">\n<li><b>Hergnies<\/b> \u2013 Brocante en salle de 9h00 \u00e0 16h00. Salle Malraux, rue Arthur Lamendin. 50 exposants.<\/li>\n<li><b>Neuville-sur-Escaut<\/b> \u2013 Brocante de 7h00 \u00e0 17h00. Rue Henri Durre. 200 exposants.<\/li>\n<li><b>Rosult<\/b> \u2013 Bourse aux jouets et v\u00eatements enfants, de 13h30 \u00e0 17h00. Salle des sports intercommunale, rue du Capitaine Deken. 150 exposants.<\/li>\n<\/ul>\n<p>Dimanche 12 octobre 2025<\/p>\n<p class=\" wall-content\"><b>Autour de Dunkerque<\/b><\/p>\n<ul class=\" wall-content\">\n<li><b>Bergues<\/b> \u2013 Brocante de la bande dessin\u00e9e, du manga et du livre pour enfants, de 9h00 \u00e0 18h00. Espace Beffroi, salle Verlinde, place de la R\u00e9publique. 40 exposants.<\/li>\n<li><b>Brouckerque<\/b> \u2013 Brocante en salle de 8h00 \u00e0 16h00. Salle polyvalente, 12 rue de l\u2019Abb\u00e9 de Beco. 100 exposants.\u00a0<\/li>\n<li><b>Petite-Synthe<\/b> \u2013 Brocante en salle de 9h00 \u00e0 17h30. Maison de quartier du Pont Loby, 1602 rue du Banc Vert. 50 exposants.<\/li>\n<li><b>Watten<\/b> \u2013 Brocante en salle de 8h00 \u00e0 17h30. Salle Saint Gille, rue de Dunkerque.<\/li>\n<\/ul>\n<p class=\" wall-content\"><b>Autour de Lille<\/b><\/p>\n<ul class=\" wall-content\">\n<li><b>Ann\u0153ullin<\/b> \u2013 Braderie du Marais de 8h00 \u00e0 13h00. Rue Jean Jaur\u00e8s, rue Joseph Richy, rue Pasteur, place de Verdun, rue de Wattrelos, rue de la Gare. 80 exposants.<\/li>\n<li><b>Ch\u00e9reng<\/b> \u2013 La Braderie de l\u2019Autour de 8h00 \u00e0 13h00. Rue Arthur B\u00e9arez, rue du Bon Passage, rue du Moulin d\u2019or, rue de la Meunerie. 400 exposants.<\/li>\n<li><b>Faches-Thumesnil<\/b> \u2013 Bourse aux v\u00eatements d\u2019hiver de 9h30 \u00e0 13h00. Centre social des 5 Bonniers, 20 avenue de Bordeaux.<\/li>\n<li><b>Houplin-Ancoisne<\/b> \u2013 Vide-dressing en salle de 9h00 \u00e0 13h00. Salle des f\u00eates, place du 8 Mai 1945. 30 exposants<\/li>\n<li><b>Leers<\/b> \u2013 Puces des couturi\u00e8res et des loisirs cr\u00e9atifs, de 9h30 \u00e0 16h30. Salle polyvalente, rue Pasteur.<\/li>\n<li><b>Lille<\/b> \u2013 Braderie de 8h00 \u00e0 17h00. Jardin des Plantes, rue du Jardin des Plantes, rue du Capitaine Michel, impasse de l\u2019Observatoire. 100 exposants.<\/li>\n<li><b>Lille<\/b> \u2013 Brocante vintage de 10h00 \u00e0 18h00. Bazaar St So, 292 rue Camille Gu\u00e9rin. 50 exposants.<\/li>\n<li><b>Mouchin<\/b> \u2013 Braderie de 8h00 \u00e0 13h00. Rue des Fr\u00e8res Franquet, rue \u00c9mile Clainquart. 250 exposants.<\/li>\n<li><b>Neuville-en-Ferrain<\/b> \u2013 Bourse aux v\u00eatements de 10h00 \u00e0 12h00. Zone industrielle, salon Rocheville, rue du Vertuquet.<\/li>\n<li><b>Santes<\/b> \u2013 Brocante de 8h00 \u00e0 14h00. Rue de Gaulle et environs. 250 exposants.<\/li>\n<li><b>Templemars<\/b> \u2013 Bourse aux jouets de 8h30 \u00e0 12h30. Salle Blezel, rue Chevalier de la Barre.<\/li>\n<li><b>Tourcoing<\/b> \u2013 March\u00e9 aux puces de 8h00 \u00e0 15h00. Rue des Quais. 150 exposants.<\/li>\n<li><b>Villeneuve-d\u2019Ascq<\/b> \u2013 Braderie de 8h00 \u00e0 13h00. \u00c9cole Jean Jaur\u00e8s, 2 all\u00e9e des Mod\u00e9listes. 38 exposants.<\/li>\n<li><b>Wattrelos<\/b> \u2013 Bourse des collectionneurs de 9h00 \u00e0 17h00. Salle Roger Salengro, 2 rue Emile Basly. 70 exposants.\u00a0<\/li>\n<\/ul>\n<p class=\" wall-content\"><b>Autour de Douai<\/b><\/p>\n<ul class=\" wall-content\">\n<li><b>Arleux<\/b> \u2013 Vide-greniers de 8h00 \u00e0 14h00. Rue Philippe Antoine Merlin. 105 exposants.<\/li>\n<li><b>Auchy-lez-Orchies<\/b> \u2013 Brocante de 8h00 \u00e0 13h00. Place du G\u00e9n\u00e9ral de Gaulle, rue Jacob Martinache. 200 exposants.<\/li>\n<li><b>Estr\u00e9es<\/b> \u2013 Vide-greniers en salle de 9h00 \u00e0 14h00. Salle des f\u00eates Andr\u00e9 Cauchy, rue de l\u2019\u00c9glise.<\/li>\n<li><b>Faumont<\/b> \u2013 Bourse pu\u00e9riculture de 9h00 \u00e0 13h00. Salle des f\u00eates du 8 Mai 1945, 753 route Nationale.<\/li>\n<li><b>Fenain<\/b> \u2013 Puces des couturi\u00e8res de 9h00 \u00e0 17h00. Salle polyvalente, place des Fusill\u00e9s. 20 exposants.<\/li>\n<li><b>Fenain<\/b> \u2013 Vide-dressing, bourse aux jouets de 8h30 \u00e0 12h30. \u00c9cole des Tilleuls, 11 rue de la Paix.<\/li>\n<li><b>Lewarde<\/b> \u2013 Brocante de la f\u00eate de la Ch\u00e2taignen de 8h00 \u00e0 15h30. Rue des Bleuets, rue Martin Luther King, rue Louise Michel, rue \u00c9mile Zola. 300 exposants.<\/li>\n<li><b>Roost-Warendin<\/b> \u2013 Bourse aux jouets de 10h00 \u00e0 17h00. Salle des f\u00eates, rue Jean Jaur\u00e8s. 20 exposants.<\/li>\n<li><b>Vred<\/b> \u2013 Salon des collectionneurs de 10h00 \u00e0 18h30. Foyer rural, avenue du foyer rural. 20 exposants.<\/li>\n<li><b>Vred<\/b> \u2013 Exposition de v\u00e9hicules anciens de 10h00 \u00e0 18h30. 70 exposants.<\/li>\n<\/ul>\n<p class=\" wall-content\"><b>Autour de Cambrai<\/b><\/p>\n<ul class=\" wall-content\">\n<li><b>Clary<\/b> \u2013 Bourse aux livres, vinyles et jeux de soci\u00e9t\u00e9, de 10h00 \u00e0 17h00. Salle polyvalente, place des \u00c9cossais.<\/li>\n<\/ul>\n<p>Votre r\u00e9gion, votre actu !<\/p>\n<p>Recevez chaque jour les infos qui comptent pour vous.<\/p>\n<p>\t<a href=\"https:\/\/actu.fr\/newsletter\" class=\"ac-btn ac-btn--corner ac-btn--medium ac-btn--blue800\" target=\"_blank\" rel=\"noopener\">S&rsquo;incrire<\/a><\/p>\n<p class=\" wall-content\"><b>Autour de Valenciennes<\/b><\/p>\n<ul class=\" wall-content\">\n<li><b>Avesnes-le-Sec<\/b> \u2013 Bourse aux jouets et articles de pu\u00e9riculture, de 8h00 \u00e0 16h00. Salle polyvalente C\u00e9sar Bavay, 10 rue de Bouchain. 80 exposants.<\/li>\n<li><b>Haspres<\/b> \u2013 Bourse aux jouets et pu\u00e9riculture de 9h00 \u00e0 17h00. Salle Michel Bernard, rue Jules Boucly. 80 exposants.<\/li>\n<li><b>H\u00e9rin<\/b> \u2013 Brocante de 8h30 \u00e0 17h30. Rue Jacques Pr\u00e9vert.<\/li>\n<li><b>Rombies-et-Marchipont<\/b> \u2013 Brocante de 8h00 \u00e0 16h00. Rue de l\u2019\u00c9glise, sentier des \u00e9coles.<\/li>\n<\/ul>\n<p class=\" wall-content\"><b>Autour d\u2019Avesnes-sur-Helpe<\/b><\/p>\n<ul class=\" wall-content\">\n<li><b>Bavay<\/b> \u2013 Foire aux disques, vinyles, CD et DVD de 9h00 \u00e0 16h00. Salle des f\u00eates, rue Pierre Mathieu. 18 exposants.<\/li>\n<\/ul>\n<p class=\" wall-content\">Personnalisez votre actualit\u00e9 en ajoutant vos villes et m\u00e9dias en favori avec <a href=\"https:\/\/moncompte.actu.fr\" title=\"D\u00e9couvez Mon Actu\" rel=\"nofollow noopener\" data-trk=\"{&quot;cta&quot;:{&quot;action&quot;:&quot;https:\\\/\\\/moncompte.actu.fr&quot;,&quot;category&quot;:&quot;mon compte&quot;,&quot;from&quot;:&quot;article footer&quot;,&quot;name&quot;:&quot;Mon actu&quot;,&quot;type&quot;:&quot;cta&quot;}}\" target=\"_blank\">Mon Actu<\/a>.<\/p>\n","protected":false},"excerpt":{"rendered":"Par Hervine Mahaud Publi\u00e9 le 8 oct. 2025 \u00e0 11h46 Envie de profiter de votre week-end pour partir&hellip;\n","protected":false},"author":2,"featured_media":447211,"comment_status":"","ping_status":"","sticky":false,"template":"","format":"standard","meta":{"footnotes":""},"categories":[2815],"tags":[1111,11,6961,1777,674,1011,27,811,1307,1652,12,25,3365],"class_list":{"0":"post-447210","1":"post","2":"type-post","3":"status-publish","4":"format-standard","5":"has-post-thumbnail","7":"category-lille","8":"tag-actu","9":"tag-actualites","10":"tag-brocante","11":"tag-eu","12":"tag-europe","13":"tag-fr","14":"tag-france","15":"tag-hauts-de-france","16":"tag-lille","17":"tag-loisirs-culture","18":"tag-news","19":"tag-republique-francaise","20":"tag-vide-greniers"},"share_on_mastodon":{"url":"https:\/\/pubeurope.com\/@fr\/115338030889875430","error":""},"_links":{"self":[{"href":"https:\/\/www.europesays.com\/fr\/wp-json\/wp\/v2\/posts\/447210","targetHints":{"allow":["GET"]}}],"collection":[{"href":"https:\/\/www.europesays.com\/fr\/wp-json\/wp\/v2\/posts"}],"about":[{"href":"https:\/\/www.europesays.com\/fr\/wp-json\/wp\/v2\/types\/post"}],"author":[{"embeddable":true,"href":"https:\/\/www.europesays.com\/fr\/wp-json\/wp\/v2\/users\/2"}],"replies":[{"embeddable":true,"href":"https:\/\/www.europesays.com\/fr\/wp-json\/wp\/v2\/comments?post=447210"}],"version-history":[{"count":0,"href":"https:\/\/www.europesays.com\/fr\/wp-json\/wp\/v2\/posts\/447210\/revisions"}],"wp:featuredmedia":[{"embeddable":true,"href":"https:\/\/www.europesays.com\/fr\/wp-json\/wp\/v2\/media\/447211"}],"wp:attachment":[{"href":"https:\/\/www.europesays.com\/fr\/wp-json\/wp\/v2\/media?parent=447210"}],"wp:term":[{"taxonomy":"category","embeddable":true,"href":"https:\/\/www.europesays.com\/fr\/wp-json\/wp\/v2\/categories?post=447210"},{"taxonomy":"post_tag","embeddable":true,"href":"https:\/\/www.europesays.com\/fr\/wp-json\/wp\/v2\/tags?post=447210"}],"curies":[{"name":"wp","href":"https:\/\/api.w.org\/{rel}","templated":true}]}}