{"id":447212,"date":"2025-10-08T10:17:11","date_gmt":"2025-10-08T10:17:11","guid":{"rendered":"https:\/\/www.europesays.com\/fr\/447212\/"},"modified":"2025-10-08T10:17:11","modified_gmt":"2025-10-08T10:17:11","slug":"la-folie-de-lapres-covid-est-bel-et-bien-finie","status":"publish","type":"post","link":"https:\/\/www.europesays.com\/fr\/447212\/","title":{"rendered":"\u201cLa folie de l\u2019apr\u00e8s-Covid est bel et bien finie\u201d"},"content":{"rendered":"<p>      <img fetchpriority=\"high\" decoding=\"async\" class=\"mx-auto\" src=\"data:image\/svg+xml,%3Csvg%20xmlns%3D%27http%3A%2F%2Fwww.w3.org%2F2000%2Fsvg%27%20fill%3D%22%23e4e4e4%22%20viewBox%3D%270%200%20510%20340%27%20width%3D%22510%22%20height%3D%22340%22%3E%3Cpath%20d%3D%27M0%200h510v340H0z%27%2F%3E%3C%2Fsvg%3E\"  loading=\"eager\" width=\"510\" height=\"340\" data-oncrawl-image-size=\"510x340\" alt=\"L\u2019\u00eelot Comtesse, et ses b\u00e2tisses en pierre rouge, dans le Vieux-Lille.\"\/>      <\/p>\n<p class=\"latino-100m text-grey-600\">\n            L\u2019\u00eelot Comtesse, et ses b\u00e2tisses en pierre rouge, dans le Vieux-Lille.\u00a0OLIVIER LECLERCQ\/HEMIS.FR        <\/p>\n<p>        Lire\u00a0plus\u00a0tard      <\/p>\n<p><a aria-label=\"Nous suivre sur Google News\" href=\"https:\/\/news.google.com\/publications\/CAAqBwgKMJe4nQkw3dFs?hl=fr&amp;gl=FR&amp;ceid=FR%3Afr\" target=\"_blank\" data-piano=\"Page_Article,Sous_date_publi,Nous_suivre_sur_google_news,1er_clic,action\" class=\"btn btn--small btn--tertiary btn--icon-only\" rel=\"nofollow noopener\"><\/p>\n<p>      Google Actualit\u00e9s<br \/>\n  <\/a><\/p>\n<p>  Partager<\/p>\n<p>        Facebook<\/p>\n<p>        Bluesky<\/p>\n<p>        E-mail<\/p>\n<p>        Copier le lien<\/p>\n<p>      Envoyer<\/p>\n<p>      S\u2019abonner pour lire    <\/p>\n<ul class=\"node__bulletedList antonia-750r text-grey-800 pb-24 pb-md-40\">\n<li>Maisons anciennes\u00a0: 3\u00a0258\u00a0\u20ac\/m2<\/li>\n<li>Evolution sur 1\u00a0an\u00a0: -0,1\u00a0%<\/li>\n<li>Appartements anciens\u00a0: 3\u00a0353\u00a0\u20ac\/m2<\/li>\n<li>Evolution sur 1\u00a0an\u00a0: -2,5\u00a0%<\/li>\n<\/ul>\n<p class=\"node__paragraphe antonia-750r text-grey-800 pb-8\">\nLa capitale des Flandres avait connu, \u00e0 la fin de la pand\u00e9mie de Covid, un engouement exceptionnel et des envol\u00e9es de prix in\u00e9dites. Mais, depuis 2023, elle a vu ses transactions se rar\u00e9fier et ses prix baisser d\u2019environ 10\u00a0%, pour s\u2019\u00e9tablir en moyenne \u00e0 3\u00a0600\u00a0\u20ac\/m2. A pr\u00e9sent, il y a \u00ab\u00a0un petit surs\u2026<\/p>\n<p class=\"latino-100m text-blue-400\">Article r\u00e9serv\u00e9 aux abonn\u00e9s.<\/p>\n<p>          Se connecter<\/p>\n<p class=\"text-center antonia-1850c\" style=\"margin-bottom:4px;\">Envie de lire la suite ?<\/p>\n<p class=\"text-center antonia-800c pb-16\">Tous nos articles en int\u00e9gralit\u00e9 d\u00e8s\u00a01\u20ac<\/p>\n<p>        S&rsquo;abonner<\/p>\n<p class=\"text-grey-700 or\">ou<\/p>\n<p>            <img width=\"164\" height=\"20\" src=\"data:image\/svg+xml,%3Csvg%20xmlns%3D%27http%3A%2F%2Fwww.w3.org%2F2000%2Fsvg%27%20fill%3D%22%23e4e4e4%22%20viewBox%3D%270%200%20282%2054%27%20width%3D%22282%22%20height%3D%2254%22%3E%3Cpath%20d%3D%27M0%200h282v54H0z%27%2F%3E%3C%2Fsvg%3E\"  class=\"js-swg-placeholder\" alt=\"Subscribe with Google\" loading=\"lazy\" decoding=\"async\"\/><\/p>\n<p>          D\u00e9couvrir toutes nos offres<\/p>\n","protected":false},"excerpt":{"rendered":"L\u2019\u00eelot Comtesse, et ses b\u00e2tisses en pierre rouge, dans le Vieux-Lille.\u00a0OLIVIER LECLERCQ\/HEMIS.FR Lire\u00a0plus\u00a0tard Google Actualit\u00e9s Partager Facebook Bluesky&hellip;\n","protected":false},"author":2,"featured_media":447213,"comment_status":"","ping_status":"","sticky":false,"template":"","format":"standard","meta":{"footnotes":""},"categories":[2815],"tags":[17,1111,11,22681,4400,1777,674,57304,3283,1011,27,811,1116,1307,12,2141,5775,25],"class_list":{"0":"post-447212","1":"post","2":"type-post","3":"status-publish","4":"format-standard","5":"has-post-thumbnail","7":"category-lille","8":"tag-17","9":"tag-actu","10":"tag-actualites","11":"tag-bel","12":"tag-covid","13":"tag-eu","14":"tag-europe","15":"tag-finie","16":"tag-folie","17":"tag-fr","18":"tag-france","19":"tag-hauts-de-france","20":"tag-immobilier","21":"tag-lille","22":"tag-news","23":"tag-prix","24":"tag-quartier","25":"tag-republique-francaise"},"share_on_mastodon":{"url":"https:\/\/pubeurope.com\/@fr\/115338035767624714","error":""},"_links":{"self":[{"href":"https:\/\/www.europesays.com\/fr\/wp-json\/wp\/v2\/posts\/447212","targetHints":{"allow":["GET"]}}],"collection":[{"href":"https:\/\/www.europesays.com\/fr\/wp-json\/wp\/v2\/posts"}],"about":[{"href":"https:\/\/www.europesays.com\/fr\/wp-json\/wp\/v2\/types\/post"}],"author":[{"embeddable":true,"href":"https:\/\/www.europesays.com\/fr\/wp-json\/wp\/v2\/users\/2"}],"replies":[{"embeddable":true,"href":"https:\/\/www.europesays.com\/fr\/wp-json\/wp\/v2\/comments?post=447212"}],"version-history":[{"count":0,"href":"https:\/\/www.europesays.com\/fr\/wp-json\/wp\/v2\/posts\/447212\/revisions"}],"wp:featuredmedia":[{"embeddable":true,"href":"https:\/\/www.europesays.com\/fr\/wp-json\/wp\/v2\/media\/447213"}],"wp:attachment":[{"href":"https:\/\/www.europesays.com\/fr\/wp-json\/wp\/v2\/media?parent=447212"}],"wp:term":[{"taxonomy":"category","embeddable":true,"href":"https:\/\/www.europesays.com\/fr\/wp-json\/wp\/v2\/categories?post=447212"},{"taxonomy":"post_tag","embeddable":true,"href":"https:\/\/www.europesays.com\/fr\/wp-json\/wp\/v2\/tags?post=447212"}],"curies":[{"name":"wp","href":"https:\/\/api.w.org\/{rel}","templated":true}]}}